{"id":52901,"date":"2015-11-20T11:28:03","date_gmt":"2015-11-20T09:28:03","guid":{"rendered":"http:\/\/www.sana.sy\/tr\/?p=52901"},"modified":"2015-11-20T11:28:03","modified_gmt":"2015-11-20T09:28:03","slug":"bogdanov-lavrov-ve-muallim-onumuzdeki-hafta-bir-araya-geliyor","status":"publish","type":"post","link":"https:\/\/archive.sana.sy\/tr\/?p=52901","title":{"rendered":"Bogdanov: Lavrov ve Muallim \u00d6n\u00fcm\u00fczdeki Hafta Bir Araya Geliyor"},"content":{"rendered":"<p>MOSKOVA \u2013 Rusya Ba\u015fkan\u0131 Ortado\u011fu ve Kuzey Afrika \u00d6zel Temsilcisi ve D\u0131\u015fi\u015fleri Bakan\u0131 Yard\u0131mc\u0131s\u0131 Mikhail Bogdanov; Rusya D\u0131\u015fi\u015fleri Bakan\u0131 Sergey Lavrov ile Suriye D\u0131\u015fi\u015fleri ve Gurbet\u00e7iler Bakan\u0131 Velit el Muallim\u2019in 27 Kas\u0131m tarihinde Moskova\u2019da bir araya geleceklerini a\u00e7\u0131klad\u0131.<\/p>\n<p>Bogdanov d\u00fcn yapt\u0131\u011f\u0131 ve Rusya Today Haber Sitesinde yay\u0131nlanan a\u00e7\u0131klamas\u0131nda \u00f6n\u00fcm\u00fczdeki hafta Lavrov\u2019un Muallim ile bir araya gelece\u011fini ifade eder bu g\u00f6r\u00fc\u015fmelerde, iki \u00fclkenin ter\u00f6rle m\u00fccadele alan\u0131ndaki i\u015fbirli\u011fi ve koordinasyonun sonu\u00e7lar\u0131, siyasi \u00e7\u00f6z\u00fcm s\u00fcreci ve uluslararas\u0131 bir\u00e7ok konunun g\u00fcndeme al\u0131naca\u011f\u0131n\u0131 belirtti.<\/p>\n<p>Hat\u0131rlanaca\u011f\u0131 \u00fczere D\u0131\u015fi\u015fleri ve Gurbet\u00e7iler Bakan\u0131 Muallim ge\u00e7ti\u011fimiz Haziran ay\u0131nda Moskova\u2019ya bir ziyaret d\u00fczenleyerek Rusyal\u0131 bir\u00e7ok yetkili ile temaslarda bulunmu\u015f ter\u00f6rle m\u00fccadele ve siyasi \u00e7\u00f6z\u00fcm s\u00fcrecine ili\u015fkin \u00f6nemli sonu\u00e7lar alm\u0131\u015ft\u0131.<\/p>\n<p>F.B. &#8211; R.H.<\/p>\n","protected":false},"excerpt":{"rendered":"<p>MOSKOVA \u2013 Rusya Ba\u015fkan\u0131 Ortado\u011fu ve Kuzey Afrika \u00d6zel Temsilcisi ve D\u0131\u015fi\u015fleri Bakan\u0131 Yard\u0131mc\u0131s\u0131 Mikhail Bogdanov; Rusya D\u0131\u015fi\u015fleri Bakan\u0131 Sergey Lavrov ile Suriye D\u0131\u015fi\u015fleri ve Gurbet\u00e7iler Bakan\u0131 Velit el Muallim\u2019in 27 Kas\u0131m tarihinde Moskova\u2019da bir araya geleceklerini a\u00e7\u0131klad\u0131. Bogdanov d\u00fcn yapt\u0131\u011f\u0131 ve Rusya Today Haber Sitesinde yay\u0131nlanan a\u00e7\u0131klamas\u0131nda \u00f6n\u00fcm\u00fczdeki hafta Lavrov\u2019un Muallim ile bir araya &hellip;<\/p>\n","protected":false},"author":1,"featured_media":52902,"comment_status":"closed","ping_status":"closed","sticky":false,"template":"","format":"standard","meta":{"footnotes":""},"categories":[458,459,447],"tags":[17774],"class_list":["post-52901","post","type-post","status-publish","format-standard","has-post-thumbnail","","category-dunya1","category-haberler-arap-uluslararasi-politika","category-politika","tag-bogdanov-lavrov-ve-muallim-onumuzdeki-hafta-bir-araya-geliyor"],"_links":{"self":[{"href":"https:\/\/archive.sana.sy\/tr\/index.php?rest_route=\/wp\/v2\/posts\/52901","targetHints":{"allow":["GET"]}}],"collection":[{"href":"https:\/\/archive.sana.sy\/tr\/index.php?rest_route=\/wp\/v2\/posts"}],"about":[{"href":"https:\/\/archive.sana.sy\/tr\/index.php?rest_route=\/wp\/v2\/types\/post"}],"author":[{"embeddable":true,"href":"https:\/\/archive.sana.sy\/tr\/index.php?rest_route=\/wp\/v2\/users\/1"}],"replies":[{"embeddable":true,"href":"https:\/\/archive.sana.sy\/tr\/index.php?rest_route=%2Fwp%2Fv2%2Fcomments&post=52901"}],"version-history":[{"count":0,"href":"https:\/\/archive.sana.sy\/tr\/index.php?rest_route=\/wp\/v2\/posts\/52901\/revisions"}],"wp:featuredmedia":[{"embeddable":true,"href":"https:\/\/archive.sana.sy\/tr\/index.php?rest_route=\/wp\/v2\/media\/52902"}],"wp:attachment":[{"href":"https:\/\/archive.sana.sy\/tr\/index.php?rest_route=%2Fwp%2Fv2%2Fmedia&parent=52901"}],"wp:term":[{"taxonomy":"category","embeddable":true,"href":"https:\/\/archive.sana.sy\/tr\/index.php?rest_route=%2Fwp%2Fv2%2Fcategories&post=52901"},{"taxonomy":"post_tag","embeddable":true,"href":"https:\/\/archive.sana.sy\/tr\/index.php?rest_route=%2Fwp%2Fv2%2Ftags&post=52901"}],"curies":[{"name":"wp","href":"https:\/\/api.w.org\/{rel}","templated":true}]}}