{"id":52937,"date":"2015-11-20T15:13:51","date_gmt":"2015-11-20T13:13:51","guid":{"rendered":"http:\/\/www.sana.sy\/tr\/?p=52937"},"modified":"2015-11-20T15:13:51","modified_gmt":"2015-11-20T13:13:51","slug":"askeri-kaynak-ordu-birliklerimizin-dera-beledin-nazihin-kampinda-terorist-ve-cephane-tasiyan-bir-aracini-imha-ettiklerini-soyledi","status":"publish","type":"post","link":"https:\/\/archive.sana.sy\/tr\/?p=52937","title":{"rendered":"Askeri kaynak; ordu birliklerimizin Dera Beled\u2019in Nazihin Kamp\u0131nda ter\u00f6rist ve cephane ta\u015f\u0131yan bir arac\u0131n\u0131 imha ettiklerini s\u00f6yledi"},"content":{"rendered":"<p>Askeri kaynak; ordu birliklerimizin Dera Beled\u2019in Nazihin Kamp\u0131nda ter\u00f6rist ve cephane ta\u015f\u0131yan bir arac\u0131n\u0131 imha ettiklerini s\u00f6yledi<\/p>\n","protected":false},"excerpt":{"rendered":"<p>Askeri kaynak; ordu birliklerimizin Dera Beled\u2019in Nazihin Kamp\u0131nda ter\u00f6rist ve cephane ta\u015f\u0131yan bir arac\u0131n\u0131 imha ettiklerini s\u00f6yledi<\/p>\n","protected":false},"author":1,"featured_media":0,"comment_status":"closed","ping_status":"closed","sticky":false,"template":"","format":"standard","meta":{"footnotes":""},"categories":[1],"tags":[],"class_list":["post-52937","post","type-post","status-publish","format-standard","","category-news-not-sorted"],"_links":{"self":[{"href":"https:\/\/archive.sana.sy\/tr\/index.php?rest_route=\/wp\/v2\/posts\/52937","targetHints":{"allow":["GET"]}}],"collection":[{"href":"https:\/\/archive.sana.sy\/tr\/index.php?rest_route=\/wp\/v2\/posts"}],"about":[{"href":"https:\/\/archive.sana.sy\/tr\/index.php?rest_route=\/wp\/v2\/types\/post"}],"author":[{"embeddable":true,"href":"https:\/\/archive.sana.sy\/tr\/index.php?rest_route=\/wp\/v2\/users\/1"}],"replies":[{"embeddable":true,"href":"https:\/\/archive.sana.sy\/tr\/index.php?rest_route=%2Fwp%2Fv2%2Fcomments&post=52937"}],"version-history":[{"count":0,"href":"https:\/\/archive.sana.sy\/tr\/index.php?rest_route=\/wp\/v2\/posts\/52937\/revisions"}],"wp:attachment":[{"href":"https:\/\/archive.sana.sy\/tr\/index.php?rest_route=%2Fwp%2Fv2%2Fmedia&parent=52937"}],"wp:term":[{"taxonomy":"category","embeddable":true,"href":"https:\/\/archive.sana.sy\/tr\/index.php?rest_route=%2Fwp%2Fv2%2Fcategories&post=52937"},{"taxonomy":"post_tag","embeddable":true,"href":"https:\/\/archive.sana.sy\/tr\/index.php?rest_route=%2Fwp%2Fv2%2Ftags&post=52937"}],"curies":[{"name":"wp","href":"https:\/\/api.w.org\/{rel}","templated":true}]}}