{"id":52958,"date":"2015-11-20T18:10:52","date_gmt":"2015-11-20T16:10:52","guid":{"rendered":"http:\/\/www.sana.sy\/tr\/?p=52958"},"modified":"2015-11-20T18:10:52","modified_gmt":"2015-11-20T16:10:52","slug":"beklenen-sonucu-almak-icin-operasyonlar-daha-cok-yogunlastirilmalidir","status":"publish","type":"post","link":"https:\/\/archive.sana.sy\/tr\/?p=52958","title":{"rendered":"Beklenen Sonucu Almak \u0130\u00e7in Operasyonlar Daha \u00c7ok Yo\u011funla\u015ft\u0131r\u0131lmal\u0131d\u0131r"},"content":{"rendered":"<p>MOSKOVA \u2013 Rusya Ba\u015fkan\u0131 Vladimir Putin Suriye&#8217;de ter\u00f6re kar\u015f\u0131 hava operasyonlar\u0131na kat\u0131lan Rus askerleri operasyonlar\u0131n\u0131 yo\u011funla\u015ft\u0131rmaya ve y\u00fcksek profesyonellik d\u00fczeyini d\u00fc\u015f\u00fcrmemeye \u00e7a\u011f\u0131rd\u0131.<\/p>\n<p>Moskova banliy\u00f6lerindeki ikametgah\u0131nda bug\u00fcn Rusya Savunma Bakanl\u0131\u011f\u0131n\u0131n komutanlar\u0131yla bir araya gelerek kamera ba\u011flant\u0131s\u0131 arac\u0131l\u0131\u011f\u0131 ile Rus komutanlardan askeri sunum dinleyen Putin; Suriye&#8217;deki Rus operasyonlar\u0131n takdire \u015fayan oldu\u011funu ifade etti. Putin fakat bu operasyonlarda sa\u011flanan sonu\u00e7lar\u0131n Suriye&#8217;yi ter\u00f6rden temizleme ve Rusya\u2019y\u0131 muhtemel ter\u00f6r sald\u0131r\u0131lar\u0131ndan korumak i\u00e7in hen\u00fcz yeterli olmad\u0131\u011f\u0131n\u0131, dolay\u0131s\u0131yla daha \u00e7ok yo\u011funla\u015ft\u0131r\u0131lmas\u0131 gerekti\u011fini vurgulad\u0131.<\/p>\n<p>Rusya ba\u015fkan\u0131 g\u00f6r\u00fc\u015fmede Rusya genelkurmay ba\u015fkan\u0131n\u0131 Suriye&#8217;deki Rus operasyonlara ili\u015fkin kendisine periyodik raporlar takdim etmesi g\u00f6revi verdi.<\/p>\n<p>Rusya hava g\u00fc\u00e7leri Suriye h\u00fck\u00fcmetinin talebi \u00fczerine ge\u00e7en Eyl\u00fcl ay\u0131n\u0131n 30\u2019undan beri Suriye hava g\u00fc\u00e7leriyle i\u015fbirli\u011fi i\u00e7inde ter\u00f6ristlere kar\u015f\u0131 hava operasyonlar\u0131nda bulunuyor.<\/p>\n","protected":false},"excerpt":{"rendered":"<p>MOSKOVA \u2013 Rusya Ba\u015fkan\u0131 Vladimir Putin Suriye&#8217;de ter\u00f6re kar\u015f\u0131 hava operasyonlar\u0131na kat\u0131lan Rus askerleri operasyonlar\u0131n\u0131 yo\u011funla\u015ft\u0131rmaya ve y\u00fcksek profesyonellik d\u00fczeyini d\u00fc\u015f\u00fcrmemeye \u00e7a\u011f\u0131rd\u0131. Moskova banliy\u00f6lerindeki ikametgah\u0131nda bug\u00fcn Rusya Savunma Bakanl\u0131\u011f\u0131n\u0131n komutanlar\u0131yla bir araya gelerek kamera ba\u011flant\u0131s\u0131 arac\u0131l\u0131\u011f\u0131 ile Rus komutanlardan askeri sunum dinleyen Putin; Suriye&#8217;deki Rus operasyonlar\u0131n takdire \u015fayan oldu\u011funu ifade etti. Putin fakat bu operasyonlarda &hellip;<\/p>\n","protected":false},"author":1,"featured_media":52959,"comment_status":"closed","ping_status":"closed","sticky":false,"template":"","format":"standard","meta":{"footnotes":""},"categories":[458,459,447],"tags":[17780],"class_list":["post-52958","post","type-post","status-publish","format-standard","has-post-thumbnail","","category-dunya1","category-haberler-arap-uluslararasi-politika","category-politika","tag-beklenen-sonucu-almak-icin-operasyonlar-daha-cok-yogunlastirilmalidir"],"_links":{"self":[{"href":"https:\/\/archive.sana.sy\/tr\/index.php?rest_route=\/wp\/v2\/posts\/52958","targetHints":{"allow":["GET"]}}],"collection":[{"href":"https:\/\/archive.sana.sy\/tr\/index.php?rest_route=\/wp\/v2\/posts"}],"about":[{"href":"https:\/\/archive.sana.sy\/tr\/index.php?rest_route=\/wp\/v2\/types\/post"}],"author":[{"embeddable":true,"href":"https:\/\/archive.sana.sy\/tr\/index.php?rest_route=\/wp\/v2\/users\/1"}],"replies":[{"embeddable":true,"href":"https:\/\/archive.sana.sy\/tr\/index.php?rest_route=%2Fwp%2Fv2%2Fcomments&post=52958"}],"version-history":[{"count":0,"href":"https:\/\/archive.sana.sy\/tr\/index.php?rest_route=\/wp\/v2\/posts\/52958\/revisions"}],"wp:featuredmedia":[{"embeddable":true,"href":"https:\/\/archive.sana.sy\/tr\/index.php?rest_route=\/wp\/v2\/media\/52959"}],"wp:attachment":[{"href":"https:\/\/archive.sana.sy\/tr\/index.php?rest_route=%2Fwp%2Fv2%2Fmedia&parent=52958"}],"wp:term":[{"taxonomy":"category","embeddable":true,"href":"https:\/\/archive.sana.sy\/tr\/index.php?rest_route=%2Fwp%2Fv2%2Fcategories&post=52958"},{"taxonomy":"post_tag","embeddable":true,"href":"https:\/\/archive.sana.sy\/tr\/index.php?rest_route=%2Fwp%2Fv2%2Ftags&post=52958"}],"curies":[{"name":"wp","href":"https:\/\/api.w.org\/{rel}","templated":true}]}}