{"id":52961,"date":"2015-11-20T09:39:31","date_gmt":"2015-11-20T07:39:31","guid":{"rendered":"http:\/\/www.sana.sy\/tr\/?p=52961"},"modified":"2015-11-21T11:41:05","modified_gmt":"2015-11-21T09:41:05","slug":"fransa-istihbaratinin-kendisi-itiraf-etti","status":"publish","type":"post","link":"https:\/\/archive.sana.sy\/tr\/?p=52961","title":{"rendered":"Fransa \u0130stihbarat\u0131n\u0131n Kendisi \u0130tiraf Etti"},"content":{"rendered":"<p>NEW YORK \u2013 Suriye&#8217;nin Birle\u015fmi\u015f Milletlerdeki daimi temsilcisi Be\u015f\u015far el Caferi; Suriye&#8217;nin uluslar aras\u0131 kararlar, kanunlar ve misaklar kapsam\u0131nda t\u00fcm Suriyeliler i\u00e7in insan haklar\u0131 ve temel \u00f6zg\u00fcrl\u00fck ilkelerine ba\u011fl\u0131l\u0131\u011f\u0131n\u0131 bir kez daha yineledi.<\/p>\n<p>BM genel kurulu 3. Komitesinin d\u00fcn \u2018Suriye&#8217;de insan haklar\u0131 durumu\u2019 ba\u015fl\u0131\u011f\u0131 alt\u0131nda d\u00fczenledi\u011fi oturumda Suriye ad\u0131na konu\u015fan Caferi; Suriye&#8217;de savunmas\u0131z sivil insanlar\u0131, orduyu ve hizmet kurumlar\u0131na sistematik bir \u015fekilde sald\u0131ran ter\u00f6r eylemlerinin devam etme sorumlulu\u011funu Suudi Arabistan, Katar ve T\u00fcrkiye&#8217;deki rejimlere y\u00fckledi.<\/p>\n<p>Caferi BM genel kurulunda aralar\u0131nda tarafs\u0131z \u00fclkelerin de bulundu\u011fu kimi devlet heyetlerinin 3. Komitenin \u00e7al\u0131\u015fmalar\u0131n\u0131 kendi dar \u00e7\u0131karlar\u0131 i\u00e7in f\u0131rsat kullanmalar\u0131n\u0131n esef verici bir durum oldu\u011funu s\u00f6yledi. Bu gibi durumlar\u0131n uluslar aras\u0131 kanunlar ve BM misak\u0131na ayk\u0131r\u0131 olup \u0130nsan Haklar\u0131 Komitesinin g\u00fcvenirli\u011fini olumsuz etkiledi\u011fine dikkat \u00e7eken Caferi; ayr\u0131ca \u0130nsan Haklar\u0131 komitesini sosyal ve insani g\u00f6revlerden uzakla\u015ft\u0131rd\u0131\u011f\u0131n\u0131 belirtti.<\/p>\n<p>Caferi Suudi Arabistan heyetinin m\u00fcttefikleri ad\u0131na Suriye&#8217;deki insani durumlardan s\u00f6z etmesinin mant\u0131ks\u0131zl\u0131\u011f\u0131na dikkat \u00e7ekerken; hem insan haklar\u0131n\u0131 tarihi boyunca tan\u0131mayan hem de Suriye&#8217;de tekfirci ter\u00f6ristleri destekleyen bu krall\u0131k rejiminin insan haklar\u0131, temel \u00f6zg\u00fcrl\u00fckler ve benzeri de\u011ferlerden s\u00f6z etme hakk\u0131na sahip olmad\u0131\u011f\u0131n\u0131n bir kez daha alt\u0131n\u0131 \u00e7izdi. Caferi Suudi rejiminin tarihi boyunca hem kendi vatanda\u015flar\u0131na hem de yabanc\u0131lara y\u00f6nelik despot ve karanl\u0131k ideolojili dayatmalar\u0131na dikkat \u00e7ekti.<\/p>\n<p>Suriye&#8217;de kriz \u00f6ncesinde mevcut bar\u0131\u015f, insan haklar\u0131, sosyal adalet ve ho\u015fg\u00f6r\u00fcn\u00fcn uluslar aras\u0131 raporlarla kan\u0131tl\u0131 oldu\u011funa i\u015faret eden Caferi; Suudi Arabistan, Katar ve T\u00fcrkiye&#8217;deki rejimlerin her t\u00fcrl\u00fc deste\u011fi temin ettikleri ter\u00f6r \u00f6rg\u00fctlerin yol a\u00e7t\u0131klar\u0131 durumlar\u0131n sorumlulu\u011funun bu rejimlere d\u00fc\u015ft\u00fc\u011f\u00fcn\u00fc vurgulad\u0131. Caferi bu ger\u00e7e\u011fin de art\u0131k kimseden sakl\u0131 olmad\u0131\u011f\u0131n\u0131, s\u00f6z konusu rejimler taraf\u0131ndan desteklenen ter\u00f6ristlerin yaymaya \u00e7al\u0131\u015ft\u0131klar\u0131 ter\u00f6r ve tekfircilik ideolojisinin de apa\u00e7\u0131k ortada oldu\u011funu ifade etti.<\/p>\n<p>Suudi Arabistan, Katar ve T\u00fcrkiye&#8217;deki rejimlerin d\u00fcnyan\u0131n 115 \u00fclkesinden ter\u00f6ristleri \u00f6rg\u00fctleyip e\u011fitmeleri ve silahlarla donatmalar\u0131 ard\u0131ndan Suriye&#8217;de savunmas\u0131z halka, orduya ve altyap\u0131ya kar\u015f\u0131 sald\u0131klar\u0131n\u0131 belirten Caferi; t\u00fcm bunlar\u0131n belgelerle kan\u0131tlanm\u0131\u015f olup BM ve G\u00fcvenlik Konseyine sunulmu\u015f oldu\u011funu ifade etti.<\/p>\n<p>Suriye&#8217;nin daimi temsilcisi Caferi; t\u00fcm bunlara ilaveten Suudi Arabistan ve Katar\u2019\u0131n takdim ettikleri raporda ger\u00e7ekle ilgisi olmayan \u00e7arp\u0131t\u0131lm\u0131\u015f bilgilerin yer ald\u0131\u011f\u0131na da dikkat \u00e7ekti.<\/p>\n<p>Fransa istihbarat te\u015fkilat\u0131 ba\u015fkan\u0131n\u0131n bizzat kendisinin \u2018Suriye h\u00fck\u00fcmetinin iki y\u0131l \u00f6nce Fransa ba\u015fbakan\u0131na Suriye&#8217;de faaliyet g\u00f6steren Frans\u0131z ter\u00f6ristlerin listesini g\u00f6nderdi\u011fini s\u00f6yledi\u011fine dikkat \u00e7eken Caferi; fakat Fransa\u2019n\u0131n bunu g\u00f6rmezden geldi\u011fini, Paris sald\u0131r\u0131lar\u0131n\u0131n da bunun neticesi oldu\u011funu yine bizzat Frans\u0131z istihbarat te\u015fkilat\u0131 ba\u015fkan\u0131n\u0131n itiraf etti\u011fine vurgu yapt\u0131.<\/p>\n<p>Suriye&#8217;nin t\u00fcm d\u00fcnya ad\u0131na ter\u00f6r ve tekfircilerle sava\u015ft\u0131\u011f\u0131n\u0131 belirten Caferi; ter\u00f6r tehlikesine kar\u015f\u0131 \u00e7abalar\u0131n birle\u015ftirilmesi gere\u011finin idrak edilmesi zaman\u0131 geldi\u011fini ifade etti.<\/p>\n<p>Konu\u015fmas\u0131n\u0131n sonunda Caferi; on binlerce yabanc\u0131 ter\u00f6ristin e\u011fitilip silahland\u0131r\u0131lmalar\u0131 ard\u0131ndan kom\u015fu ve daha ba\u015fka devletlerde resmi kurumlar taraf\u0131ndan ikamet izni ald\u0131klar\u0131na dikkat \u00e7ekerek, bunun ileriki s\u00fcre\u00e7lerde yol a\u00e7abilecekleri tehlikeye kar\u015f\u0131 uyard\u0131.<\/p>\n","protected":false},"excerpt":{"rendered":"<p>NEW YORK \u2013 Suriye&#8217;nin Birle\u015fmi\u015f Milletlerdeki daimi temsilcisi Be\u015f\u015far el Caferi; Suriye&#8217;nin uluslar aras\u0131 kararlar, kanunlar ve misaklar kapsam\u0131nda t\u00fcm Suriyeliler i\u00e7in insan haklar\u0131 ve temel \u00f6zg\u00fcrl\u00fck ilkelerine ba\u011fl\u0131l\u0131\u011f\u0131n\u0131 bir kez daha yineledi. BM genel kurulu 3. Komitesinin d\u00fcn \u2018Suriye&#8217;de insan haklar\u0131 durumu\u2019 ba\u015fl\u0131\u011f\u0131 alt\u0131nda d\u00fczenledi\u011fi oturumda Suriye ad\u0131na konu\u015fan Caferi; Suriye&#8217;de savunmas\u0131z sivil insanlar\u0131, &hellip;<\/p>\n","protected":false},"author":1,"featured_media":52962,"comment_status":"closed","ping_status":"closed","sticky":false,"template":"","format":"standard","meta":{"footnotes":""},"categories":[458,459,447],"tags":[17781],"class_list":["post-52961","post","type-post","status-publish","format-standard","has-post-thumbnail","","category-dunya1","category-haberler-arap-uluslararasi-politika","category-politika","tag-fransa-istihbaratinin-kendisi-itiraf-etti"],"_links":{"self":[{"href":"https:\/\/archive.sana.sy\/tr\/index.php?rest_route=\/wp\/v2\/posts\/52961","targetHints":{"allow":["GET"]}}],"collection":[{"href":"https:\/\/archive.sana.sy\/tr\/index.php?rest_route=\/wp\/v2\/posts"}],"about":[{"href":"https:\/\/archive.sana.sy\/tr\/index.php?rest_route=\/wp\/v2\/types\/post"}],"author":[{"embeddable":true,"href":"https:\/\/archive.sana.sy\/tr\/index.php?rest_route=\/wp\/v2\/users\/1"}],"replies":[{"embeddable":true,"href":"https:\/\/archive.sana.sy\/tr\/index.php?rest_route=%2Fwp%2Fv2%2Fcomments&post=52961"}],"version-history":[{"count":0,"href":"https:\/\/archive.sana.sy\/tr\/index.php?rest_route=\/wp\/v2\/posts\/52961\/revisions"}],"wp:featuredmedia":[{"embeddable":true,"href":"https:\/\/archive.sana.sy\/tr\/index.php?rest_route=\/wp\/v2\/media\/52962"}],"wp:attachment":[{"href":"https:\/\/archive.sana.sy\/tr\/index.php?rest_route=%2Fwp%2Fv2%2Fmedia&parent=52961"}],"wp:term":[{"taxonomy":"category","embeddable":true,"href":"https:\/\/archive.sana.sy\/tr\/index.php?rest_route=%2Fwp%2Fv2%2Fcategories&post=52961"},{"taxonomy":"post_tag","embeddable":true,"href":"https:\/\/archive.sana.sy\/tr\/index.php?rest_route=%2Fwp%2Fv2%2Ftags&post=52961"}],"curies":[{"name":"wp","href":"https:\/\/api.w.org\/{rel}","templated":true}]}}