{"id":52967,"date":"2015-11-20T19:15:33","date_gmt":"2015-11-20T17:15:33","guid":{"rendered":"http:\/\/www.sana.sy\/tr\/?p=52967"},"modified":"2015-11-20T19:15:33","modified_gmt":"2015-11-20T17:15:33","slug":"askeri-sozcu-hava-operasyonlarinda-homs-kirsalinin-guney-sendahiye-bolgesinde-bir-kismi-agir-silahlarla-donatilmis-araclarin-tasidiklari-terorist-ve-cephaneyle-birlikte-imha-edilidgini-ifade-etti-dey","status":"publish","type":"post","link":"https:\/\/archive.sana.sy\/tr\/?p=52967","title":{"rendered":"Askeri s\u00f6zc\u00fc hava operasyonlar\u0131nda Homs k\u0131rsal\u0131n\u0131n G\u00fcney \u015eendahiye B\u00f6lgesinde bir k\u0131sm\u0131 a\u011f\u0131r silahlarla donat\u0131lm\u0131\u015f ara\u00e7lar\u0131n ta\u015f\u0131d\u0131klar\u0131 ter\u00f6rist ve cephaneyle birlikte imha edilid\u011fini ifade etti. Deyrezzor\u2019un Huveyka B\u00f6lgesinde de I\u015e\u0130D\u2019e ait bir komuta merkezine ek olarak muhtelif t\u00fcr 13 askeri arac\u0131n imha edildi\u011fini belirten kaynak; bomba d\u00fczenekleri ve m\u00fchimmat imal ettikleri iki at\u00f6lyenin havaya u\u00e7uruldu\u011funu s\u00f6zlerine ekledi."},"content":{"rendered":"<p>Askeri s\u00f6zc\u00fc hava operasyonlar\u0131nda Homs k\u0131rsal\u0131n\u0131n G\u00fcney \u015eendahiye B\u00f6lgesinde bir k\u0131sm\u0131 a\u011f\u0131r silahlarla donat\u0131lm\u0131\u015f ara\u00e7lar\u0131n ta\u015f\u0131d\u0131klar\u0131 ter\u00f6rist ve cephaneyle birlikte imha edilid\u011fini ifade etti. Deyrezzor\u2019un Huveyka B\u00f6lgesinde de I\u015e\u0130D\u2019e ait bir komuta merkezine ek olarak muhtelif t\u00fcr 13 askeri arac\u0131n imha edildi\u011fini belirten kaynak; bomba d\u00fczenekleri ve m\u00fchimmat imal ettikleri iki at\u00f6lyenin havaya u\u00e7uruldu\u011funu s\u00f6zlerine ekledi.<\/p>\n","protected":false},"excerpt":{"rendered":"<p>Askeri s\u00f6zc\u00fc hava operasyonlar\u0131nda Homs k\u0131rsal\u0131n\u0131n G\u00fcney \u015eendahiye B\u00f6lgesinde bir k\u0131sm\u0131 a\u011f\u0131r silahlarla donat\u0131lm\u0131\u015f ara\u00e7lar\u0131n ta\u015f\u0131d\u0131klar\u0131 ter\u00f6rist ve cephaneyle birlikte imha edilid\u011fini ifade etti. Deyrezzor\u2019un Huveyka B\u00f6lgesinde de I\u015e\u0130D\u2019e ait bir komuta merkezine ek olarak muhtelif t\u00fcr 13 askeri arac\u0131n imha edildi\u011fini belirten kaynak; bomba d\u00fczenekleri ve m\u00fchimmat imal ettikleri iki at\u00f6lyenin havaya u\u00e7uruldu\u011funu s\u00f6zlerine &hellip;<\/p>\n","protected":false},"author":1,"featured_media":0,"comment_status":"closed","ping_status":"closed","sticky":false,"template":"","format":"standard","meta":{"footnotes":""},"categories":[1],"tags":[],"class_list":["post-52967","post","type-post","status-publish","format-standard","","category-news-not-sorted"],"_links":{"self":[{"href":"https:\/\/archive.sana.sy\/tr\/index.php?rest_route=\/wp\/v2\/posts\/52967","targetHints":{"allow":["GET"]}}],"collection":[{"href":"https:\/\/archive.sana.sy\/tr\/index.php?rest_route=\/wp\/v2\/posts"}],"about":[{"href":"https:\/\/archive.sana.sy\/tr\/index.php?rest_route=\/wp\/v2\/types\/post"}],"author":[{"embeddable":true,"href":"https:\/\/archive.sana.sy\/tr\/index.php?rest_route=\/wp\/v2\/users\/1"}],"replies":[{"embeddable":true,"href":"https:\/\/archive.sana.sy\/tr\/index.php?rest_route=%2Fwp%2Fv2%2Fcomments&post=52967"}],"version-history":[{"count":0,"href":"https:\/\/archive.sana.sy\/tr\/index.php?rest_route=\/wp\/v2\/posts\/52967\/revisions"}],"wp:attachment":[{"href":"https:\/\/archive.sana.sy\/tr\/index.php?rest_route=%2Fwp%2Fv2%2Fmedia&parent=52967"}],"wp:term":[{"taxonomy":"category","embeddable":true,"href":"https:\/\/archive.sana.sy\/tr\/index.php?rest_route=%2Fwp%2Fv2%2Fcategories&post=52967"},{"taxonomy":"post_tag","embeddable":true,"href":"https:\/\/archive.sana.sy\/tr\/index.php?rest_route=%2Fwp%2Fv2%2Ftags&post=52967"}],"curies":[{"name":"wp","href":"https:\/\/api.w.org\/{rel}","templated":true}]}}