{"id":52990,"date":"2015-11-21T11:20:40","date_gmt":"2015-11-21T09:20:40","guid":{"rendered":"http:\/\/www.sana.sy\/tr\/?p=52990"},"modified":"2015-11-21T12:36:06","modified_gmt":"2015-11-21T10:36:06","slug":"icisleri-bakanliginda-yetkili-bir-kaynak-homs-emniyet-mudurlugunde-uyusturucuyla-mucadele-ekiplerinin-bugun-bir-uyusturucu-sebekesini-cokerttiklerini-belirtti","status":"publish","type":"post","link":"https:\/\/archive.sana.sy\/tr\/?p=52990","title":{"rendered":"\u0130\u00e7i\u015fleri Bakanl\u0131\u011f\u0131nda yetkili bir kaynak Homs Emniyet M\u00fcd\u00fcrl\u00fc\u011f\u00fcnde  uyu\u015fturucuyla m\u00fccadele ekiplerinin bug\u00fcn bir uyu\u015fturucu \u015febekesini \u00e7\u00f6kerttiklerini belirtti"},"content":{"rendered":"<p>\u0130\u00e7i\u015fleri Bakanl\u0131\u011f\u0131nda yetkili bir kaynak Homs Emniyet M\u00fcd\u00fcrl\u00fc\u011f\u00fcnde \u00a0uyu\u015fturucuyla m\u00fccadele ekiplerinin bug\u00fcn bir uyu\u015fturucu \u015febekesini \u00e7\u00f6kerttiklerini belirtti<\/p>\n","protected":false},"excerpt":{"rendered":"<p>\u0130\u00e7i\u015fleri Bakanl\u0131\u011f\u0131nda yetkili bir kaynak Homs Emniyet M\u00fcd\u00fcrl\u00fc\u011f\u00fcnde \u00a0uyu\u015fturucuyla m\u00fccadele ekiplerinin bug\u00fcn bir uyu\u015fturucu \u015febekesini \u00e7\u00f6kerttiklerini belirtti<\/p>\n","protected":false},"author":1,"featured_media":0,"comment_status":"closed","ping_status":"closed","sticky":false,"template":"","format":"standard","meta":{"footnotes":""},"categories":[1],"tags":[],"class_list":["post-52990","post","type-post","status-publish","format-standard","","category-news-not-sorted"],"_links":{"self":[{"href":"https:\/\/archive.sana.sy\/tr\/index.php?rest_route=\/wp\/v2\/posts\/52990","targetHints":{"allow":["GET"]}}],"collection":[{"href":"https:\/\/archive.sana.sy\/tr\/index.php?rest_route=\/wp\/v2\/posts"}],"about":[{"href":"https:\/\/archive.sana.sy\/tr\/index.php?rest_route=\/wp\/v2\/types\/post"}],"author":[{"embeddable":true,"href":"https:\/\/archive.sana.sy\/tr\/index.php?rest_route=\/wp\/v2\/users\/1"}],"replies":[{"embeddable":true,"href":"https:\/\/archive.sana.sy\/tr\/index.php?rest_route=%2Fwp%2Fv2%2Fcomments&post=52990"}],"version-history":[{"count":0,"href":"https:\/\/archive.sana.sy\/tr\/index.php?rest_route=\/wp\/v2\/posts\/52990\/revisions"}],"wp:attachment":[{"href":"https:\/\/archive.sana.sy\/tr\/index.php?rest_route=%2Fwp%2Fv2%2Fmedia&parent=52990"}],"wp:term":[{"taxonomy":"category","embeddable":true,"href":"https:\/\/archive.sana.sy\/tr\/index.php?rest_route=%2Fwp%2Fv2%2Fcategories&post=52990"},{"taxonomy":"post_tag","embeddable":true,"href":"https:\/\/archive.sana.sy\/tr\/index.php?rest_route=%2Fwp%2Fv2%2Ftags&post=52990"}],"curies":[{"name":"wp","href":"https:\/\/api.w.org\/{rel}","templated":true}]}}