{"id":53049,"date":"2015-11-21T17:32:14","date_gmt":"2015-11-21T15:32:14","guid":{"rendered":"http:\/\/www.sana.sy\/tr\/?p=53049"},"modified":"2015-11-21T17:32:14","modified_gmt":"2015-11-21T15:32:14","slug":"ordu-ve-silahli-kuvvetler-genel-komutani-orgeneral-bessar-el-esadin-yonlendirmeleri-dogrultusunda-genelkurmay-baskani-korgeneral-ali-abdullah-eyup-hama-ve-lazkiye-kirsallarinda-vatan-toprakla","status":"publish","type":"post","link":"https:\/\/archive.sana.sy\/tr\/?p=53049","title":{"rendered":"Ordu ve Silahl\u0131 Kuvvetler Genel Komutan\u0131 Orgeneral Be\u015f\u015far el Esad\u2019\u0131n y\u00f6nlendirmeleri do\u011frultusunda Genelkurmay Ba\u015fkan\u0131 Korgeneral Ali Abdullah Ey\u00fcp Hama ve Lazkiye k\u0131rsallar\u0131nda vatan topraklar\u0131n\u0131 tekfirci ve hain ter\u00f6ristlere kar\u015f\u0131 savunan ordu birliklerimize saha gezisinde bulundu."},"content":{"rendered":"<p>Ordu ve Silahl\u0131 Kuvvetler Genel Komutan\u0131 Orgeneral Be\u015f\u015far el Esad\u2019\u0131n y\u00f6nlendirmeleri do\u011frultusunda Genelkurmay Ba\u015fkan\u0131 Korgeneral Ali Abdullah Ey\u00fcp Hama ve Lazkiye k\u0131rsallar\u0131nda vatan topraklar\u0131n\u0131 tekfirci ve hain ter\u00f6ristlere kar\u015f\u0131 savunan ordu birliklerimize saha gezisinde bulundu.<\/p>\n","protected":false},"excerpt":{"rendered":"<p>Ordu ve Silahl\u0131 Kuvvetler Genel Komutan\u0131 Orgeneral Be\u015f\u015far el Esad\u2019\u0131n y\u00f6nlendirmeleri do\u011frultusunda Genelkurmay Ba\u015fkan\u0131 Korgeneral Ali Abdullah Ey\u00fcp Hama ve Lazkiye k\u0131rsallar\u0131nda vatan topraklar\u0131n\u0131 tekfirci ve hain ter\u00f6ristlere kar\u015f\u0131 savunan ordu birliklerimize saha gezisinde bulundu.<\/p>\n","protected":false},"author":1,"featured_media":0,"comment_status":"closed","ping_status":"closed","sticky":false,"template":"","format":"standard","meta":{"footnotes":""},"categories":[1],"tags":[],"class_list":["post-53049","post","type-post","status-publish","format-standard","","category-news-not-sorted"],"_links":{"self":[{"href":"https:\/\/archive.sana.sy\/tr\/index.php?rest_route=\/wp\/v2\/posts\/53049","targetHints":{"allow":["GET"]}}],"collection":[{"href":"https:\/\/archive.sana.sy\/tr\/index.php?rest_route=\/wp\/v2\/posts"}],"about":[{"href":"https:\/\/archive.sana.sy\/tr\/index.php?rest_route=\/wp\/v2\/types\/post"}],"author":[{"embeddable":true,"href":"https:\/\/archive.sana.sy\/tr\/index.php?rest_route=\/wp\/v2\/users\/1"}],"replies":[{"embeddable":true,"href":"https:\/\/archive.sana.sy\/tr\/index.php?rest_route=%2Fwp%2Fv2%2Fcomments&post=53049"}],"version-history":[{"count":0,"href":"https:\/\/archive.sana.sy\/tr\/index.php?rest_route=\/wp\/v2\/posts\/53049\/revisions"}],"wp:attachment":[{"href":"https:\/\/archive.sana.sy\/tr\/index.php?rest_route=%2Fwp%2Fv2%2Fmedia&parent=53049"}],"wp:term":[{"taxonomy":"category","embeddable":true,"href":"https:\/\/archive.sana.sy\/tr\/index.php?rest_route=%2Fwp%2Fv2%2Fcategories&post=53049"},{"taxonomy":"post_tag","embeddable":true,"href":"https:\/\/archive.sana.sy\/tr\/index.php?rest_route=%2Fwp%2Fv2%2Ftags&post=53049"}],"curies":[{"name":"wp","href":"https:\/\/api.w.org\/{rel}","templated":true}]}}