{"id":53069,"date":"2015-11-22T16:45:16","date_gmt":"2015-11-22T14:45:16","guid":{"rendered":"http:\/\/www.sana.sy\/tr\/?p=53069"},"modified":"2015-11-23T18:17:55","modified_gmt":"2015-11-23T16:17:55","slug":"isid-dahil-radikal-teroristler-turkiye-suudi-arabistan-ve-katarin-destekleriyle-devam-ediyor","status":"publish","type":"post","link":"https:\/\/archive.sana.sy\/tr\/?p=53069","title":{"rendered":"I\u015e\u0130D Dahil Radikal Ter\u00f6ristler T\u00fcrkiye, Suudi Arabistan ve Katar\u2019\u0131n Destekleriyle Devam Ediyor"},"content":{"rendered":"<p>\u015eam \u2013 Cumhurba\u015fkan\u0131 Be\u015f\u015far el Esad \u00c7inli Phoenix Televizyon kanal\u0131 ile m\u00fclakat\u0131nda Suriye&#8217;deki krize ili\u015fkin geli\u015fmelere \u0131\u015f\u0131k tuttu.<\/p>\n<p><span style=\"color: #0000ff\">Halk Sava\u015f\u0131 Demek \u0130\u00e7in Gerekli \u00d6zellikler Yoktur<\/span><\/p>\n<p>El Esad Suriye&#8217;de ya\u015fananlar\u0131n bir halk sava\u015f\u0131ndan ibaret olup olmad\u0131\u011f\u0131 y\u00f6n\u00fcndeki soruya cevab\u0131nda; Suriye&#8217;de ya\u015fananlar\u0131n bir halk sava\u015f\u0131 olmad\u0131\u011f\u0131n\u0131 bir kez daha belirtti. Halk sava\u015f\u0131 diye bilmek i\u00e7in toplumun muhtelif bile\u015fenleri aras\u0131nda bir \u00e7izginin olmas\u0131 gerekti\u011fine dikkat \u00e7eken el Esad; Suriye&#8217;de ise ne etnik, ne dini ne de siyasi farkl\u0131 bile\u015fenler aras\u0131nda bir ay\u0131r\u0131m \u00e7izgisinin bulunmad\u0131\u011f\u0131n\u0131 belirtti.<\/p>\n<p>Buna ek olarak halk sava\u015f\u0131nda fakt\u00f6rlerin yurti\u00e7i oldu\u011funa da i\u015faret eden el Esad; Suriye&#8217;de ise d\u00fcnyan\u0131n 100\u2019den fazla \u00fclkesinden gelen ve yabanc\u0131 devletlerce desteklenen ter\u00f6ristlerin bulundu\u011funu ifade etti. El Esad Suriye&#8217;de ter\u00f6ristleri destekleyen bir k\u0131s\u0131m devletlerin de aleni olarak hedefinin y\u00f6netimi yada kendi tabirleriyle \u2018rejimi\u2019 de\u011fi\u015ftirmek istediklerini ilan ettiklerine vurgu yapt\u0131.<\/p>\n<p><span style=\"color: #0000ff\">Ordu T\u00fcm B\u00f6lgelerde \u00d6nemli \u0130lerlemeler Kaydediyor<\/span><\/p>\n<p>Gerek askeri gerekse siyasi a\u00e7\u0131dan Suriye&#8217;de son durumlara ili\u015fkin soruya cevab\u0131nda el Esad; Suriye&#8217;de be\u015f y\u0131la yak\u0131n s\u00fcredir ter\u00f6r vebas\u0131n\u0131n nas\u0131l d\u0131\u015f g\u00fc\u00e7lerin deste\u011fi ile yay\u0131l\u0131p bir k\u0131s\u0131m b\u00f6lgeleri ele ge\u00e7irdiklerine i\u015faret etti. El Esad bu s\u00fcre i\u00e7inde Suriye ordusunun Suriye ve halk\u0131n\u0131 kahramanca savundu\u011funu ifade ederken, fakat ordunun vatan\u0131n her noktas\u0131nda bulunmas\u0131n\u0131n m\u00fcmk\u00fcn olmad\u0131\u011f\u0131n\u0131 s\u00f6yledi. Ter\u00f6ristlerin kimi devletlerden ald\u0131klar\u0131 s\u0131n\u0131rs\u0131z deste\u011fe dikkat \u00e7eken el Esad; kesilmeyen be\u015feri ve askeri deste\u011fin bu s\u00fcre i\u00e7inde oynad\u0131\u011f\u0131 role vurgu yapt\u0131.<\/p>\n<p>Rus hava g\u00fc\u00e7lerinin hava operasyonlar\u0131yla destek olmalar\u0131yla sahadaki durumlar\u0131n ciddi \u015fekilde iyi oldu\u011funu belirten el Esad; bu s\u00fcre\u00e7 i\u00e7inde Suriye ordusunun hemen hemen t\u00fcm vatan topraklar\u0131n\u0131n t\u00fcm b\u00f6lgelerinde ve t\u00fcm y\u00f6nlerde b\u00fcy\u00fck ilerlemeler kaydetti\u011fini s\u00f6ylemenin m\u00fcmk\u00fcn oldu\u011funu ifade etti.<\/p>\n<p><span style=\"color: #0000ff\">Koalisyon Zaman\u0131nda Ter\u00f6ristler Zay\u0131flamak Yerine Daha \u00c7ok Yay\u0131ld\u0131<\/span><\/p>\n<p>Rusya ve NATO\u2019nun ayn\u0131 anda Suriye&#8217;de operasyonlarda bulunmalar\u0131na ili\u015fkin soruya cevab\u0131nda el Esad; pratik geli\u015fmelerin bu soruya net bir cevap verdi\u011fini ifade etti.<\/p>\n<p>ABD komutas\u0131nda te\u015fkil edilen uluslar aras\u0131 koalisyonun bir y\u0131l s\u00fcren operasyonlar\u0131 s\u00fcresince I\u015e\u0130D ve di\u011fer tekfirci ter\u00f6r \u00f6rg\u00fctlerin daha \u00e7ok g\u00fc\u00e7lenip daha geni\u015f alanlara yay\u0131ld\u0131klar\u0131na dikkat \u00e7eken el Esad; Rusya&#8217;n\u0131n hava operasyonlar\u0131na ba\u015flamas\u0131ndan sadece bir ay sonra ayn\u0131 tekfirci ter\u00f6r \u00f6rg\u00fctleri bir\u00e7ok b\u00f6lgeden geri \u00e7ekilmeye ve ka\u00e7maya ba\u015flad\u0131klar\u0131na vurgu yapt\u0131.<\/p>\n<p>S\u00f6zlerine devam eden el Esad Rus hava operasyonlar\u0131n\u0131n ba\u015flamas\u0131 ard\u0131ndan binlerce tekfircinin T\u00fcrkiye&#8217;ye, oradan da Avrupa ya da ba\u015fka devletlere ka\u00e7t\u0131klar\u0131n\u0131 belirtti.<\/p>\n<p>El Esad bir di\u011fer noktan\u0131n ise ter\u00f6ristlerin sadece hava operasyonlar\u0131yla yok edilmelerinin m\u00fcmk\u00fcn olmad\u0131\u011f\u0131n\u0131, hava operasyonlar\u0131na e\u015f zamanl\u0131 olarak kara operasyonlar\u0131n gerekli oldu\u011funu s\u00f6yledi.<\/p>\n<p><span style=\"color: #0000ff\">Ruslar Kara G\u00fc\u00e7lerimizle Birlikte \u00c7al\u0131\u015f\u0131yor<\/span><\/p>\n<p><a href=\"http:\/\/www.sana.sy\/tr\/?attachment_id=53072\" rel=\"attachment wp-att-53072\"><img loading=\"lazy\" decoding=\"async\" class=\"size-medium wp-image-53072 alignright\" src=\"http:\/\/www.sana.sy\/tr\/wp-content\/uploads\/2015\/11\/el-Esad-12-300x168.jpg\" alt=\"el Esad 1\" width=\"300\" height=\"168\" srcset=\"https:\/\/archive.sana.sy\/tr\/wp-content\/uploads\/2015\/11\/el-Esad-12-300x168.jpg 300w, https:\/\/archive.sana.sy\/tr\/wp-content\/uploads\/2015\/11\/el-Esad-12-150x84.jpg 150w, https:\/\/archive.sana.sy\/tr\/wp-content\/uploads\/2015\/11\/el-Esad-12.jpg 660w\" sizes=\"auto, (max-width: 300px) 100vw, 300px\" \/><\/a>Rusya&#8217;n\u0131n Suriye&#8217;ye kara g\u00fc\u00e7leri g\u00f6nderip g\u00f6ndermedi\u011fi konusunda ise el Esad; Rus hava g\u00fc\u00e7lerinin operasyonlarda Suriye kara g\u00fc\u00e7leriyle i\u015fbirli\u011fi i\u00e7inde \u00e7al\u0131\u015ft\u0131klar\u0131n\u0131 belirtti. El Esad Rusya ile ABD aras\u0131ndaki cevheri anla\u015fmazl\u0131\u011f\u0131n da bu oldu\u011funa i\u015faret ederken, ABD\u2019nin Rusya gibi karada Suriye ordusuyla i\u015fbirli\u011fini kabul etmedi\u011fini s\u00f6yledi.<\/p>\n<p>S\u00f6zlerine devam eden el Esad; Suriye ile ABD ile Suriye h\u00fck\u00fcmeti aras\u0131nda kesinlikle hi\u00e7bir koordinasyonun bulunmad\u0131\u011f\u0131n\u0131 belirtti.<\/p>\n<p><span style=\"color: #0000ff\">Tek Ama\u00e7 \u00c7arp\u0131\u015fman\u0131n Olmamas\u0131d\u0131r<\/span><\/p>\n<p>Rusya ve ABD\u2019nin ge\u00e7en hafta yapt\u0131klar\u0131 ortak hava tatbikatlar\u0131 konusunda da el Esad; bunun tek amac\u0131n\u0131n ilan edildi\u011fi gibi iki taraf u\u00e7aklar\u0131 aras\u0131nda herhangi bir \u00e7arp\u0131\u015fman\u0131n \u00f6nlenmesi oldu\u011funu ifade etti.<\/p>\n<p>El Esad ABD\u2019nin ter\u00f6re kar\u015f\u0131 sava\u015fta i\u015fbirli\u011finde ciddi ya da istekli olmad\u0131\u011f\u0131n\u0131 ifade ederken, bir k\u0131s\u0131m b\u00f6lgelerde ger\u00e7ekle\u015ftirdikleri operasyonlar\u0131n amac\u0131n\u0131n ise o b\u00f6lgelerde ter\u00f6ristlerin varl\u0131\u011f\u0131n\u0131 istememeleri oldu\u011funun alt\u0131n\u0131 \u00e7izdi.<\/p>\n<p>ABD ve komutas\u0131ndaki koalisyonun bir\u00e7ok b\u00f6lgede g\u00f6z g\u00f6re g\u00f6re ter\u00f6ristlere g\u00f6z yumduklar\u0131na i\u015faret eden el Esad; \u00f6rnek olarak t\u00fcm d\u00fcnya tarihi ve medeniyeti a\u00e7\u0131s\u0131ndan b\u00fcy\u00fck bir \u00f6neme sahip antik Palmira Kentine sald\u0131r\u0131 s\u0131ras\u0131nda I\u015e\u0130D\u2019 tekfircilerine dokunmad\u0131klar\u0131na dikkat \u00e7ekti.<\/p>\n<p><span style=\"color: #0000ff\">Muhalefet Askeri De\u011fil, Siyasi Bir Kavramd\u0131r<\/span><\/p>\n<p>Suriye&#8217;de \u0131l\u0131ml\u0131 muhaliflerin olmad\u0131\u011f\u0131ndan nas\u0131l emin oldu\u011funa ili\u015fkin soruya cevab\u0131nda el Esad; \u2018\u0131l\u0131ml\u0131 muhalifler\u2019 kavram\u0131na uyacak gruplar\u0131n bulunmad\u0131\u011f\u0131n\u0131 belirtti.<\/p>\n<p>Muhalefetin askeri de\u011fil de siyasi bir kavram oldu\u011funa dikkat \u00e7eken el Esad; silah ta\u015f\u0131yan herkesin militan ya da ter\u00f6rist s\u0131fat\u0131n\u0131n do\u011fru olaca\u011f\u0131n\u0131 ifade etti. El Esad d\u00fcnyan\u0131n hi\u00e7bir yerinde silahl\u0131 gruplara muhalefet demenin mant\u0131kl\u0131 olmad\u0131\u011f\u0131n\u0131 belirtti.<\/p>\n<p>Bir di\u011fer nokta olan ve temel anla\u015fmazl\u0131k say\u0131lan\u0131n radikaller olduklar\u0131na dikkat \u00e7eken el Esad; bunlar\u0131n t\u00fcm\u00fcn\u00fcn I\u015e\u0130D ya da Nusra Cephesi arac\u0131l\u0131\u011f\u0131 ile Kaide \u00d6rg\u00fct\u00fcyle ba\u011flant\u0131l\u0131 olduklar\u0131n\u0131 belirtti. El Esad kafa kesen, \u00f6ld\u00fcrd\u00fckleri insanlar\u0131n cesetlerini tenkil eden, i\u00e7 organlar\u0131 de\u015fip yiyen g\u00f6r\u00fcnt\u00fclerle bu gruplar\u0131n ilk ba\u015ftan beri kendilerini radikal gruplar olarak fiilen tan\u0131tt\u0131klar\u0131na vurgu yapt\u0131.<\/p>\n<p>S\u00f6zlerine devam edem el Esad ger\u00e7ek muhalefete gelince bunun mevcut oldu\u011funu, bir k\u0131sm\u0131n\u0131n Suriye&#8217;de bir k\u0131sm\u0131n\u0131n da yurtd\u0131\u015f\u0131nda bulundu\u011funu belirtti. El Esad bunlar\u0131n da bir k\u0131sm\u0131n\u0131n ter\u00f6ristleri destekledi\u011fini, bir k\u0131sm\u0131n\u0131n da ter\u00f6rden uzak durup Suriye&#8217;yi destekledi\u011fini ifade etti.<\/p>\n<p><span style=\"color: #0000ff\">Gelecek \u0130\u00e7in Ka\u00e7\u0131n\u0131lmaz Bir Durum<\/span><\/p>\n<p>Rusya&#8217;n\u0131n bir k\u0131s\u0131m \u2018muhalif gruplarla\u2019 da i\u015fbirli\u011fi yapt\u0131\u011f\u0131na ili\u015fkin soruya cevab\u0131nda el Esad; Ruslar\u0131n bir k\u0131s\u0131m silahl\u0131larla \u00e7al\u0131\u015ft\u0131klar\u0131n\u0131n do\u011fru oldu\u011funu s\u00f6yledi. Suriye&#8217;nin de bir k\u0131s\u0131m b\u00f6lgelerde kimi silahl\u0131larla i\u015fbirli\u011finde oldu\u011funu belirten el Esad; fakat bunlar\u0131n radikal olmamalar\u0131yla birlikte Suriye&#8217;nin ulusal uzla\u015fma \u00e7abalar\u0131 \u00e7er\u00e7evesinde oldu\u011funa vurgu yapt\u0131.<\/p>\n<p>El Esad ulusal uzla\u015fmalar\u0131n ba\u015far\u0131l\u0131 olmas\u0131 i\u00e7in silahl\u0131 gruplarla da \u00e7al\u0131\u015fman\u0131n gerekli oldu\u011funu ifade ederken; gelecekte g\u00fcvenli\u011fin sa\u011flanmas\u0131 i\u00e7in bunun ka\u00e7\u0131n\u0131lmaz oldu\u011funa i\u015faret etti.<\/p>\n<p><span style=\"color: #0000ff\">Amerikal\u0131lar Kendileri \u0130tiraf Ediyor<\/span><\/p>\n<p>I\u015e\u0130D ve nas\u0131l te\u015fkil edildi\u011fine ili\u015fkin soruya cevab\u0131nda el Esad; I\u015e\u0130D\u2019in 2006 y\u0131l\u0131nda \u2018Irak\u2019ta \u0130slami Devlet\u2019 ad\u0131 alt\u0131nda Zerkavi liderli\u011finde kuruldu\u011funu hat\u0131rlatt\u0131. El Esad bu tekfirci \u00f6rg\u00fct\u00fcn Irak\u2019ta Amerikan i\u015fgali ya da Amerikan g\u00f6zetimi alt\u0131nda te\u015fkil edildi\u011fini, bunun da Amerikal\u0131lar\u0131n bizzat kendileri taraf\u0131ndan itiraf edildi\u011fini belirtti.<\/p>\n<p>ABD eski d\u0131\u015fi\u015fleri bakan\u0131 Hillary Clinton ve daha bir\u00e7ok yetkilinin I\u015e\u0130D ve Nusra Cephesinin Afganistan\u2019da Sovyetler Birli\u011fine kar\u015f\u0131 sava\u015fmalar\u0131 i\u00e7in Suudi finans\u0131yla te\u015fkil edilen Kaide \u00d6rg\u00fct\u00fcnden t\u00fcrediklerinin belirtildi\u011fine dikkat \u00e7eken el Esad; Suudi rejiminin aleni olarak destekleyip finanse ettikleri bu radikallerin Vahhabi ideolojisini benimsediklerine vurgu yapt\u0131.<\/p>\n<p><span style=\"color: #0000ff\">Tamam\u0131 T\u00fcrkiye Topraklar\u0131ndan Yap\u0131l\u0131yor<\/span><\/p>\n<p>Suudi Arabistan&#8217;da gerek krall\u0131k ailesi gerekse Vahhabi ideolojiye sahip ba\u015fkalar\u0131 taraf\u0131ndan I\u015e\u0130D ve benzeri radikal \u00f6rg\u00fctlere finans sa\u011fland\u0131\u011f\u0131n\u0131n herkes taraf\u0131ndan bilindi\u011fini ifade eden el Esad; lojistik destek, \u00e7al\u0131nt\u0131 petrol\u00fcn sat\u0131\u015f\u0131, yabanc\u0131 ter\u00f6ristlerin ak\u0131\u015f\u0131n\u0131n ise tamam\u0131yla T\u00fcrkiye&#8217;deki rejimin deste\u011fi ile T\u00fcrkiye \u00fczerinden yap\u0131ld\u0131\u011f\u0131n\u0131 belirtti.<\/p>\n<p>El Esad I\u015e\u0130D ve daha ba\u015fka ter\u00f6r \u00f6rg\u00fctlerin T\u00fcrkiye&#8217;yi arka bah\u00e7e olarak kulland\u0131klar\u0131n\u0131 belirtti. T\u00fcrkiye, Suudi Arabistan ve Katar olmaks\u0131z\u0131n I\u015e\u0130D\u2019in devam etmesinin kesinlikle m\u00fcmk\u00fcn olmad\u0131\u011f\u0131n\u0131 belirten el Esad; I\u015e\u0130D\u2019in Suriye&#8217;de halk taban\u0131 olmad\u0131\u011f\u0131n\u0131 da s\u00f6zlerine ekledi.<\/p>\n<p>El Esad tekfircilerin silah ve ter\u00f6rle bir k\u0131s\u0131m b\u00f6lgeleri ele ge\u00e7irdiklerini ifade etti. Bu radikal \u00f6rg\u00fctlerin pratikte g\u00fc\u00e7lerini T\u00fcrkiye&#8217;den ald\u0131klar\u0131n\u0131 ifade eden el Esad; Erdo\u011fan ve Davuto\u011flu\u2019nun da \u015fahsi olarak onlar\u0131 desteklediklerini s\u00f6yledi.<\/p>\n<p><span style=\"color: #0000ff\">I\u015e\u0130D\u2019in Atar Damar\u0131 T\u00fcrkiye\u2019dir<\/span><\/p>\n<p>Tekfirci \u00f6rg\u00fctlerin petrol sat\u0131\u015f\u0131n\u0131 nas\u0131l yapt\u0131klar\u0131na ili\u015fkin soruya cevab\u0131nda el Esad; bunun temel olarak T\u00fcrkiye \u00fczerinden yap\u0131ld\u0131\u011f\u0131n\u0131 belirtti.<\/p>\n<p>Gerek sat\u0131\u015f, gerekse mali hesaplarda T\u00fcrkiye&#8217;nin temel rol\u00fc oynad\u0131\u011f\u0131n\u0131 ifade eden el Esad; paran\u0131n ise T\u00fcrkiye h\u00fck\u00fcmetinin yan\u0131 s\u0131ra Katar ve Suudi Arabistan&#8217;dan geldi\u011fini s\u00f6zlerine ekledi.<\/p>\n<p>El Esad petrol sahalar\u0131n\u0131n genel olarak T\u00fcrkiye ve Irak s\u0131n\u0131rlar\u0131 yak\u0131nlar\u0131nda oldu\u011funa dikkat \u00e7ekerken; Irak h\u00fck\u00fcmetinin I\u015e\u0130D\u2019e kar\u015f\u0131 sava\u015fmas\u0131 nedeniyle Suriye&#8217;den \u00e7ald\u0131klar\u0131 petrol\u00fc T\u00fcrkiye \u00fczerinden T\u00fcrkiye h\u00fck\u00fcmetinin deste\u011fi ile satt\u0131klar\u0131n\u0131 belirtti.<\/p>\n<p>S\u00f6zlerine devam eden el Esad; ba\u015fka bir de\u011fi\u015fle I\u015e\u0130D\u2019in atar damar\u0131n\u0131n T\u00fcrkiye oldu\u011funu vurgulad\u0131.<\/p>\n<p><span style=\"color: #0000ff\">Erdo\u011fan \u0130slami Ad Alt\u0131nda Osmanl\u0131 \u0130mparatorlu\u011funu Yeniden Canland\u0131rabilece\u011fini D\u00fc\u015f\u00fcnd\u00fc<\/span><\/p>\n<p>Suriye&#8217;nin hem Suudi Arabistan hem de T\u00fcrkiye ile g\u00fczel ili\u015fkilerinin neden bozuldu\u011funa ili\u015fkin soruya cevab\u0131nda el Esad; T\u00fcrkiye&#8217;de mevcut ba\u015fkan Erdo\u011fan\u2019\u0131n ihvanc\u0131 ideolojiye sahip oldu\u011funu s\u00f6yledi.<\/p>\n<p>El Esad Erdo\u011fan\u2019\u0131n Tunus, Libya ve M\u0131s\u0131r\u2019da ihvanc\u0131lar\u0131n (M\u00fcsl\u00fcman Karde\u015flerin) y\u00f6netimi ele ge\u00e7irdiklerini g\u00f6rmesiyle Suriye&#8217;de de bunu ba\u015far\u0131p b\u00f6ylece Osmanl\u0131 imparatorlu\u011funu yeniden canland\u0131rabilece\u011fini d\u00fc\u015f\u00fcnd\u00fc\u011f\u00fcn\u00fc s\u00f6yledi. El Esad fakat Erdo\u011fan\u2019\u0131n bunu \u2018Osmanl\u0131\u2019 ad\u0131 alt\u0131nda de\u011fil de \u0130slami bir isim alt\u0131nda yapmaya \u00e7al\u0131\u015ft\u0131\u011f\u0131n\u0131, bunun \u00f6n\u00fcndeki tek engel olan Suriye&#8217;yi yok etmeye \u00e7al\u0131\u015ft\u0131\u011f\u0131n\u0131 ifade etti.<br \/>\nS\u00f6zlerine devam eden el Esad Erdo\u011fan\u2019\u0131n o s\u00fcre\u00e7 i\u00e7inde iki \u00fclke halklar\u0131n\u0131n refah\u0131 ve gelece\u011fi i\u00e7in at\u0131lan t\u00fcm ad\u0131mlar\u0131 g\u00f6rmezden geldi\u011fini ve ihvanc\u0131 ideolojisinin pe\u015fine s\u00fcr\u00fcklendi\u011fini s\u00f6yledi.<\/p>\n<p>Suudi Arabistan konusunda ise Suudi rejiminin Vahhabi ideolojisi nedeniyle asl\u0131nda hi\u00e7bir zaman Suriye ile ili\u015fkilerinin g\u00fczel olmad\u0131\u011f\u0131n\u0131 belirtti.<\/p>\n<p><span style=\"color: #0000ff\">Halk\u0131n \u00c7\u0131kar\u0131na Hizmet Edecek Her \u00c7abaya A\u00e7\u0131\u011f\u0131z<\/span><\/p>\n<p>Suudi Arabistan ve T\u00fcrkiye ile ili\u015fkilerin d\u00fczelmesi i\u00e7in nelerin gerekti\u011fine ili\u015fkin soruya cevab\u0131nda el Esad; politik bir \u015fahsiyet olarak kendisinin ve devlet olarak Suriye&#8217;nin halk\u0131n \u00e7\u0131karlar\u0131na hizmet edecek her \u00e7abaya a\u00e7\u0131k oldu\u011funu belirtti.<\/p>\n<p>El Esad her zaman gelece\u011fe d\u00f6n\u00fck bakmak gerekti\u011fine i\u015faret ederken; Suudi Arabistan ve T\u00fcrkiye&#8217;nin ter\u00f6re desteklerini kesmeleri halinde ili\u015fkilerin normale d\u00f6nmesinin m\u00fcmk\u00fcn oldu\u011funu belirtti. Ter\u00f6re desteklerini kesmeleri ard\u0131ndan ili\u015fkilerin halk taraf\u0131ndan belirlenece\u011fini ifade eden el Esad; sonu\u00e7 itibar\u0131yla T\u00fcrkiye&#8217;de Erdo\u011fan\u2019\u0131n politikalar\u0131na kar\u015f\u0131 olan ve Suriye&#8217;de ger\u00e7ekte ne olup bitti\u011fini idrak eden insanlar\u0131n bulundu\u011funu belirtti. El Esad bu insanlar\u0131n ayr\u0131ca ter\u00f6r ate\u015finin sadece Suriye&#8217;de s\u0131n\u0131rl\u0131 kalmayaca\u011f\u0131n\u0131, bu ate\u015fin T\u00fcrkiye&#8217;ye de uzanaca\u011f\u0131n\u0131 bildiklerine dikkat \u00e7ekti.<\/p>\n<p><span style=\"color: #0000ff\">Ufukta Do\u011facak Gelece\u011fi \u0130drak Edenler Olacakt\u0131r<\/span><\/p>\n<p>Suriye halk\u0131n\u0131n t\u00fcm bu ac\u0131lar\u0131na neden olan ter\u00f6r\u00fc destekleyen T\u00fcrkiye veya Suudi Arabistan ile ili\u015fkilerin d\u00fczelmesini kabul edip etmeyeceklerine ili\u015fkin soruya cevab\u0131nda el Esad; mevcut s\u00fcre\u00e7 i\u00e7inde hen\u00fcz yaran\u0131n taze oldu\u011funa dikkat \u00e7ekti.<\/p>\n<p>El Esad fakat zamanla halklar\u0131n geleci ve ufukta do\u011fan gelecek i\u00e7in olanlar\u0131 unutup ho\u015fg\u00f6r\u00fcl\u00fc davranacaklar\u0131n\u0131 s\u00f6yledi. El Esad sonu\u00e7 itibar\u0131yla bunu isteyecek insanlar\u0131n olaca\u011f\u0131 gibi istemeyenlerinde olaca\u011f\u0131n\u0131 s\u00f6yledi.<\/p>\n<p><span style=\"color: #0000ff\">Laik Bir Anayasa ve Y\u00f6netimden Yanay\u0131m<\/span><\/p>\n<p>Krizden sonra Suriye&#8217;nin ve kendisinin gelece\u011fine ili\u015fkin d\u00fc\u015f\u00fcnceleri konusunda bir soruya cevab\u0131nda el Esad; krizden sonras\u0131n\u0131n ter\u00f6rle ili\u015fkisi olmad\u0131\u011f\u0131n\u0131 s\u00f6yledi.<\/p>\n<p>El Esad; temel olarak Suriye&#8217;de laik bir y\u00f6netim ve laik bir anayasadan yana oldu\u011funu belirtti. Burada laiklikten kastini dine kar\u015f\u0131 de\u011fil de inan\u00e7 \u00f6zg\u00fcrl\u00fc\u011f\u00fc oldu\u011funu vurgulayan el Esad; her mezhebi ve her etni\u011fi kabul edip kapsayan bir sistemi kastetti\u011fini belirtti.<\/p>\n<p>El Esad bunun yan\u0131 s\u0131ra ekonomi ve yeniden yap\u0131lanma s\u00fcrecinin de temel \u00f6ncelik olmas\u0131 gerekti\u011fini s\u00f6zlerine ekledi.<\/p>\n<p><span style=\"color: #0000ff\">Aday Olup Olmayaca\u011f\u0131m Suriye Halk\u0131na Ba\u011fl\u0131d\u0131r<\/span><\/p>\n<p>Cumhurba\u015fkanl\u0131\u011f\u0131 se\u00e7imlerinin olmas\u0131 halinde aday olup olmayaca\u011f\u0131na ili\u015fkin soruya cevab\u0131nda ise el Esad; bunun kendisinin me\u015fru hakk\u0131 oldu\u011funu belirtti.<\/p>\n<p>El Esad fakat aday olup olmayaca\u011f\u0131n\u0131 s\u00f6ylemek i\u00e7in hen\u00fcz zaman\u0131n erken oldu\u011funu ifade ederken, bunun ancak halk taraf\u0131ndan belirlenebilece\u011fini s\u00f6yledi. Se\u00e7imlerin yakla\u015fmas\u0131yla halk\u0131n durumuna g\u00f6re karar verece\u011fini s\u00f6yleyen el Esad; gerekmesi halinde aday olaca\u011f\u0131na i\u015faret etti.<\/p>\n<p><span style=\"color: #0000ff\">Siyasi Ufuklar \u0130\u00e7in Moskova\u2019y\u0131 Ziyaret Ettim<\/span><\/p>\n<p>Moskova ziyareti konusunda da el Esad; bu ziyaretin Viyana g\u00f6r\u00fc\u015fmelerinden k\u0131sa bir s\u00fcre \u00f6nce ger\u00e7ekle\u015fti\u011fine dikkat \u00e7ekti. El Esad ziyaretten amac\u0131n siyasi ufuklar\u0131 masaya yat\u0131rmak ve at\u0131lmas\u0131 m\u00fcmk\u00fcn olan ad\u0131mlar\u0131 incelemek oldu\u011funu s\u00f6yledi.<\/p>\n<p>Viyana g\u00f6r\u00fc\u015fmelerinde bir dizi temel ba\u015fl\u0131\u011f\u0131n belirlendi\u011fine i\u015faret eden el Esad; her \u015feye ra\u011fmen sonu\u00e7ta karar\u0131n tamamen Suriyelilere ba\u011fl\u0131 oldu\u011funu s\u00f6yledi. El Esad dolay\u0131s\u0131yla Suriyeliler aras\u0131nda diyalogun ka\u00e7\u0131n\u0131lmaz oldu\u011funu, bunun i\u00e7inde Suriye&#8217;nin bir\u00e7ok kez Moskova III g\u00f6r\u00fc\u015fmelerine haz\u0131r oldu\u011funu ifade etti\u011fini s\u00f6zlerine ekledi.<\/p>\n<p><span style=\"color: #0000ff\">Krizin Zaman S\u00fcrecini de G\u00f6r\u00fc\u015ft\u00fck<\/span><\/p>\n<p>Moskova ziyaretinde krizin zaman s\u00fcresinin ele al\u0131n\u0131p al\u0131nmad\u0131\u011f\u0131na ili\u015fkin soruya cevab\u0131nda el Esad; g\u00f6r\u00fc\u015fmede bunun ele al\u0131nd\u0131\u011f\u0131n\u0131 ve o zaman buna ili\u015fkin a\u00e7\u0131klama yap\u0131ld\u0131\u011f\u0131n\u0131 belirtti.<\/p>\n<p>S\u00f6zlerine devam eden el Esad Moskova ziyaretinde herhangi bir somut siyasi ad\u0131m i\u00e7in ter\u00f6r\u00fcn yok edilmesi gerekti\u011finin alt\u0131n\u0131 \u00e7izdiklerini hat\u0131rlatt\u0131.<\/p>\n<p>G\u00fcvenlik sa\u011flanmadan hi\u00e7bir siyasi ad\u0131m\u0131n ba\u015far\u0131l\u0131 olamayaca\u011f\u0131n\u0131 bir kez daha belirten el Esad; siyasi, ekonomik ya da baka her a\u00e7\u0131dan g\u00fcvenli\u011fi sa\u011flaman\u0131n temel \u00f6ncelik oldu\u011funu vurgulad\u0131. El Esad Suriye&#8217;nin bu ger\u00e7e\u011fin \u0131\u015f\u0131\u011f\u0131nda diyalog \u00e7abalar\u0131n\u0131 s\u00fcrd\u00fcr\u00fcrken, ter\u00f6rle m\u00fccadeleyi de h\u0131z kesmeden devam ettirdi\u011fini ifade etti.<\/p>\n<p>Buna ili\u015fkin belirli bir zaman cetvelinin olup olmad\u0131\u011f\u0131 y\u00f6n\u00fcnde bir soruya cevab\u0131nda da el Esad; ter\u00f6r\u00fc yok etmenin zaman cetveli olmad\u0131\u011f\u0131 i\u00e7in krizin sona erme zaman cetvelini belirlememin de m\u00fcmk\u00fcn olmad\u0131\u011f\u0131n\u0131 ifade etti. El Esad durumun sadece Suriye ordusunun sahadaki ilerlemeleri ve sa\u011flad\u0131klar\u0131 ba\u015far\u0131larla ilgili olmad\u0131\u011f\u0131n\u0131, ayn\u0131 zamanda ba\u015fka devletlerin ter\u00f6re destekleriyle alakal\u0131 oldu\u011funun alt\u0131n\u0131 \u00e7izdi.<\/p>\n<p>Bat\u0131l\u0131 ve b\u00f6lgesel bir\u00e7ok devletin Suriye&#8217;de siyasi \u00e7\u00f6z\u00fcme inanmay\u0131p kendilerince bir zafer elde etmek i\u00e7in ter\u00f6r\u00fc desteklemekten yana olduklar\u0131na dikkat \u00e7eken el Esad; deste\u011fin kesilmesi halinde krizin bir y\u0131ll\u0131k zaman s\u00fcresi i\u00e7inde \u00e7\u00f6z\u00fclebilece\u011fini belirtti. El Esad maksimum iki y\u0131ll\u0131k s\u00fcre i\u00e7inde anayasan\u0131n tart\u0131\u015f\u0131labilece\u011fini ve halk\u0131n oylamas\u0131na sunulabilece\u011fini s\u00f6yledi.<\/p>\n<p><span style=\"color: #0000ff\">Ter\u00f6rle M\u00fccadele \u0130radesine Sahip De\u011filler<\/span><\/p>\n<p>ABD\u2019nin askeri operasyonlara kat\u0131lma konusunun Rusya ile g\u00f6r\u00fc\u015f\u00fcl\u00fcp g\u00f6r\u00fc\u015f\u00fclmedi\u011fine ilikin soruya cevab\u0131nda el Esad; bunun Moskova ziyaretinden aylar \u00f6nce Rusya&#8217;n\u0131n ter\u00f6re kar\u015f\u0131 uluslar aras\u0131 bir ittifak kurma ilan\u0131 ard\u0131ndan oldu\u011funu a\u00e7\u0131klad\u0131.<\/p>\n<p>El Esad o s\u00fcre\u00e7 i\u00e7inde ter\u00f6r\u00fc destekleyen devletlere de b\u00f6yle bir f\u0131rsat\u0131n verilmesi \u00e7abas\u0131yla Rusya ile t\u00fcm devletlerin bu ittifaka kat\u0131lma konusunu ele ald\u0131\u011f\u0131n\u0131 s\u00f6yledi. Fakat bu devletlerin \u00e7o\u011funun ter\u00f6rle m\u00fccadele iradesine sahip olmad\u0131klar\u0131n\u0131 belirten el Esad; dolay\u0131s\u0131yla Rusya&#8217;n\u0131n \u00f6nerilerini kabul etmediklerini s\u00f6yledi.<\/p>\n<p><span style=\"color: #0000ff\">\u00c7in ile Ba\u011flant\u0131lar Hi\u00e7 Kesilmedi<\/span><\/p>\n<p>\u00c7in ile Suriye aras\u0131ndaki ba\u011flant\u0131lar konusunda ise el Esad; iki \u00fclke aras\u0131ndaki ba\u011flant\u0131lar\u0131n hi\u00e7bir zaman kesilmedi\u011fini belirtti.<\/p>\n<p>Son olarak Suriyeli yetkililerin \u00c7in\u2019e i\u015f gezilerinde bulunduklar\u0131n\u0131 belirten el Esad; \u00c7in\u2019in \u015eam b\u00fcy\u00fckel\u00e7isinin de aktif bir \u015fekilde g\u00f6revini s\u00fcrd\u00fcrd\u00fc\u011f\u00fcne dikkat \u00e7ekti. \u00c7in\u2019in Suriye&#8217;deki kriz s\u00fcresince Suriye halk\u0131 ve h\u00fck\u00fcmetine ek olarak BM misak\u0131na destek olarak 4 kez veto hakk\u0131n\u0131 kulland\u0131\u011f\u0131na i\u015faret eden el Esad; iki \u00fclke aras\u0131ndaki ili\u015fkilerin istikrarl\u0131 oldu\u011funu s\u00f6yledi.<\/p>\n<p><span style=\"color: #0000ff\">Fiili Olarak Ba\u015flad\u0131k<\/span><\/p>\n<p>Yeniden yap\u0131lanma s\u00fcrecine fiili olarak ba\u015flan\u0131p ba\u015flanmad\u0131\u011f\u0131na ili\u015fkin soruya cevab\u0131nda el Esad; bu y\u00f6nde bir dizi kanunlar\u0131n \u00e7\u0131kar\u0131ld\u0131\u011f\u0131n\u0131 ve fiili olarak ba\u015fland\u0131\u011f\u0131n\u0131 belirtti.<\/p>\n<p>El Esad bu ba\u011flamda da \u00f6zellikle dost devletlerden i\u015fadamlar\u0131 ve \u015firketlerle s\u00f6zle\u015fmelerin yap\u0131lmas\u0131 \u00e7abalar\u0131 y\u00fcr\u00fct\u00fcld\u00fc\u011f\u00fcn\u00fc ifade etti.<\/p>\n<p><span style=\"color: #0000ff\">Milyarlarca Dolar Hasar Var<\/span><\/p>\n<p>Kriz s\u00fcrecince Suriye ekonomisinin u\u011frad\u0131\u011f\u0131 hasara ili\u015fkin soruya cevab\u0131nda el Esad; ekonominin b\u00fcy\u00fck zarar g\u00f6rd\u00fc\u011f\u00fcn\u00fc belirtti.<\/p>\n<p>Ter\u00f6r sald\u0131r\u0131lar\u0131 nedeniyle milyarlarca dolarl\u0131k hasar\u0131n meydana geldi\u011fini belirten el Esad; okullar\u0131n %10, devlet hastanelerinin de %30\u2019unun hizmet d\u0131\u015f\u0131 kald\u0131\u011f\u0131na dikkat \u00e7ekti. Her sava\u015fta oldu\u011fu gibi altyap\u0131 ve hizmet \u015febekelerinin b\u00fcy\u00fck zarara u\u011frad\u0131\u011f\u0131n\u0131 ifade eden el Esad; sava\u015f sonras\u0131nda yeniden yap\u0131lanma s\u00fcrecinin b\u00fcy\u00fck bir \u00f6nem ta\u015f\u0131d\u0131\u011f\u0131n\u0131 vurgulad\u0131.<\/p>\n<p><span style=\"color: #0000ff\">Suriye&#8217;nin Miras\u0131 Oldu\u011fu Kadar D\u00fcnyan\u0131n da Miras\u0131 Say\u0131l\u0131yor<\/span><\/p>\n<p>Ter\u00f6r sald\u0131r\u0131lar\u0131nda tarihi eser ve miras\u0131n g\u00f6rd\u00fc\u011f\u00fc hasar konusunda ise el Esad; Suriye&#8217;de hasar g\u00f6ren tarihi eser ve miras\u0131n sadece Suriye&#8217;nin de\u011fil, t\u00fcm insanl\u0131\u011f\u0131n ve d\u00fcnyan\u0131n miras\u0131 oldu\u011funa dikkat \u00e7ekti.<\/p>\n<p>Bir k\u0131s\u0131m antik b\u00f6lgelerin tamamen y\u0131k\u0131l\u0131p ya\u011fmaland\u0131\u011f\u0131n\u0131 belirten el Esad bunu telafi etmenin m\u00fcmk\u00fcn olmad\u0131\u011f\u0131n\u0131 s\u00f6yledi. El Esad fakat bir k\u0131s\u0131m tarihi eserlerin yurtd\u0131\u015f\u0131na ka\u00e7\u0131r\u0131ld\u0131\u011f\u0131n\u0131, bunlar\u0131n t\u00fcm\u00fcn\u00fcn de UNESCO taraf\u0131ndan belgelenip kaydedilmi\u015f oldu\u011funu, geri al\u0131nmas\u0131 i\u00e7in uluslar aras\u0131 kurumlar\u0131n i\u015fbirli\u011fi ile \u00e7al\u0131\u015f\u0131laca\u011f\u0131n\u0131 belirtti.<\/p>\n<p><span style=\"color: #0000ff\">Suriyelilerin Ac\u0131lar\u0131n\u0131 En \u0130yi Kendileri Bilirler<\/span><\/p>\n<p>M\u00fclteciler konusunda ise el Esad; Suriyelilerin kriz s\u00fcresince tarifi zor ac\u0131lar ya\u015fad\u0131klar\u0131n\u0131 ve bu ac\u0131lar\u0131 en iyi kendileri bildiklerini s\u00f6yledi.<\/p>\n<p>M\u00fcltecilerin iki ana nedeni oldu\u011funa dikkat \u00e7eken el Esad; ilkinin ter\u00f6r sald\u0131r\u0131lar\u0131 ve tehdidi, ikincisinin ise altyap\u0131 ve hizmet durumunun sabote edilmesiyle birlikte d\u0131\u015f g\u00fc\u00e7lerin uygulad\u0131klar\u0131 ekonomik yapt\u0131r\u0131mlar oldu\u011funu s\u00f6yledi.<\/p>\n<p>Ter\u00f6rden ka\u00e7anlar\u0131n b\u00fcy\u00fck \u00e7o\u011funlu\u011funun devletin kontrol\u00fcndeki b\u00f6lgelere ka\u00e7t\u0131klar\u0131na dikkat \u00e7eken el Esad; dolay\u0131s\u0131yla m\u00fclteciler meselesinin sorumlulu\u011funu Suriye h\u00fck\u00fcmetine y\u00fcklemenin mant\u0131kl\u0131 olmad\u0131\u011f\u0131n\u0131 ifade etti.<\/p>\n<p>S\u00f6zlerine devam eden el Esad ter\u00f6r\u00fc destekleyen devletlerin propagandalar\u0131na inanman\u0131n do\u011fru olmayaca\u011f\u0131n\u0131 belirterek, bu devletlerin Suriye halk\u0131na bir elinde g\u0131da di\u011fer elinde de bomba takdim etti\u011fini belirtti.<\/p>\n<p><span style=\"color: #0000ff\">Suriye Halk\u0131 G\u00fc\u00e7l\u00fc Oldu\u011funda Kendimi G\u00fc\u00e7l\u00fc Hissederim<\/span><\/p>\n<p>Be\u015f y\u0131l \u00f6ncesine g\u00f6re daha g\u00fc\u00e7l\u00fc olup olmad\u0131\u011f\u0131na ili\u015fkin bir soruya cevab\u0131nda el Esad; \u015fahsi olarak g\u00fcc\u00fcn\u00fcn Suriye halk\u0131n\u0131n g\u00fcc\u00fcne ba\u011fl\u0131 oldu\u011funu, halk\u0131n g\u00fcc\u00fcyle g\u00fc\u00e7lendi\u011fini belirtti.<\/p>\n<p>Suriye halk\u0131n\u0131n kriz s\u00fcresince b\u00fcy\u00fck kay\u0131plar verdi\u011fini ifade eden el Esad; fakat ge\u00e7en t\u00fcm bu s\u00fcreye ra\u011fmen hala ter\u00f6re kar\u015f\u0131 kararl\u0131l\u0131k ve azimle sava\u015ft\u0131\u011f\u0131n\u0131n da alt\u0131n\u0131 \u00e7izdi. El Esad Suriye halk\u0131n\u0131n d\u00fcnyan\u0131n 100\u2019den fazla \u00fclkesinden gelen ve b\u00fcy\u00fck devletlerin deste\u011fini alan ter\u00f6re kar\u015f\u0131 g\u00fc\u00e7l\u00fc bir iradeyle sava\u015ft\u0131klar\u0131n\u0131, kimi k\u00f6rfez devletlerinden akan s\u0131n\u0131rs\u0131z paraya ra\u011fmen Suriyelilerin teslim olmay\u0131p yenilmediklerini de ifade etti.<\/p>\n<p>El Esad; \u201cdolay\u0131s\u0131yla diyebilirim ki evet Suriye halk\u0131 eskisinden daha g\u00fc\u00e7l\u00fcd\u00fcr ve ter\u00f6re kar\u015f\u0131 daha da g\u00fc\u00e7 kazanmaktad\u0131r..\u201d ifadesini kulland\u0131.<\/p>\n<p><span style=\"color: #0000ff\">Halk\u0131ma G\u00fcvenim ve Vatan\u0131m \u0130\u00e7in \u00c7al\u0131\u015ft\u0131\u011f\u0131ma \u0130nand\u0131\u011f\u0131m \u0130\u00e7indir<\/span><\/p>\n<p>T\u00fcm bu s\u00fcre i\u00e7inde nas\u0131l konumunu korudu\u011funa ili\u015fkin soruya cevab\u0131nda el Esad; bunun Suriye halk\u0131na inanc\u0131n\u0131n yan\u0131 s\u0131ra Suriye ve halk\u0131 i\u00e7in \u00e7abalad\u0131\u011f\u0131ndan \u015f\u00fcphesi olmad\u0131\u011f\u0131ndan kaynakland\u0131\u011f\u0131n\u0131 ifade etti.<\/p>\n<p>Bat\u0131l\u0131 ve b\u00f6lgesel kimi devletlerin meselenin \u2018halk\u0131n\u0131 katleden cumhurba\u015fkan\u0131\u2019 meselesi oldu\u011fu imac\u0131n\u0131 vermek istedi\u011fine dikkat \u00e7eken el Esad; mant\u0131ksal olarak halk\u0131 taraf\u0131ndan desteklenmeyen bir liderin t\u00fcm bu s\u00fcre kalmas\u0131n\u0131n m\u00fcmk\u00fcn olmad\u0131\u011f\u0131n\u0131 belirtti.<\/p>\n<p>S\u00f6zlerine devam eden el Esad be\u015f y\u0131la yak\u0131n s\u00fcredir direnmenin arkas\u0131ndaki gizemin Suriye halk\u0131n\u0131n deste\u011finin yan\u0131nda bu halk\u0131n ve vatan\u0131n \u00e7\u0131karlar\u0131 u\u011fruna \u00e7abalad\u0131\u011f\u0131 inanc\u0131 oldu\u011funu belirtti.<\/p>\n<p>Bat\u0131l\u0131 devletlerin ise ne Suriye halk\u0131 ne de b\u00f6lge halklar\u0131n\u0131 hi\u00e7bir zaman anlamad\u0131klar\u0131n\u0131 belirten el Esad; onlar\u0131n her aman s\u00f6m\u00fcr\u00fc ve hegemonya i\u00e7in \u00e7ifte standartl\u0131 politikalarla ger\u00e7eklerden uzak propagandalar y\u00fcr\u00fctt\u00fcklerini belirtti.<\/p>\n<p><span style=\"color: #0000ff\">Ayn\u0131 Stratejiyi \u0130zlerdim<\/span><\/p>\n<p><a href=\"http:\/\/www.sana.sy\/tr\/?attachment_id=53074\" rel=\"attachment wp-att-53074\"><img loading=\"lazy\" decoding=\"async\" class=\"size-medium wp-image-53074 alignright\" src=\"http:\/\/www.sana.sy\/tr\/wp-content\/uploads\/2015\/11\/el-Esad-22-300x168.jpg\" alt=\"el Esad 2\" width=\"300\" height=\"168\" srcset=\"https:\/\/archive.sana.sy\/tr\/wp-content\/uploads\/2015\/11\/el-Esad-22-300x168.jpg 300w, https:\/\/archive.sana.sy\/tr\/wp-content\/uploads\/2015\/11\/el-Esad-22-150x84.jpg 150w, https:\/\/archive.sana.sy\/tr\/wp-content\/uploads\/2015\/11\/el-Esad-22.jpg 660w\" sizes=\"auto, (max-width: 300px) 100vw, 300px\" \/><\/a>Zaman\u0131n be\u015f y\u0131l \u00f6ncesine geri d\u00f6nmesi halinde ayn\u0131 \u015fekilde davran\u0131p davranmayaca\u011f\u0131na ili\u015fkin soruya cevab\u0131nda el Esad; bu meselenin strateji ve taktik a\u00e7\u0131s\u0131ndan ele al\u0131nabilece\u011fini s\u00f6yledi.<\/p>\n<p>El Esad strateji a\u00e7\u0131s\u0131ndan ilk g\u00fcnden beri ter\u00f6re kar\u015f\u0131 m\u00fccadele ve diyalog yolunu se\u00e7ti\u011fini, Suriye halk\u0131n\u0131 savunma gere\u011fine inand\u0131\u011f\u0131n\u0131 ifade ederken temelde de ba\u015fka se\u00e7ene\u011fin bulunmad\u0131\u011f\u0131n\u0131 belirtti. \u015eu anda da ayn\u0131 se\u00e7eneklerde y\u00fcr\u00fcd\u00fc\u011f\u00fcne dikkat \u00e7eken el Esad, dolay\u0131s\u0131yla staretjik olarak bir hatan\u0131n oldu\u011funu d\u00fc\u015f\u00fcnmedi\u011fini s\u00f6yledi.<\/p>\n<p>El Esad fakat taktik olarak zaman\u0131n geri d\u00f6nmesi halinde baz\u0131 meselelerde takti\u011fi de\u011fi\u015ftirmenin s\u00f6z konusu olabilece\u011fini ifade etti. Sonu\u00e7 itibariyle her insan\u0131n hata i\u015fleyebilece\u011fini s\u00f6yleyen el Esad; g\u00fcn\u00fcm\u00fczde bir k\u0131s\u0131m do\u011frular\u0131n yar\u0131n yanl\u0131\u015f olabilece\u011fini, bir k\u0131s\u0131m yanl\u0131\u015flar\u0131n da do\u011fru olabilece\u011fine i\u015faret etti.<\/p>\n<p>El Esad ge\u00e7en s\u00fcre i\u00e7inde bir k\u0131s\u0131m insanlar\u0131n Suriye i\u00e7in \u00e7al\u0131\u015ft\u0131klar\u0131n\u0131n d\u00fc\u015f\u00fcn\u00fcld\u00fc\u011f\u00fcn\u00fc, fakat sonradan g\u00f6r\u00fcld\u00fc ki bu insanlar\u0131n ter\u00f6ristlerle veya yabanc\u0131 devletlerle i\u015fbirli\u011fi i\u00e7inde olduklar\u0131n\u0131n g\u00f6r\u00fcnd\u00fc\u011f\u00fcne i\u015faret eti.<\/p>\n<p><span style=\"color: #0000ff\">\u0130nsanlara Yard\u0131mc\u0131 Olmak Her Zaman \u00d6nceli\u011fim Olmu\u015ftur<\/span><\/p>\n<p>Doktor olarak kalmas\u0131 yada cumhurba\u015fkan\u0131 olma se\u00e7ene\u011finin yenilenmesi durumunda neyi tercih edece\u011fine ili\u015fkin soruya cevab\u0131nda el Esad; doktor oldu\u011funda da kamu g\u00f6revinde bulundu\u011funu ve hi\u00e7bir azman \u00f6zel \u00e7al\u0131\u015fmad\u0131\u011f\u0131n\u0131 ifade etti.<\/p>\n<p>Cumhurba\u015fkan\u0131 g\u00f6revinin de daha geni\u015f \u00e7apl\u0131 bir kamu g\u00f6revi oldu\u011funu ifade eden el Esad; kendisi a\u00e7\u0131s\u0131ndan daha \u00e7ok insanlara yard\u0131m edebilme f\u0131rsat\u0131na sahip olmay\u0131 daha \u00e7ok tercih edece\u011fini s\u00f6yledi. El Esad cumhurba\u015fkanl\u0131\u011f\u0131 g\u00f6revinin bir meslek de\u011fil de, bir kamu hizmeti oldu\u011funu ifade etti.<\/p>\n<p>https:\/\/www.youtube.com\/watch?v=1q3wmxX8CCI<\/p>\n<p>R.H.<\/p>\n","protected":false},"excerpt":{"rendered":"<p>\u015eam \u2013 Cumhurba\u015fkan\u0131 Be\u015f\u015far el Esad \u00c7inli Phoenix Televizyon kanal\u0131 ile m\u00fclakat\u0131nda Suriye&#8217;deki krize ili\u015fkin geli\u015fmelere \u0131\u015f\u0131k tuttu. Halk Sava\u015f\u0131 Demek \u0130\u00e7in Gerekli \u00d6zellikler Yoktur El Esad Suriye&#8217;de ya\u015fananlar\u0131n bir halk sava\u015f\u0131ndan ibaret olup olmad\u0131\u011f\u0131 y\u00f6n\u00fcndeki soruya cevab\u0131nda; Suriye&#8217;de ya\u015fananlar\u0131n bir halk sava\u015f\u0131 olmad\u0131\u011f\u0131n\u0131 bir kez daha belirtti. Halk sava\u015f\u0131 diye bilmek i\u00e7in toplumun muhtelif &hellip;<\/p>\n","protected":false},"author":1,"featured_media":53070,"comment_status":"closed","ping_status":"closed","sticky":false,"template":"","format":"standard","meta":{"footnotes":""},"categories":[556,458,559,479,459,611,605,2554,2555,478],"tags":[17793,17794],"class_list":["post-53069","post","type-post","status-publish","format-standard","has-post-thumbnail","","category-basin","category-dunya1","category-dunya-basini","category-haberler-yerel","category-haberler-arap-uluslararasi-politika","category-roportaj","category-sayin-cumhurbaskani","category-suriye-ve-dunya","category-suriye-ve-turkiye","category-yerel","tag-isid-dahil-radikal-teroristler-turkiye","tag-suudi-arabistan-ve-katarin-destekleriyle-devam-ediyor"],"_links":{"self":[{"href":"https:\/\/archive.sana.sy\/tr\/index.php?rest_route=\/wp\/v2\/posts\/53069","targetHints":{"allow":["GET"]}}],"collection":[{"href":"https:\/\/archive.sana.sy\/tr\/index.php?rest_route=\/wp\/v2\/posts"}],"about":[{"href":"https:\/\/archive.sana.sy\/tr\/index.php?rest_route=\/wp\/v2\/types\/post"}],"author":[{"embeddable":true,"href":"https:\/\/archive.sana.sy\/tr\/index.php?rest_route=\/wp\/v2\/users\/1"}],"replies":[{"embeddable":true,"href":"https:\/\/archive.sana.sy\/tr\/index.php?rest_route=%2Fwp%2Fv2%2Fcomments&post=53069"}],"version-history":[{"count":0,"href":"https:\/\/archive.sana.sy\/tr\/index.php?rest_route=\/wp\/v2\/posts\/53069\/revisions"}],"wp:featuredmedia":[{"embeddable":true,"href":"https:\/\/archive.sana.sy\/tr\/index.php?rest_route=\/wp\/v2\/media\/53070"}],"wp:attachment":[{"href":"https:\/\/archive.sana.sy\/tr\/index.php?rest_route=%2Fwp%2Fv2%2Fmedia&parent=53069"}],"wp:term":[{"taxonomy":"category","embeddable":true,"href":"https:\/\/archive.sana.sy\/tr\/index.php?rest_route=%2Fwp%2Fv2%2Fcategories&post=53069"},{"taxonomy":"post_tag","embeddable":true,"href":"https:\/\/archive.sana.sy\/tr\/index.php?rest_route=%2Fwp%2Fv2%2Ftags&post=53069"}],"curies":[{"name":"wp","href":"https:\/\/api.w.org\/{rel}","templated":true}]}}