{"id":5312,"date":"2014-07-15T14:12:05","date_gmt":"2014-07-15T11:12:05","guid":{"rendered":"\/tr\/?p=5312"},"modified":"2014-07-16T00:14:33","modified_gmt":"2014-07-15T21:14:33","slug":"tunuslu-gencleri-orgutleyip-suriyeye-gonderen-turk-sebekesi-cokertildi","status":"publish","type":"post","link":"https:\/\/archive.sana.sy\/tr\/?p=5312","title":{"rendered":"Tunuslu Gen\u00e7leri \u00d6rg\u00fctleyip Suriye&#8217;ye G\u00f6nderen T\u00fcrk \u015eebekesi \u00c7\u00f6kertildi"},"content":{"rendered":"<p>TUNUS \u2013 Tunus Ter\u00f6rle M\u00fccadele Birimleri; Tunus\u2019ta ter\u00f6ristleri \u00f6rg\u00fctleyip Suriye&#8217;ye g\u00f6nderen ikisi Tunuslu di\u011ferleri T\u00fcrk olan bir \u015febekeyi \u00e7\u00f6kertti.<\/p>\n<p>Tunuslu \u015euruk Gazetesi aktard\u0131\u011f\u0131 haberinde Ter\u00f6rle M\u00fccadele Birimlerinin; \u2018cihat\u2019 ad\u0131 alt\u0131nda Tunuslu gen\u00e7leri \u00f6rg\u00fctleyip e\u011fitim ve silahlar\u0131n\u0131 temin etmesi ard\u0131ndan Suriye&#8217;ye g\u00f6nderen olduk\u00e7a tehlikeli bir \u015febekeyi yakalay\u0131p \u00e7\u00f6kertti\u011fini ifade etti.<\/p>\n<p>Habere g\u00f6re \u015febekede bulunan 3 T\u00fcrk vatanda\u015f\u0131 ile yap\u0131lan \u00f6n soru\u015fturmalarda \u015febekenin Tunuslu \u00e7ok say\u0131da genci \u2018cihat\u2019 ad\u0131 alt\u0131nda \u00f6rg\u00fctleyip Libya ya da \u0130stanbul \u00fczerinden Suriye&#8217;ye Nusra Cephesinin bulundu\u011fu b\u00f6lgelere g\u00f6nderdi\u011fi belirtildi. Soru\u015fturmalarda Tunuslu gen\u00e7lerin Suriye&#8217;de ula\u015fmalar\u0131 ard\u0131ndan bulunduklar\u0131 b\u00f6lgelerde Nusra Cephesinin emirine biat etmeleri ard\u0131ndan silah ve patlay\u0131c\u0131 e\u011fitimi ald\u0131klar\u0131, daha sonra da eylemlere kat\u0131ld\u0131klar\u0131 ifade edildi.<\/p>\n","protected":false},"excerpt":{"rendered":"<p>TUNUS \u2013 Tunus Ter\u00f6rle M\u00fccadele Birimleri; Tunus\u2019ta ter\u00f6ristleri \u00f6rg\u00fctleyip Suriye&#8217;ye g\u00f6nderen ikisi Tunuslu di\u011ferleri T\u00fcrk olan bir \u015febekeyi \u00e7\u00f6kertti. Tunuslu \u015euruk Gazetesi aktard\u0131\u011f\u0131 haberinde Ter\u00f6rle M\u00fccadele Birimlerinin; \u2018cihat\u2019 ad\u0131 alt\u0131nda Tunuslu gen\u00e7leri \u00f6rg\u00fctleyip e\u011fitim ve silahlar\u0131n\u0131 temin etmesi ard\u0131ndan Suriye&#8217;ye g\u00f6nderen olduk\u00e7a tehlikeli bir \u015febekeyi yakalay\u0131p \u00e7\u00f6kertti\u011fini ifade etti. Habere g\u00f6re \u015febekede bulunan 3 T\u00fcrk &hellip;<\/p>\n","protected":false},"author":1,"featured_media":5313,"comment_status":"closed","ping_status":"closed","sticky":false,"template":"","format":"standard","meta":{"footnotes":""},"categories":[558,556,458,459,447],"tags":[1157],"class_list":["post-5312","post","type-post","status-publish","format-standard","has-post-thumbnail","","category-arap-basini","category-basin","category-dunya1","category-haberler-arap-uluslararasi-politika","category-politika","tag-tunuslu-gencleri-orgutleyip-suriyeye-gonderen-turk-sebekesi-cokertildi"],"_links":{"self":[{"href":"https:\/\/archive.sana.sy\/tr\/index.php?rest_route=\/wp\/v2\/posts\/5312","targetHints":{"allow":["GET"]}}],"collection":[{"href":"https:\/\/archive.sana.sy\/tr\/index.php?rest_route=\/wp\/v2\/posts"}],"about":[{"href":"https:\/\/archive.sana.sy\/tr\/index.php?rest_route=\/wp\/v2\/types\/post"}],"author":[{"embeddable":true,"href":"https:\/\/archive.sana.sy\/tr\/index.php?rest_route=\/wp\/v2\/users\/1"}],"replies":[{"embeddable":true,"href":"https:\/\/archive.sana.sy\/tr\/index.php?rest_route=%2Fwp%2Fv2%2Fcomments&post=5312"}],"version-history":[{"count":0,"href":"https:\/\/archive.sana.sy\/tr\/index.php?rest_route=\/wp\/v2\/posts\/5312\/revisions"}],"wp:featuredmedia":[{"embeddable":true,"href":"https:\/\/archive.sana.sy\/tr\/index.php?rest_route=\/wp\/v2\/media\/5313"}],"wp:attachment":[{"href":"https:\/\/archive.sana.sy\/tr\/index.php?rest_route=%2Fwp%2Fv2%2Fmedia&parent=5312"}],"wp:term":[{"taxonomy":"category","embeddable":true,"href":"https:\/\/archive.sana.sy\/tr\/index.php?rest_route=%2Fwp%2Fv2%2Fcategories&post=5312"},{"taxonomy":"post_tag","embeddable":true,"href":"https:\/\/archive.sana.sy\/tr\/index.php?rest_route=%2Fwp%2Fv2%2Ftags&post=5312"}],"curies":[{"name":"wp","href":"https:\/\/api.w.org\/{rel}","templated":true}]}}