{"id":53239,"date":"2015-11-23T13:34:17","date_gmt":"2015-11-23T11:34:17","guid":{"rendered":"http:\/\/www.sana.sy\/tr\/?p=53239"},"modified":"2015-11-24T15:10:07","modified_gmt":"2015-11-24T13:10:07","slug":"ruhsat-vergisinden-muaf-tutulacaklar","status":"publish","type":"post","link":"https:\/\/archive.sana.sy\/tr\/?p=53239","title":{"rendered":"Ruhsat Vergisinden Muaf Tutulacaklar"},"content":{"rendered":"<p>\u015eAM \u2013 Cumhurba\u015fkan\u0131 Be\u015f\u015far el Esad bug\u00fcn ter\u00f6r eylemleri nedeniyle hasar g\u00f6ren emlaklerin yeniden imar\u0131nda ruhsat harc\u0131 ve vergilerden muaf tutulmas\u0131n\u0131 \u00f6ng\u00f6ren 2015\/21 say\u0131l\u0131 kanunnameyi onaylad\u0131.<\/p>\n<p>Halk Meclisinin 16 Kas\u0131m tarihli oturumunda tart\u0131\u015f\u0131p onaylamas\u0131 ard\u0131ndan cumhurba\u015fkanl\u0131\u011f\u0131na sevk etti\u011fi kanunname imar plan\u0131 dahilinde d\u00fc\u015f\u00fcp de c\u00fczi ya da tamamen hasar g\u00f6ren emlaklerin onar\u0131lmas\u0131 ya da yeniden in\u015fas\u0131nda vergi ve har\u00e7lardan muaf tutuluyor.<\/p>\n<p>R.H.<\/p>\n","protected":false},"excerpt":{"rendered":"<p>\u015eAM \u2013 Cumhurba\u015fkan\u0131 Be\u015f\u015far el Esad bug\u00fcn ter\u00f6r eylemleri nedeniyle hasar g\u00f6ren emlaklerin yeniden imar\u0131nda ruhsat harc\u0131 ve vergilerden muaf tutulmas\u0131n\u0131 \u00f6ng\u00f6ren 2015\/21 say\u0131l\u0131 kanunnameyi onaylad\u0131. Halk Meclisinin 16 Kas\u0131m tarihli oturumunda tart\u0131\u015f\u0131p onaylamas\u0131 ard\u0131ndan cumhurba\u015fkanl\u0131\u011f\u0131na sevk etti\u011fi kanunname imar plan\u0131 dahilinde d\u00fc\u015f\u00fcp de c\u00fczi ya da tamamen hasar g\u00f6ren emlaklerin onar\u0131lmas\u0131 ya da yeniden &hellip;<\/p>\n","protected":false},"author":1,"featured_media":39386,"comment_status":"closed","ping_status":"closed","sticky":false,"template":"","format":"standard","meta":{"footnotes":""},"categories":[479,605,612,599,478],"tags":[17811],"class_list":["post-53239","post","type-post","status-publish","format-standard","has-post-thumbnail","","category-haberler-yerel","category-sayin-cumhurbaskani","category-yasama-kararnameler","category-yasama-ve-kanunlar","category-yerel","tag-ruhsat-vergisinden-muaf-tutulacaklar"],"_links":{"self":[{"href":"https:\/\/archive.sana.sy\/tr\/index.php?rest_route=\/wp\/v2\/posts\/53239","targetHints":{"allow":["GET"]}}],"collection":[{"href":"https:\/\/archive.sana.sy\/tr\/index.php?rest_route=\/wp\/v2\/posts"}],"about":[{"href":"https:\/\/archive.sana.sy\/tr\/index.php?rest_route=\/wp\/v2\/types\/post"}],"author":[{"embeddable":true,"href":"https:\/\/archive.sana.sy\/tr\/index.php?rest_route=\/wp\/v2\/users\/1"}],"replies":[{"embeddable":true,"href":"https:\/\/archive.sana.sy\/tr\/index.php?rest_route=%2Fwp%2Fv2%2Fcomments&post=53239"}],"version-history":[{"count":0,"href":"https:\/\/archive.sana.sy\/tr\/index.php?rest_route=\/wp\/v2\/posts\/53239\/revisions"}],"wp:featuredmedia":[{"embeddable":true,"href":"https:\/\/archive.sana.sy\/tr\/index.php?rest_route=\/wp\/v2\/media\/39386"}],"wp:attachment":[{"href":"https:\/\/archive.sana.sy\/tr\/index.php?rest_route=%2Fwp%2Fv2%2Fmedia&parent=53239"}],"wp:term":[{"taxonomy":"category","embeddable":true,"href":"https:\/\/archive.sana.sy\/tr\/index.php?rest_route=%2Fwp%2Fv2%2Fcategories&post=53239"},{"taxonomy":"post_tag","embeddable":true,"href":"https:\/\/archive.sana.sy\/tr\/index.php?rest_route=%2Fwp%2Fv2%2Ftags&post=53239"}],"curies":[{"name":"wp","href":"https:\/\/api.w.org\/{rel}","templated":true}]}}