{"id":53248,"date":"2015-11-23T11:53:48","date_gmt":"2015-11-23T09:53:48","guid":{"rendered":"http:\/\/www.sana.sy\/tr\/?p=53248"},"modified":"2015-11-23T14:48:39","modified_gmt":"2015-11-23T12:48:39","slug":"kaynak-vatan-koruyucularimizin-lazkiye-kirsalinin-kuzeydogusuna-dusen-1154-tepesinde-geneli-afganistanli-yuksek-sayida-teroristi-oldurmeleri-ardindan-tepeyi-kontrollerine-gecirdiklerini-soyledi","status":"publish","type":"post","link":"https:\/\/archive.sana.sy\/tr\/?p=53248","title":{"rendered":"Kaynak vatan koruyucular\u0131m\u0131z\u0131n Lazkiye k\u0131rsal\u0131n\u0131n kuzeydo\u011fusuna d\u00fc\u015fen 1154 Tepesinde geneli Afganistanl\u0131 y\u00fcksek say\u0131da ter\u00f6risti \u00f6ld\u00fcrmeleri ard\u0131ndan tepeyi kontrollerine ge\u00e7irdiklerini s\u00f6yledi."},"content":{"rendered":"<p>Kaynak vatan koruyucular\u0131m\u0131z\u0131n Lazkiye k\u0131rsal\u0131n\u0131n kuzeydo\u011fusuna d\u00fc\u015fen 1154 Tepesinde geneli Afganistanl\u0131 y\u00fcksek say\u0131da ter\u00f6risti \u00f6ld\u00fcrmeleri ard\u0131ndan tepeyi kontrollerine ge\u00e7irdiklerini s\u00f6yledi.<\/p>\n","protected":false},"excerpt":{"rendered":"<p>Kaynak vatan koruyucular\u0131m\u0131z\u0131n Lazkiye k\u0131rsal\u0131n\u0131n kuzeydo\u011fusuna d\u00fc\u015fen 1154 Tepesinde geneli Afganistanl\u0131 y\u00fcksek say\u0131da ter\u00f6risti \u00f6ld\u00fcrmeleri ard\u0131ndan tepeyi kontrollerine ge\u00e7irdiklerini s\u00f6yledi.<\/p>\n","protected":false},"author":1,"featured_media":0,"comment_status":"closed","ping_status":"closed","sticky":false,"template":"","format":"standard","meta":{"footnotes":""},"categories":[1],"tags":[],"class_list":["post-53248","post","type-post","status-publish","format-standard","","category-news-not-sorted"],"_links":{"self":[{"href":"https:\/\/archive.sana.sy\/tr\/index.php?rest_route=\/wp\/v2\/posts\/53248","targetHints":{"allow":["GET"]}}],"collection":[{"href":"https:\/\/archive.sana.sy\/tr\/index.php?rest_route=\/wp\/v2\/posts"}],"about":[{"href":"https:\/\/archive.sana.sy\/tr\/index.php?rest_route=\/wp\/v2\/types\/post"}],"author":[{"embeddable":true,"href":"https:\/\/archive.sana.sy\/tr\/index.php?rest_route=\/wp\/v2\/users\/1"}],"replies":[{"embeddable":true,"href":"https:\/\/archive.sana.sy\/tr\/index.php?rest_route=%2Fwp%2Fv2%2Fcomments&post=53248"}],"version-history":[{"count":0,"href":"https:\/\/archive.sana.sy\/tr\/index.php?rest_route=\/wp\/v2\/posts\/53248\/revisions"}],"wp:attachment":[{"href":"https:\/\/archive.sana.sy\/tr\/index.php?rest_route=%2Fwp%2Fv2%2Fmedia&parent=53248"}],"wp:term":[{"taxonomy":"category","embeddable":true,"href":"https:\/\/archive.sana.sy\/tr\/index.php?rest_route=%2Fwp%2Fv2%2Fcategories&post=53248"},{"taxonomy":"post_tag","embeddable":true,"href":"https:\/\/archive.sana.sy\/tr\/index.php?rest_route=%2Fwp%2Fv2%2Ftags&post=53248"}],"curies":[{"name":"wp","href":"https:\/\/api.w.org\/{rel}","templated":true}]}}