{"id":53256,"date":"2015-11-23T15:34:07","date_gmt":"2015-11-23T13:34:07","guid":{"rendered":"http:\/\/www.sana.sy\/tr\/?p=53256"},"modified":"2015-11-23T15:34:07","modified_gmt":"2015-11-23T13:34:07","slug":"lubnan-ordusu-yine-saldirilari-cokertti","status":"publish","type":"post","link":"https:\/\/archive.sana.sy\/tr\/?p=53256","title":{"rendered":"L\u00fcbnan Ordusu Yine Sald\u0131r\u0131lar\u0131 \u00c7\u00f6kertti"},"content":{"rendered":"<p>BEYRUT \u2013 L\u00fcbnan ordusu bug\u00fcn tekfirci ter\u00f6ristlerin Ersal Da\u011flar\u0131nda askeri noktalara sald\u0131r\u0131 giri\u015fimlerini bir kez daha \u00e7\u00f6kertti.<\/p>\n<p>L\u00fcbnan Ulusal Enformasyon Ajans\u0131 yay\u0131nlad\u0131\u011f\u0131 haberde; L\u00fcbnan ordusunun Bika B\u00f6lgesinin Ersal Da\u011flar\u0131 ve Ras Bealbek m\u0131nt\u0131kalar\u0131nda askeri noktalara sald\u0131rmaya \u00e7al\u0131\u015fan tekfirci ter\u00f6ristlerin mevki ve hareketlenmelerini yo\u011fun top ate\u015fine tuttuklar\u0131n\u0131 aktard\u0131.<\/p>\n<p>L\u00fcbnan ordusu ge\u00e7en hafta i\u00e7inde tekfirci ter\u00f6ristlerin bir\u00e7ok sald\u0131r\u0131 giri\u015fimlerini \u00e7\u00f6kertmi\u015f, saflar\u0131nda direk isabetlere yol a\u00e7m\u0131\u015ft\u0131.<\/p>\n","protected":false},"excerpt":{"rendered":"<p>BEYRUT \u2013 L\u00fcbnan ordusu bug\u00fcn tekfirci ter\u00f6ristlerin Ersal Da\u011flar\u0131nda askeri noktalara sald\u0131r\u0131 giri\u015fimlerini bir kez daha \u00e7\u00f6kertti. L\u00fcbnan Ulusal Enformasyon Ajans\u0131 yay\u0131nlad\u0131\u011f\u0131 haberde; L\u00fcbnan ordusunun Bika B\u00f6lgesinin Ersal Da\u011flar\u0131 ve Ras Bealbek m\u0131nt\u0131kalar\u0131nda askeri noktalara sald\u0131rmaya \u00e7al\u0131\u015fan tekfirci ter\u00f6ristlerin mevki ve hareketlenmelerini yo\u011fun top ate\u015fine tuttuklar\u0131n\u0131 aktard\u0131. L\u00fcbnan ordusu ge\u00e7en hafta i\u00e7inde tekfirci ter\u00f6ristlerin bir\u00e7ok &hellip;<\/p>\n","protected":false},"author":1,"featured_media":53257,"comment_status":"closed","ping_status":"closed","sticky":false,"template":"","format":"standard","meta":{"footnotes":""},"categories":[458,459,447],"tags":[17814],"class_list":["post-53256","post","type-post","status-publish","format-standard","has-post-thumbnail","","category-dunya1","category-haberler-arap-uluslararasi-politika","category-politika","tag-lubnan-ordusu-yine-saldirilari-cokertti"],"_links":{"self":[{"href":"https:\/\/archive.sana.sy\/tr\/index.php?rest_route=\/wp\/v2\/posts\/53256","targetHints":{"allow":["GET"]}}],"collection":[{"href":"https:\/\/archive.sana.sy\/tr\/index.php?rest_route=\/wp\/v2\/posts"}],"about":[{"href":"https:\/\/archive.sana.sy\/tr\/index.php?rest_route=\/wp\/v2\/types\/post"}],"author":[{"embeddable":true,"href":"https:\/\/archive.sana.sy\/tr\/index.php?rest_route=\/wp\/v2\/users\/1"}],"replies":[{"embeddable":true,"href":"https:\/\/archive.sana.sy\/tr\/index.php?rest_route=%2Fwp%2Fv2%2Fcomments&post=53256"}],"version-history":[{"count":0,"href":"https:\/\/archive.sana.sy\/tr\/index.php?rest_route=\/wp\/v2\/posts\/53256\/revisions"}],"wp:featuredmedia":[{"embeddable":true,"href":"https:\/\/archive.sana.sy\/tr\/index.php?rest_route=\/wp\/v2\/media\/53257"}],"wp:attachment":[{"href":"https:\/\/archive.sana.sy\/tr\/index.php?rest_route=%2Fwp%2Fv2%2Fmedia&parent=53256"}],"wp:term":[{"taxonomy":"category","embeddable":true,"href":"https:\/\/archive.sana.sy\/tr\/index.php?rest_route=%2Fwp%2Fv2%2Fcategories&post=53256"},{"taxonomy":"post_tag","embeddable":true,"href":"https:\/\/archive.sana.sy\/tr\/index.php?rest_route=%2Fwp%2Fv2%2Ftags&post=53256"}],"curies":[{"name":"wp","href":"https:\/\/api.w.org\/{rel}","templated":true}]}}