{"id":53276,"date":"2015-11-24T11:35:47","date_gmt":"2015-11-24T09:35:47","guid":{"rendered":"http:\/\/www.sana.sy\/tr\/?p=53276"},"modified":"2015-11-24T11:35:47","modified_gmt":"2015-11-24T09:35:47","slug":"savunmasiz-sivillere-saldirilar-suruyor","status":"publish","type":"post","link":"https:\/\/archive.sana.sy\/tr\/?p=53276","title":{"rendered":"Savunmas\u0131z Sivillere Sald\u0131r\u0131lar S\u00fcr\u00fcyor"},"content":{"rendered":"<p>\u015eAM KIRSALI \u2013 Tekfirci ter\u00f6ristler dayatmalar\u0131n\u0131 reddeden savunmas\u0131z sivilleri korkak eylemlerle hedef almaya devam ediyor.<\/p>\n<p>\u015eam \u00c7evre Kent Emniyet M\u00fcd\u00fcrl\u00fc\u011f\u00fcnde bir kaynak tekfirci ter\u00f6ristlerin bug\u00fcn ba\u015fkentin g\u00fcney k\u0131rsal\u0131 Dera yolu \u00fczerine d\u00fc\u015fen Kisve Beldesindeki ekmek f\u0131r\u0131n\u0131 yak\u0131nlar\u0131na yerle\u015ftirdikleri bir bomba d\u00fczene\u011fini havaya u\u00e7urduklar\u0131n\u0131 belirtti. Kaynak hain ter\u00f6r sald\u0131r\u0131s\u0131nda 15 ya\u015flar\u0131nda gen\u00e7 bir \u00e7ocu\u011fun \u015fehit d\u00fc\u015ft\u00fc\u011f\u00fcn\u00fc, aralar\u0131nda 2 kad\u0131n\u0131n bulundu\u011fu 6 vatanda\u015f\u0131n da yaraland\u0131\u011f\u0131n\u0131 aktard\u0131.<\/p>\n<p>Suudi Arabistan\u2019\u0131n finans ve y\u00f6nlendirmeleriyle \u2018\u0130slam Ordusu\u2019 ad\u0131 alt\u0131nda faaliyet g\u00f6steren tekfirci ter\u00f6ristler d\u00fcn \u015eam ve k\u0131rsal\u0131nda sivil yerle\u015fim alanlara havanlarla sald\u0131rmalar\u0131 sonucunda 1 vatanda\u015f \u015fehit d\u00fc\u015fm\u00fc\u015f, aralar\u0131nda \u00e7ocuk ve kad\u0131nlar\u0131n bulundu\u011fu 20 vatanda\u015f da yaralanm\u0131\u015ft\u0131.<\/p>\n","protected":false},"excerpt":{"rendered":"<p>\u015eAM KIRSALI \u2013 Tekfirci ter\u00f6ristler dayatmalar\u0131n\u0131 reddeden savunmas\u0131z sivilleri korkak eylemlerle hedef almaya devam ediyor. \u015eam \u00c7evre Kent Emniyet M\u00fcd\u00fcrl\u00fc\u011f\u00fcnde bir kaynak tekfirci ter\u00f6ristlerin bug\u00fcn ba\u015fkentin g\u00fcney k\u0131rsal\u0131 Dera yolu \u00fczerine d\u00fc\u015fen Kisve Beldesindeki ekmek f\u0131r\u0131n\u0131 yak\u0131nlar\u0131na yerle\u015ftirdikleri bir bomba d\u00fczene\u011fini havaya u\u00e7urduklar\u0131n\u0131 belirtti. Kaynak hain ter\u00f6r sald\u0131r\u0131s\u0131nda 15 ya\u015flar\u0131nda gen\u00e7 bir \u00e7ocu\u011fun \u015fehit d\u00fc\u015ft\u00fc\u011f\u00fcn\u00fc, &hellip;<\/p>\n","protected":false},"author":1,"featured_media":4294,"comment_status":"closed","ping_status":"closed","sticky":false,"template":"","format":"standard","meta":{"footnotes":""},"categories":[479,575,478],"tags":[17816,10741,17817],"class_list":["post-53276","post","type-post","status-publish","format-standard","has-post-thumbnail","","category-haberler-yerel","category-olaylar-ve-gercekler","category-yerel","tag-bomba-duzenegi","tag-fuze","tag-havan"],"_links":{"self":[{"href":"https:\/\/archive.sana.sy\/tr\/index.php?rest_route=\/wp\/v2\/posts\/53276","targetHints":{"allow":["GET"]}}],"collection":[{"href":"https:\/\/archive.sana.sy\/tr\/index.php?rest_route=\/wp\/v2\/posts"}],"about":[{"href":"https:\/\/archive.sana.sy\/tr\/index.php?rest_route=\/wp\/v2\/types\/post"}],"author":[{"embeddable":true,"href":"https:\/\/archive.sana.sy\/tr\/index.php?rest_route=\/wp\/v2\/users\/1"}],"replies":[{"embeddable":true,"href":"https:\/\/archive.sana.sy\/tr\/index.php?rest_route=%2Fwp%2Fv2%2Fcomments&post=53276"}],"version-history":[{"count":0,"href":"https:\/\/archive.sana.sy\/tr\/index.php?rest_route=\/wp\/v2\/posts\/53276\/revisions"}],"wp:featuredmedia":[{"embeddable":true,"href":"https:\/\/archive.sana.sy\/tr\/index.php?rest_route=\/wp\/v2\/media\/4294"}],"wp:attachment":[{"href":"https:\/\/archive.sana.sy\/tr\/index.php?rest_route=%2Fwp%2Fv2%2Fmedia&parent=53276"}],"wp:term":[{"taxonomy":"category","embeddable":true,"href":"https:\/\/archive.sana.sy\/tr\/index.php?rest_route=%2Fwp%2Fv2%2Fcategories&post=53276"},{"taxonomy":"post_tag","embeddable":true,"href":"https:\/\/archive.sana.sy\/tr\/index.php?rest_route=%2Fwp%2Fv2%2Ftags&post=53276"}],"curies":[{"name":"wp","href":"https:\/\/api.w.org\/{rel}","templated":true}]}}