{"id":53277,"date":"2015-11-24T11:39:07","date_gmt":"2015-11-24T09:39:07","guid":{"rendered":"http:\/\/www.sana.sy\/tr\/?p=53277"},"modified":"2015-11-24T11:39:07","modified_gmt":"2015-11-24T09:39:07","slug":"rusya-savunma-bakanligi-turkiye-sinirlarina-yakin-suriye-topraklari-uzerinde-dusurulen-ucagin-turkiye-hava-sahasina-girdigi-yonundeki-aciklamalari-kesin-bir-dille-yalanlarken-ucakta-bulunan-iki-pilot","status":"publish","type":"post","link":"https:\/\/archive.sana.sy\/tr\/?p=53277","title":{"rendered":"Rusya Savunma Bakanl\u0131\u011f\u0131 T\u00fcrkiye s\u0131n\u0131rlar\u0131na yak\u0131n Suriye topraklar\u0131 \u00fczerinde d\u00fc\u015f\u00fcr\u00fclen u\u00e7a\u011f\u0131n T\u00fcrkiye hava sahas\u0131na girdi\u011fi y\u00f6n\u00fcndeki a\u00e7\u0131klamalar\u0131 kesin bir dille yalanlarken, u\u00e7akta bulunan iki pilotun para\u015f\u00fctle atlad\u0131klar\u0131n\u0131 belirtti."},"content":{"rendered":"<p>Rusya Savunma Bakanl\u0131\u011f\u0131 T\u00fcrkiye s\u0131n\u0131rlar\u0131na yak\u0131n Suriye topraklar\u0131 \u00fczerinde d\u00fc\u015f\u00fcr\u00fclen u\u00e7a\u011f\u0131n T\u00fcrkiye hava sahas\u0131na girdi\u011fi y\u00f6n\u00fcndeki a\u00e7\u0131klamalar\u0131 kesin bir dille yalanlarken, u\u00e7akta bulunan iki pilotun para\u015f\u00fctle atlad\u0131klar\u0131n\u0131 belirtti.<\/p>\n","protected":false},"excerpt":{"rendered":"<p>Rusya Savunma Bakanl\u0131\u011f\u0131 T\u00fcrkiye s\u0131n\u0131rlar\u0131na yak\u0131n Suriye topraklar\u0131 \u00fczerinde d\u00fc\u015f\u00fcr\u00fclen u\u00e7a\u011f\u0131n T\u00fcrkiye hava sahas\u0131na girdi\u011fi y\u00f6n\u00fcndeki a\u00e7\u0131klamalar\u0131 kesin bir dille yalanlarken, u\u00e7akta bulunan iki pilotun para\u015f\u00fctle atlad\u0131klar\u0131n\u0131 belirtti.<\/p>\n","protected":false},"author":1,"featured_media":0,"comment_status":"closed","ping_status":"closed","sticky":false,"template":"","format":"standard","meta":{"footnotes":""},"categories":[1],"tags":[],"class_list":["post-53277","post","type-post","status-publish","format-standard","","category-news-not-sorted"],"_links":{"self":[{"href":"https:\/\/archive.sana.sy\/tr\/index.php?rest_route=\/wp\/v2\/posts\/53277","targetHints":{"allow":["GET"]}}],"collection":[{"href":"https:\/\/archive.sana.sy\/tr\/index.php?rest_route=\/wp\/v2\/posts"}],"about":[{"href":"https:\/\/archive.sana.sy\/tr\/index.php?rest_route=\/wp\/v2\/types\/post"}],"author":[{"embeddable":true,"href":"https:\/\/archive.sana.sy\/tr\/index.php?rest_route=\/wp\/v2\/users\/1"}],"replies":[{"embeddable":true,"href":"https:\/\/archive.sana.sy\/tr\/index.php?rest_route=%2Fwp%2Fv2%2Fcomments&post=53277"}],"version-history":[{"count":0,"href":"https:\/\/archive.sana.sy\/tr\/index.php?rest_route=\/wp\/v2\/posts\/53277\/revisions"}],"wp:attachment":[{"href":"https:\/\/archive.sana.sy\/tr\/index.php?rest_route=%2Fwp%2Fv2%2Fmedia&parent=53277"}],"wp:term":[{"taxonomy":"category","embeddable":true,"href":"https:\/\/archive.sana.sy\/tr\/index.php?rest_route=%2Fwp%2Fv2%2Fcategories&post=53277"},{"taxonomy":"post_tag","embeddable":true,"href":"https:\/\/archive.sana.sy\/tr\/index.php?rest_route=%2Fwp%2Fv2%2Ftags&post=53277"}],"curies":[{"name":"wp","href":"https:\/\/api.w.org\/{rel}","templated":true}]}}