{"id":53282,"date":"2015-11-24T13:30:38","date_gmt":"2015-11-24T11:30:38","guid":{"rendered":"http:\/\/www.sana.sy\/tr\/?p=53282"},"modified":"2015-11-24T15:13:04","modified_gmt":"2015-11-24T13:13:04","slug":"dusurulen-ucak-turkiye-hava-sahasini-ihlal-etmedi","status":"publish","type":"post","link":"https:\/\/archive.sana.sy\/tr\/?p=53282","title":{"rendered":"D\u00fc\u015f\u00fcr\u00fclen U\u00e7ak T\u00fcrkiye Hava Sahas\u0131n\u0131 \u0130hlal Etmedi"},"content":{"rendered":"<p>MOSKOVA \u2013 Rusya Savunma Bakanl\u0131\u011f\u0131 Rus hava g\u00fc\u00e7lerinin Suriye&#8217;deki operasyonlar\u0131 s\u0131ras\u0131nda Rus SU-24 tipi bir sava\u015f u\u00e7a\u011f\u0131n\u0131n d\u00fc\u015ft\u00fc\u011f\u00fcn\u00fc a\u00e7\u0131klarken, u\u00e7a\u011f\u0131n karadan hedef al\u0131nm\u0131\u015f olma ihtimalini y\u00fcksek tuttu.<\/p>\n<p>Bakanl\u0131k bug\u00fcn yapt\u0131\u011f\u0131 yay\u0131nlad\u0131\u011f\u0131 ve RT web haber sitesinin aktard\u0131\u011f\u0131 beyan\u0131nda; Rus sava\u015f u\u00e7a\u011f\u0131n\u0131n T\u00fcrkiye hava sahas\u0131n\u0131 ihlal etti\u011fi y\u00f6n\u00fcndeki a\u00e7\u0131klama ve haberlerin hi\u00e7bir asl\u0131 ger\u00e7e\u011fi olmad\u0131\u011f\u0131n\u0131 belirtti. U\u00e7a\u011f\u0131n 6 km y\u00fckseklikte vuruldu\u011funu belirten Rus bakanl\u0131k; iki pilotunun para\u015f\u00fctle atlad\u0131klar\u0131n\u0131 ve onlar\u0131 bulma operasyonlar\u0131n\u0131n yap\u0131ld\u0131\u011f\u0131n\u0131 ifade etti.<\/p>\n<p>Bu arada Rusya Savunma Bakanl\u0131\u011f\u0131 Rus sava\u015f u\u00e7a\u011f\u0131n\u0131n Lazkiye k\u0131rsal\u0131nda d\u00fc\u015f\u00fcr\u00fclmesi akabinde T\u00fcrkiye&#8217;nin Moskova B\u00fcy\u00fckel\u00e7ili\u011findeki askeri ata\u015feyi \u00e7a\u011f\u0131rd\u0131\u011f\u0131n\u0131 ilan etti.<\/p>\n","protected":false},"excerpt":{"rendered":"<p>MOSKOVA \u2013 Rusya Savunma Bakanl\u0131\u011f\u0131 Rus hava g\u00fc\u00e7lerinin Suriye&#8217;deki operasyonlar\u0131 s\u0131ras\u0131nda Rus SU-24 tipi bir sava\u015f u\u00e7a\u011f\u0131n\u0131n d\u00fc\u015ft\u00fc\u011f\u00fcn\u00fc a\u00e7\u0131klarken, u\u00e7a\u011f\u0131n karadan hedef al\u0131nm\u0131\u015f olma ihtimalini y\u00fcksek tuttu. Bakanl\u0131k bug\u00fcn yapt\u0131\u011f\u0131 yay\u0131nlad\u0131\u011f\u0131 ve RT web haber sitesinin aktard\u0131\u011f\u0131 beyan\u0131nda; Rus sava\u015f u\u00e7a\u011f\u0131n\u0131n T\u00fcrkiye hava sahas\u0131n\u0131 ihlal etti\u011fi y\u00f6n\u00fcndeki a\u00e7\u0131klama ve haberlerin hi\u00e7bir asl\u0131 ger\u00e7e\u011fi olmad\u0131\u011f\u0131n\u0131 belirtti. &hellip;<\/p>\n","protected":false},"author":1,"featured_media":53283,"comment_status":"closed","ping_status":"closed","sticky":false,"template":"","format":"standard","meta":{"footnotes":""},"categories":[458,459,575,447,2554,2555],"tags":[17048,17041],"class_list":["post-53282","post","type-post","status-publish","format-standard","has-post-thumbnail","","category-dunya1","category-haberler-arap-uluslararasi-politika","category-olaylar-ve-gercekler","category-politika","category-suriye-ve-dunya","category-suriye-ve-turkiye","tag-rus-hava-gucleri","tag-rusya-savunma-bakanligi"],"_links":{"self":[{"href":"https:\/\/archive.sana.sy\/tr\/index.php?rest_route=\/wp\/v2\/posts\/53282","targetHints":{"allow":["GET"]}}],"collection":[{"href":"https:\/\/archive.sana.sy\/tr\/index.php?rest_route=\/wp\/v2\/posts"}],"about":[{"href":"https:\/\/archive.sana.sy\/tr\/index.php?rest_route=\/wp\/v2\/types\/post"}],"author":[{"embeddable":true,"href":"https:\/\/archive.sana.sy\/tr\/index.php?rest_route=\/wp\/v2\/users\/1"}],"replies":[{"embeddable":true,"href":"https:\/\/archive.sana.sy\/tr\/index.php?rest_route=%2Fwp%2Fv2%2Fcomments&post=53282"}],"version-history":[{"count":0,"href":"https:\/\/archive.sana.sy\/tr\/index.php?rest_route=\/wp\/v2\/posts\/53282\/revisions"}],"wp:featuredmedia":[{"embeddable":true,"href":"https:\/\/archive.sana.sy\/tr\/index.php?rest_route=\/wp\/v2\/media\/53283"}],"wp:attachment":[{"href":"https:\/\/archive.sana.sy\/tr\/index.php?rest_route=%2Fwp%2Fv2%2Fmedia&parent=53282"}],"wp:term":[{"taxonomy":"category","embeddable":true,"href":"https:\/\/archive.sana.sy\/tr\/index.php?rest_route=%2Fwp%2Fv2%2Fcategories&post=53282"},{"taxonomy":"post_tag","embeddable":true,"href":"https:\/\/archive.sana.sy\/tr\/index.php?rest_route=%2Fwp%2Fv2%2Ftags&post=53282"}],"curies":[{"name":"wp","href":"https:\/\/api.w.org\/{rel}","templated":true}]}}