{"id":53298,"date":"2015-11-24T13:12:13","date_gmt":"2015-11-24T11:12:13","guid":{"rendered":"http:\/\/www.sana.sy\/tr\/?p=53298"},"modified":"2015-11-24T13:12:13","modified_gmt":"2015-11-24T11:12:13","slug":"kveyris-kahramanlari-aileleriyle-bulustu","status":"publish","type":"post","link":"https:\/\/archive.sana.sy\/tr\/?p=53298","title":{"rendered":"Kveyris Kahramanlar\u0131 Aileleriyle Bulu\u015ftu"},"content":{"rendered":"<p>TARTUS \u2013 Halep k\u0131rsal\u0131n\u0131n do\u011fusu Kveyris Havaliman\u0131nda \u00fc\u00e7 y\u0131la yak\u0131n bir s\u00fcre tekfirci ter\u00f6r \u00e7emberi i\u00e7inde dillere destan bir m\u00fccadele veren kahraman yi\u011fitlerimizin bir b\u00f6l\u00fcm\u00fc Tartus\u2019ta aileleriyle bir araya geldi.<\/p>\n<p>Resmi ve halk kitlelerinin co\u015fkuyla kar\u015f\u0131lanan kahramanlar\u0131m\u0131z\u0131n aileleri ile bulu\u015fma anlar\u0131ndan gurur verici ve ayn\u0131 zamanda g\u00f6z ya\u015fart\u0131c\u0131 anlar ya\u015fand\u0131.<\/p>\n<p>https:\/\/www.youtube.com\/watch?v=XaAW7WKd3jw<\/p>\n","protected":false},"excerpt":{"rendered":"<p>TARTUS \u2013 Halep k\u0131rsal\u0131n\u0131n do\u011fusu Kveyris Havaliman\u0131nda \u00fc\u00e7 y\u0131la yak\u0131n bir s\u00fcre tekfirci ter\u00f6r \u00e7emberi i\u00e7inde dillere destan bir m\u00fccadele veren kahraman yi\u011fitlerimizin bir b\u00f6l\u00fcm\u00fc Tartus\u2019ta aileleriyle bir araya geldi. Resmi ve halk kitlelerinin co\u015fkuyla kar\u015f\u0131lanan kahramanlar\u0131m\u0131z\u0131n aileleri ile bulu\u015fma anlar\u0131ndan gurur verici ve ayn\u0131 zamanda g\u00f6z ya\u015fart\u0131c\u0131 anlar ya\u015fand\u0131. https:\/\/www.youtube.com\/watch?v=XaAW7WKd3jw<\/p>\n","protected":false},"author":1,"featured_media":53305,"comment_status":"closed","ping_status":"closed","sticky":false,"template":"","format":"standard","meta":{"footnotes":""},"categories":[596,479,575,478],"tags":[17820],"class_list":["post-53298","post","type-post","status-publish","format-standard","has-post-thumbnail","","category-fotografli-raporlar","category-haberler-yerel","category-olaylar-ve-gercekler","category-yerel","tag-kveyris-kahramanlari-aileleriyle-bulustu"],"_links":{"self":[{"href":"https:\/\/archive.sana.sy\/tr\/index.php?rest_route=\/wp\/v2\/posts\/53298","targetHints":{"allow":["GET"]}}],"collection":[{"href":"https:\/\/archive.sana.sy\/tr\/index.php?rest_route=\/wp\/v2\/posts"}],"about":[{"href":"https:\/\/archive.sana.sy\/tr\/index.php?rest_route=\/wp\/v2\/types\/post"}],"author":[{"embeddable":true,"href":"https:\/\/archive.sana.sy\/tr\/index.php?rest_route=\/wp\/v2\/users\/1"}],"replies":[{"embeddable":true,"href":"https:\/\/archive.sana.sy\/tr\/index.php?rest_route=%2Fwp%2Fv2%2Fcomments&post=53298"}],"version-history":[{"count":0,"href":"https:\/\/archive.sana.sy\/tr\/index.php?rest_route=\/wp\/v2\/posts\/53298\/revisions"}],"wp:featuredmedia":[{"embeddable":true,"href":"https:\/\/archive.sana.sy\/tr\/index.php?rest_route=\/wp\/v2\/media\/53305"}],"wp:attachment":[{"href":"https:\/\/archive.sana.sy\/tr\/index.php?rest_route=%2Fwp%2Fv2%2Fmedia&parent=53298"}],"wp:term":[{"taxonomy":"category","embeddable":true,"href":"https:\/\/archive.sana.sy\/tr\/index.php?rest_route=%2Fwp%2Fv2%2Fcategories&post=53298"},{"taxonomy":"post_tag","embeddable":true,"href":"https:\/\/archive.sana.sy\/tr\/index.php?rest_route=%2Fwp%2Fv2%2Ftags&post=53298"}],"curies":[{"name":"wp","href":"https:\/\/api.w.org\/{rel}","templated":true}]}}