{"id":53301,"date":"2015-11-24T13:02:42","date_gmt":"2015-11-24T11:02:42","guid":{"rendered":"http:\/\/www.sana.sy\/tr\/?p=53301"},"modified":"2015-11-24T13:02:42","modified_gmt":"2015-11-24T11:02:42","slug":"lazkiye-kirsalindaki-operasyonlardan-kareler","status":"publish","type":"post","link":"https:\/\/archive.sana.sy\/tr\/?p=53301","title":{"rendered":"Lazkiye K\u0131rsal\u0131ndaki Operasyonlardan Kareler"},"content":{"rendered":"<p>LAZK\u0130YE \u2013 Lazkiye k\u0131rsal\u0131n\u0131n kuzeyinde T\u00fcrkiye\u2019deki rejimin destek ve komutas\u0131nda faaliyet g\u00f6steren \u00e7okuluslu tekfirci ve vatan hainleri ter\u00f6ristlere kar\u015f\u0131 operasyonlar ba\u015far\u0131yla devam ediyor.<\/p>\n<p>Aralar\u0131nda yabanc\u0131 ve saha komutanlar\u0131n\u0131n bulundu\u011fu onlarca ter\u00f6ristin \u00f6ld\u00fcr\u00fcld\u00fc\u011f\u00fc operasyonlarda ordu birliklerimiz kontrolleri alt\u0131ndaki b\u00f6lgeleri geni\u015fletmeye devam ediyor.<\/p>\n<p>https:\/\/www.youtube.com\/watch?v=YVgjowYxiDs<\/p>\n","protected":false},"excerpt":{"rendered":"<p>LAZK\u0130YE \u2013 Lazkiye k\u0131rsal\u0131n\u0131n kuzeyinde T\u00fcrkiye\u2019deki rejimin destek ve komutas\u0131nda faaliyet g\u00f6steren \u00e7okuluslu tekfirci ve vatan hainleri ter\u00f6ristlere kar\u015f\u0131 operasyonlar ba\u015far\u0131yla devam ediyor. Aralar\u0131nda yabanc\u0131 ve saha komutanlar\u0131n\u0131n bulundu\u011fu onlarca ter\u00f6ristin \u00f6ld\u00fcr\u00fcld\u00fc\u011f\u00fc operasyonlarda ordu birliklerimiz kontrolleri alt\u0131ndaki b\u00f6lgeleri geni\u015fletmeye devam ediyor. https:\/\/www.youtube.com\/watch?v=YVgjowYxiDs<\/p>\n","protected":false},"author":1,"featured_media":53302,"comment_status":"closed","ping_status":"closed","sticky":false,"template":"","format":"standard","meta":{"footnotes":""},"categories":[596,575,2554,2555],"tags":[],"class_list":["post-53301","post","type-post","status-publish","format-standard","has-post-thumbnail","","category-fotografli-raporlar","category-olaylar-ve-gercekler","category-suriye-ve-dunya","category-suriye-ve-turkiye"],"_links":{"self":[{"href":"https:\/\/archive.sana.sy\/tr\/index.php?rest_route=\/wp\/v2\/posts\/53301","targetHints":{"allow":["GET"]}}],"collection":[{"href":"https:\/\/archive.sana.sy\/tr\/index.php?rest_route=\/wp\/v2\/posts"}],"about":[{"href":"https:\/\/archive.sana.sy\/tr\/index.php?rest_route=\/wp\/v2\/types\/post"}],"author":[{"embeddable":true,"href":"https:\/\/archive.sana.sy\/tr\/index.php?rest_route=\/wp\/v2\/users\/1"}],"replies":[{"embeddable":true,"href":"https:\/\/archive.sana.sy\/tr\/index.php?rest_route=%2Fwp%2Fv2%2Fcomments&post=53301"}],"version-history":[{"count":0,"href":"https:\/\/archive.sana.sy\/tr\/index.php?rest_route=\/wp\/v2\/posts\/53301\/revisions"}],"wp:featuredmedia":[{"embeddable":true,"href":"https:\/\/archive.sana.sy\/tr\/index.php?rest_route=\/wp\/v2\/media\/53302"}],"wp:attachment":[{"href":"https:\/\/archive.sana.sy\/tr\/index.php?rest_route=%2Fwp%2Fv2%2Fmedia&parent=53301"}],"wp:term":[{"taxonomy":"category","embeddable":true,"href":"https:\/\/archive.sana.sy\/tr\/index.php?rest_route=%2Fwp%2Fv2%2Fcategories&post=53301"},{"taxonomy":"post_tag","embeddable":true,"href":"https:\/\/archive.sana.sy\/tr\/index.php?rest_route=%2Fwp%2Fv2%2Ftags&post=53301"}],"curies":[{"name":"wp","href":"https:\/\/api.w.org\/{rel}","templated":true}]}}