{"id":53304,"date":"2015-11-24T13:16:10","date_gmt":"2015-11-24T11:16:10","guid":{"rendered":"http:\/\/www.sana.sy\/tr\/?p=53304"},"modified":"2015-11-24T13:16:10","modified_gmt":"2015-11-24T11:16:10","slug":"rusya-baskanlik-sarayi-kremlin-rus-savas-ucaginin-suriye-hava-sahasinda-dusurulmesi-olayinin-oldukca-tehlikeli-bir-durum-oldugunu-ifade-ederken-fakat-bu-konuda-herhangi-bir-degerlendirmede-bulunmak","status":"publish","type":"post","link":"https:\/\/archive.sana.sy\/tr\/?p=53304","title":{"rendered":"Rusya Ba\u015fkanl\u0131k Saray\u0131 Kremlin; Rus sava\u015f u\u00e7a\u011f\u0131n\u0131n Suriye hava sahas\u0131nda d\u00fc\u015f\u00fcr\u00fclmesi olay\u0131n\u0131n olduk\u00e7a tehlikeli bir durum oldu\u011funu ifade ederken, fakat bu konuda herhangi bir de\u011ferlendirmede bulunmak i\u00e7in zaman\u0131n erken oldu\u011funu belirtti."},"content":{"rendered":"<p>Rusya Ba\u015fkanl\u0131k Saray\u0131 Kremlin; Rus sava\u015f u\u00e7a\u011f\u0131n\u0131n Suriye hava sahas\u0131nda d\u00fc\u015f\u00fcr\u00fclmesi olay\u0131n\u0131n olduk\u00e7a tehlikeli bir durum oldu\u011funu ifade ederken, fakat bu konuda herhangi bir de\u011ferlendirmede bulunmak i\u00e7in zaman\u0131n erken oldu\u011funu belirtti.<\/p>\n","protected":false},"excerpt":{"rendered":"<p>Rusya Ba\u015fkanl\u0131k Saray\u0131 Kremlin; Rus sava\u015f u\u00e7a\u011f\u0131n\u0131n Suriye hava sahas\u0131nda d\u00fc\u015f\u00fcr\u00fclmesi olay\u0131n\u0131n olduk\u00e7a tehlikeli bir durum oldu\u011funu ifade ederken, fakat bu konuda herhangi bir de\u011ferlendirmede bulunmak i\u00e7in zaman\u0131n erken oldu\u011funu belirtti.<\/p>\n","protected":false},"author":1,"featured_media":0,"comment_status":"closed","ping_status":"closed","sticky":false,"template":"","format":"standard","meta":{"footnotes":""},"categories":[1],"tags":[],"class_list":["post-53304","post","type-post","status-publish","format-standard","","category-news-not-sorted"],"_links":{"self":[{"href":"https:\/\/archive.sana.sy\/tr\/index.php?rest_route=\/wp\/v2\/posts\/53304","targetHints":{"allow":["GET"]}}],"collection":[{"href":"https:\/\/archive.sana.sy\/tr\/index.php?rest_route=\/wp\/v2\/posts"}],"about":[{"href":"https:\/\/archive.sana.sy\/tr\/index.php?rest_route=\/wp\/v2\/types\/post"}],"author":[{"embeddable":true,"href":"https:\/\/archive.sana.sy\/tr\/index.php?rest_route=\/wp\/v2\/users\/1"}],"replies":[{"embeddable":true,"href":"https:\/\/archive.sana.sy\/tr\/index.php?rest_route=%2Fwp%2Fv2%2Fcomments&post=53304"}],"version-history":[{"count":0,"href":"https:\/\/archive.sana.sy\/tr\/index.php?rest_route=\/wp\/v2\/posts\/53304\/revisions"}],"wp:attachment":[{"href":"https:\/\/archive.sana.sy\/tr\/index.php?rest_route=%2Fwp%2Fv2%2Fmedia&parent=53304"}],"wp:term":[{"taxonomy":"category","embeddable":true,"href":"https:\/\/archive.sana.sy\/tr\/index.php?rest_route=%2Fwp%2Fv2%2Fcategories&post=53304"},{"taxonomy":"post_tag","embeddable":true,"href":"https:\/\/archive.sana.sy\/tr\/index.php?rest_route=%2Fwp%2Fv2%2Ftags&post=53304"}],"curies":[{"name":"wp","href":"https:\/\/api.w.org\/{rel}","templated":true}]}}