{"id":53313,"date":"2015-11-24T13:34:52","date_gmt":"2015-11-24T11:34:52","guid":{"rendered":"http:\/\/www.sana.sy\/tr\/?p=53313"},"modified":"2015-11-24T13:34:52","modified_gmt":"2015-11-24T11:34:52","slug":"askeri-kaynak-sanaya-aciklamasinda-ordu-birliklerimizin-homs-kirsalinin-dogusu-tedmur-bolgesinin-guneybatisina-ilaveten-cvalik-ve-amiriye-bolgelerinde-tekfirci-teroristlerin-arac-ve-karargahl","status":"publish","type":"post","link":"https:\/\/archive.sana.sy\/tr\/?p=53313","title":{"rendered":"Askeri kaynak SANA\u2019ya a\u00e7\u0131klamas\u0131nda ordu birliklerimizin Homs k\u0131rsal\u0131n\u0131n do\u011fusu Tedmur B\u00f6lgesinin g\u00fcneybat\u0131s\u0131na ilaveten Cvalik ve Amiriye b\u00f6lgelerinde tekfirci ter\u00f6ristlerin ara\u00e7 ve karargahlar\u0131n\u0131 i\u00e7lerindeki ter\u00f6rist ve cephaneyle birlikte imha ettiklerini belirtti."},"content":{"rendered":"<p>Askeri kaynak SANA\u2019ya a\u00e7\u0131klamas\u0131nda ordu birliklerimizin Homs k\u0131rsal\u0131n\u0131n do\u011fusu Tedmur B\u00f6lgesinin g\u00fcneybat\u0131s\u0131na ilaveten Cvalik ve Amiriye b\u00f6lgelerinde tekfirci ter\u00f6ristlerin ara\u00e7 ve karargahlar\u0131n\u0131 i\u00e7lerindeki ter\u00f6rist ve cephaneyle birlikte imha ettiklerini belirtti.<\/p>\n","protected":false},"excerpt":{"rendered":"<p>Askeri kaynak SANA\u2019ya a\u00e7\u0131klamas\u0131nda ordu birliklerimizin Homs k\u0131rsal\u0131n\u0131n do\u011fusu Tedmur B\u00f6lgesinin g\u00fcneybat\u0131s\u0131na ilaveten Cvalik ve Amiriye b\u00f6lgelerinde tekfirci ter\u00f6ristlerin ara\u00e7 ve karargahlar\u0131n\u0131 i\u00e7lerindeki ter\u00f6rist ve cephaneyle birlikte imha ettiklerini belirtti.<\/p>\n","protected":false},"author":1,"featured_media":0,"comment_status":"closed","ping_status":"closed","sticky":false,"template":"","format":"standard","meta":{"footnotes":""},"categories":[1],"tags":[],"class_list":["post-53313","post","type-post","status-publish","format-standard","","category-news-not-sorted"],"_links":{"self":[{"href":"https:\/\/archive.sana.sy\/tr\/index.php?rest_route=\/wp\/v2\/posts\/53313","targetHints":{"allow":["GET"]}}],"collection":[{"href":"https:\/\/archive.sana.sy\/tr\/index.php?rest_route=\/wp\/v2\/posts"}],"about":[{"href":"https:\/\/archive.sana.sy\/tr\/index.php?rest_route=\/wp\/v2\/types\/post"}],"author":[{"embeddable":true,"href":"https:\/\/archive.sana.sy\/tr\/index.php?rest_route=\/wp\/v2\/users\/1"}],"replies":[{"embeddable":true,"href":"https:\/\/archive.sana.sy\/tr\/index.php?rest_route=%2Fwp%2Fv2%2Fcomments&post=53313"}],"version-history":[{"count":0,"href":"https:\/\/archive.sana.sy\/tr\/index.php?rest_route=\/wp\/v2\/posts\/53313\/revisions"}],"wp:attachment":[{"href":"https:\/\/archive.sana.sy\/tr\/index.php?rest_route=%2Fwp%2Fv2%2Fmedia&parent=53313"}],"wp:term":[{"taxonomy":"category","embeddable":true,"href":"https:\/\/archive.sana.sy\/tr\/index.php?rest_route=%2Fwp%2Fv2%2Fcategories&post=53313"},{"taxonomy":"post_tag","embeddable":true,"href":"https:\/\/archive.sana.sy\/tr\/index.php?rest_route=%2Fwp%2Fv2%2Ftags&post=53313"}],"curies":[{"name":"wp","href":"https:\/\/api.w.org\/{rel}","templated":true}]}}