{"id":53319,"date":"2015-11-24T13:52:39","date_gmt":"2015-11-24T11:52:39","guid":{"rendered":"http:\/\/www.sana.sy\/tr\/?p=53319"},"modified":"2015-11-24T13:52:39","modified_gmt":"2015-11-24T11:52:39","slug":"elimizde-kanitlar-var","status":"publish","type":"post","link":"https:\/\/archive.sana.sy\/tr\/?p=53319","title":{"rendered":"Elimizde Kan\u0131tlar Var"},"content":{"rendered":"<p>MOSKOVA \u2013 Rusya Ba\u015fkanl\u0131k Saray\u0131n\u0131n resmi s\u00f6zc\u00fcs\u00fc Dimitry Peskov; T\u00fcrkiye ordusunun Suriye hava sahas\u0131nda Rus bir sava\u015f u\u00e7a\u011f\u0131n\u0131 d\u00fc\u015f\u00fcrmesinin olduk\u00e7a tehlikeli bir durum oldu\u011funu, fakat bu konuda de\u011ferlendirmede bulunmak i\u00e7in hen\u00fcz erken oldu\u011funu s\u00f6yledi.<\/p>\n<p>Peskov bug\u00fcn yapt\u0131\u011f\u0131 bas\u0131n a\u00e7\u0131klamas\u0131nda d\u00fc\u015f\u00fcr\u00fclen Rus u\u00e7a\u011f\u0131n kesinlikle T\u00fcrkiye hava sahas\u0131na girmedi\u011fi ve hep Suriye semalar\u0131nda bulundu\u011funu kan\u0131tlayan g\u00f6r\u00fcnt\u00fc ve belgelerin bulundu\u011funu a\u00e7\u0131klad\u0131.<\/p>\n<p>Rusya Ba\u015fkan\u0131 Vladimir Putin\u2019in g\u00fcn\u00fcn ilerleyen saatlerinde olaya ili\u015fkin de\u011ferlendirmede bulunabilece\u011fine i\u015faret eden Peskov; portrenin tamamen netle\u015ftirilmesi \u00f6ncesinde olay\u0131n ak\u0131betine ili\u015fkin tahminlerde bulunman\u0131n do\u011fru olmayaca\u011f\u0131n\u0131 s\u00f6zlerine ekledi.<\/p>\n","protected":false},"excerpt":{"rendered":"<p>MOSKOVA \u2013 Rusya Ba\u015fkanl\u0131k Saray\u0131n\u0131n resmi s\u00f6zc\u00fcs\u00fc Dimitry Peskov; T\u00fcrkiye ordusunun Suriye hava sahas\u0131nda Rus bir sava\u015f u\u00e7a\u011f\u0131n\u0131 d\u00fc\u015f\u00fcrmesinin olduk\u00e7a tehlikeli bir durum oldu\u011funu, fakat bu konuda de\u011ferlendirmede bulunmak i\u00e7in hen\u00fcz erken oldu\u011funu s\u00f6yledi. Peskov bug\u00fcn yapt\u0131\u011f\u0131 bas\u0131n a\u00e7\u0131klamas\u0131nda d\u00fc\u015f\u00fcr\u00fclen Rus u\u00e7a\u011f\u0131n kesinlikle T\u00fcrkiye hava sahas\u0131na girmedi\u011fi ve hep Suriye semalar\u0131nda bulundu\u011funu kan\u0131tlayan g\u00f6r\u00fcnt\u00fc ve &hellip;<\/p>\n","protected":false},"author":1,"featured_media":46001,"comment_status":"closed","ping_status":"closed","sticky":false,"template":"","format":"standard","meta":{"footnotes":""},"categories":[458,459,575,447],"tags":[17822],"class_list":["post-53319","post","type-post","status-publish","format-standard","has-post-thumbnail","","category-dunya1","category-haberler-arap-uluslararasi-politika","category-olaylar-ve-gercekler","category-politika","tag-rusya-baskanlik-sarayinin-resmi-sozcusu-dimitry-peskov"],"_links":{"self":[{"href":"https:\/\/archive.sana.sy\/tr\/index.php?rest_route=\/wp\/v2\/posts\/53319","targetHints":{"allow":["GET"]}}],"collection":[{"href":"https:\/\/archive.sana.sy\/tr\/index.php?rest_route=\/wp\/v2\/posts"}],"about":[{"href":"https:\/\/archive.sana.sy\/tr\/index.php?rest_route=\/wp\/v2\/types\/post"}],"author":[{"embeddable":true,"href":"https:\/\/archive.sana.sy\/tr\/index.php?rest_route=\/wp\/v2\/users\/1"}],"replies":[{"embeddable":true,"href":"https:\/\/archive.sana.sy\/tr\/index.php?rest_route=%2Fwp%2Fv2%2Fcomments&post=53319"}],"version-history":[{"count":0,"href":"https:\/\/archive.sana.sy\/tr\/index.php?rest_route=\/wp\/v2\/posts\/53319\/revisions"}],"wp:featuredmedia":[{"embeddable":true,"href":"https:\/\/archive.sana.sy\/tr\/index.php?rest_route=\/wp\/v2\/media\/46001"}],"wp:attachment":[{"href":"https:\/\/archive.sana.sy\/tr\/index.php?rest_route=%2Fwp%2Fv2%2Fmedia&parent=53319"}],"wp:term":[{"taxonomy":"category","embeddable":true,"href":"https:\/\/archive.sana.sy\/tr\/index.php?rest_route=%2Fwp%2Fv2%2Fcategories&post=53319"},{"taxonomy":"post_tag","embeddable":true,"href":"https:\/\/archive.sana.sy\/tr\/index.php?rest_route=%2Fwp%2Fv2%2Ftags&post=53319"}],"curies":[{"name":"wp","href":"https:\/\/api.w.org\/{rel}","templated":true}]}}