{"id":5333,"date":"2014-07-16T12:51:50","date_gmt":"2014-07-16T09:51:50","guid":{"rendered":"\/tr\/?p=5333"},"modified":"2014-07-16T15:11:49","modified_gmt":"2014-07-16T12:11:49","slug":"gazze-kesimine-yonelik-israil-saldirilarinda-205-sehit-1525-yarali","status":"publish","type":"post","link":"https:\/\/archive.sana.sy\/tr\/?p=5333","title":{"rendered":"Gazze Kesimine Y\u00f6nelik \u0130srail Sald\u0131r\u0131lar\u0131nda 205 \u015eehit 1525 yaral\u0131"},"content":{"rendered":"<p>GAZZE &#8211; \u0130\u015fgalci \u0130srail\u2019in Gazze Kesimine y\u00f6nelik sald\u0131r\u0131lar\u0131n\u0131n 10. G\u00fcn\u00fcnde 9 Filistinli \u015fehit d\u00fc\u015ft\u00fc onlarca ki\u015fi de yaraland\u0131. Sald\u0131r\u0131lar\u0131n ba\u015flang\u0131c\u0131ndan bu yana bilan\u00e7odaki son durum ise 205 \u015fehit 1525\u2019ten fazla yaral\u0131.<\/p>\n<p>Filistinli VEFA Ajans\u0131 kesim kamplar\u0131n\u0131n sald\u0131r\u0131lar\u0131n ba\u015flang\u0131c\u0131nda bu yana bu sabah en \u015fiddetli \u0130srail bombard\u0131manlar\u0131na maruz kald\u0131klar\u0131n\u0131 i\u015fgal u\u00e7aklar\u0131n\u0131n yakla\u015f\u0131k 30 evi yerle bir etti\u011fini bunun yan\u0131 s\u0131ra Gazze\u2019de binalar\u0131n bulundu\u011fu b\u00f6lgelerde daire, bina kurum, alt yap\u0131 ve mescitlerin y\u0131k\u0131ld\u0131\u011f\u0131n\u0131 belirtti.<\/p>\n<p>\u0130\u015fgalci \u0130srail&#8217;in Gazze Kesimine y\u00f6nelik barbar sald\u0131r\u0131lar\u0131na cevap olarak Filistin direni\u015fi i\u015fgal mevkileri ve yerle\u015fim birimlerini f\u00fczeler ve havan toplar\u0131 ile, Tel Aviv\u2019i ise 4 M75 F\u00fczesi, Bairi yerle\u015fim birimini 3 Kassam f\u00fczesi Mecdel\u2019i de 5 grad f\u00fczesi ile vurdu.<\/p>\n<p>\u0130\u015fgal \u015eair Henigef yerle\u015fim birimleri kompleksinde bir ka\u00e7 f\u00fczenin d\u00fc\u015ft\u00fc\u011f\u00fcn\u00fc ilan etti.<\/p>\n","protected":false},"excerpt":{"rendered":"<p>GAZZE &#8211; \u0130\u015fgalci \u0130srail\u2019in Gazze Kesimine y\u00f6nelik sald\u0131r\u0131lar\u0131n\u0131n 10. G\u00fcn\u00fcnde 9 Filistinli \u015fehit d\u00fc\u015ft\u00fc onlarca ki\u015fi de yaraland\u0131. Sald\u0131r\u0131lar\u0131n ba\u015flang\u0131c\u0131ndan bu yana bilan\u00e7odaki son durum ise 205 \u015fehit 1525\u2019ten fazla yaral\u0131. Filistinli VEFA Ajans\u0131 kesim kamplar\u0131n\u0131n sald\u0131r\u0131lar\u0131n ba\u015flang\u0131c\u0131nda bu yana bu sabah en \u015fiddetli \u0130srail bombard\u0131manlar\u0131na maruz kald\u0131klar\u0131n\u0131 i\u015fgal u\u00e7aklar\u0131n\u0131n yakla\u015f\u0131k 30 evi yerle bir &hellip;<\/p>\n","protected":false},"author":1,"featured_media":5334,"comment_status":"closed","ping_status":"closed","sticky":false,"template":"","format":"standard","meta":{"footnotes":""},"categories":[458,459,447,584],"tags":[1163],"class_list":["post-5333","post","type-post","status-publish","format-standard","has-post-thumbnail","","category-dunya1","category-haberler-arap-uluslararasi-politika","category-politika","category-yurtdisinda-sana-ofisleri","tag-gazze-kesimine-yonelik-israil-saldirilarinda-205-sehit-1525-yarali"],"_links":{"self":[{"href":"https:\/\/archive.sana.sy\/tr\/index.php?rest_route=\/wp\/v2\/posts\/5333","targetHints":{"allow":["GET"]}}],"collection":[{"href":"https:\/\/archive.sana.sy\/tr\/index.php?rest_route=\/wp\/v2\/posts"}],"about":[{"href":"https:\/\/archive.sana.sy\/tr\/index.php?rest_route=\/wp\/v2\/types\/post"}],"author":[{"embeddable":true,"href":"https:\/\/archive.sana.sy\/tr\/index.php?rest_route=\/wp\/v2\/users\/1"}],"replies":[{"embeddable":true,"href":"https:\/\/archive.sana.sy\/tr\/index.php?rest_route=%2Fwp%2Fv2%2Fcomments&post=5333"}],"version-history":[{"count":0,"href":"https:\/\/archive.sana.sy\/tr\/index.php?rest_route=\/wp\/v2\/posts\/5333\/revisions"}],"wp:featuredmedia":[{"embeddable":true,"href":"https:\/\/archive.sana.sy\/tr\/index.php?rest_route=\/wp\/v2\/media\/5334"}],"wp:attachment":[{"href":"https:\/\/archive.sana.sy\/tr\/index.php?rest_route=%2Fwp%2Fv2%2Fmedia&parent=5333"}],"wp:term":[{"taxonomy":"category","embeddable":true,"href":"https:\/\/archive.sana.sy\/tr\/index.php?rest_route=%2Fwp%2Fv2%2Fcategories&post=5333"},{"taxonomy":"post_tag","embeddable":true,"href":"https:\/\/archive.sana.sy\/tr\/index.php?rest_route=%2Fwp%2Fv2%2Ftags&post=5333"}],"curies":[{"name":"wp","href":"https:\/\/api.w.org\/{rel}","templated":true}]}}