{"id":53336,"date":"2015-11-24T14:47:09","date_gmt":"2015-11-24T12:47:09","guid":{"rendered":"http:\/\/www.sana.sy\/tr\/?p=53336"},"modified":"2015-11-24T14:47:09","modified_gmt":"2015-11-24T12:47:09","slug":"enformasyon-bakani-omran-el-zoubi-teroristlerin-lazkiye-kirsalinda-rt-basin-ekibine-cirkef-saldirilarinin-teror-orgutleri-ve-onlari-destekleyen-devletlerin-siciline-eklenen-yeni-bir-teror-cinayeti-ol","status":"publish","type":"post","link":"https:\/\/archive.sana.sy\/tr\/?p=53336","title":{"rendered":"Enformasyon Bakan\u0131 Omran el Zoubi; ter\u00f6ristlerin Lazkiye k\u0131rsal\u0131nda RT bas\u0131n ekibine \u00e7irkef sald\u0131r\u0131lar\u0131n\u0131n ter\u00f6r \u00f6rg\u00fctleri ve onlar\u0131 destekleyen devletlerin siciline eklenen yeni bir ter\u00f6r cinayeti oldu\u011funu belirtti."},"content":{"rendered":"<p>Enformasyon Bakan\u0131 Omran el Zoubi; ter\u00f6ristlerin Lazkiye k\u0131rsal\u0131nda RT bas\u0131n ekibine \u00e7irkef sald\u0131r\u0131lar\u0131n\u0131n ter\u00f6r \u00f6rg\u00fctleri ve onlar\u0131 destekleyen devletlerin siciline eklenen yeni bir ter\u00f6r cinayeti oldu\u011funu belirtti.<\/p>\n","protected":false},"excerpt":{"rendered":"<p>Enformasyon Bakan\u0131 Omran el Zoubi; ter\u00f6ristlerin Lazkiye k\u0131rsal\u0131nda RT bas\u0131n ekibine \u00e7irkef sald\u0131r\u0131lar\u0131n\u0131n ter\u00f6r \u00f6rg\u00fctleri ve onlar\u0131 destekleyen devletlerin siciline eklenen yeni bir ter\u00f6r cinayeti oldu\u011funu belirtti.<\/p>\n","protected":false},"author":1,"featured_media":0,"comment_status":"closed","ping_status":"closed","sticky":false,"template":"","format":"standard","meta":{"footnotes":""},"categories":[1],"tags":[],"class_list":["post-53336","post","type-post","status-publish","format-standard","","category-news-not-sorted"],"_links":{"self":[{"href":"https:\/\/archive.sana.sy\/tr\/index.php?rest_route=\/wp\/v2\/posts\/53336","targetHints":{"allow":["GET"]}}],"collection":[{"href":"https:\/\/archive.sana.sy\/tr\/index.php?rest_route=\/wp\/v2\/posts"}],"about":[{"href":"https:\/\/archive.sana.sy\/tr\/index.php?rest_route=\/wp\/v2\/types\/post"}],"author":[{"embeddable":true,"href":"https:\/\/archive.sana.sy\/tr\/index.php?rest_route=\/wp\/v2\/users\/1"}],"replies":[{"embeddable":true,"href":"https:\/\/archive.sana.sy\/tr\/index.php?rest_route=%2Fwp%2Fv2%2Fcomments&post=53336"}],"version-history":[{"count":0,"href":"https:\/\/archive.sana.sy\/tr\/index.php?rest_route=\/wp\/v2\/posts\/53336\/revisions"}],"wp:attachment":[{"href":"https:\/\/archive.sana.sy\/tr\/index.php?rest_route=%2Fwp%2Fv2%2Fmedia&parent=53336"}],"wp:term":[{"taxonomy":"category","embeddable":true,"href":"https:\/\/archive.sana.sy\/tr\/index.php?rest_route=%2Fwp%2Fv2%2Fcategories&post=53336"},{"taxonomy":"post_tag","embeddable":true,"href":"https:\/\/archive.sana.sy\/tr\/index.php?rest_route=%2Fwp%2Fv2%2Ftags&post=53336"}],"curies":[{"name":"wp","href":"https:\/\/api.w.org\/{rel}","templated":true}]}}