{"id":5336,"date":"2014-07-17T23:59:04","date_gmt":"2014-07-17T20:59:04","guid":{"rendered":"\/tr\/?p=5336"},"modified":"2014-07-18T10:55:39","modified_gmt":"2014-07-18T07:55:39","slug":"el-esad-anayasal-yemini-etti","status":"publish","type":"post","link":"https:\/\/archive.sana.sy\/tr\/?p=5336","title":{"rendered":"El Esad Anayasal Yemini Etti"},"content":{"rendered":"<p>\u015eAM \u2013 Say\u0131n Be\u015f\u015far el Esad; Halk Meclisi \u00fcyelerinin yan\u0131 s\u0131ra resmi, sosyal ve din adamlar\u0131ndan geni\u015f kat\u0131l\u0131m ile d\u00fcn d\u00fczenlenen g\u00f6rkemli t\u00f6rende Suriye Arap Cumhuriyetinin Cumhurba\u015fkan\u0131 olarak anayasal yemini etti.<\/p>\n<div style=\"width: 618px;\" class=\"wp-video\"><!--[if lt IE 9]><script>document.createElement('video');<\/script><![endif]-->\n<video class=\"wp-video-shortcode\" id=\"video-5336-1\" width=\"618\" height=\"348\" preload=\"metadata\" controls=\"controls\"><source type=\"video\/x-flv\" src=\"http:\/\/www.sana.sy\/tr\/wp-content\/uploads\/2014\/07\/\u0642\u0633\u0645-\u0627\u0644\u0633\u064a\u062f-\u0627\u0644\u0631\u0626\u064a\u0633-.flv?_=1\" \/><a href=\"http:\/\/www.sana.sy\/tr\/wp-content\/uploads\/2014\/07\/\u0642\u0633\u0645-\u0627\u0644\u0633\u064a\u062f-\u0627\u0644\u0631\u0626\u064a\u0633-.flv\">http:\/\/www.sana.sy\/tr\/wp-content\/uploads\/2014\/07\/\u0642\u0633\u0645-\u0627\u0644\u0633\u064a\u062f-\u0627\u0644\u0631\u0626\u064a\u0633-.flv<\/a><\/video><\/div>\n<p>Halk Saray\u0131 \u00f6n\u00fcnde protokol ge\u00e7it t\u00f6reninde \u015feref mangas\u0131n\u0131 selamlamas\u0131 ard\u0131ndan salona ge\u00e7en el Esad, Halk Meclisi Ba\u015fkan\u0131 Muhammed Cihat el Lahham\u2019\u0131n k\u0131sa a\u00e7\u0131l\u0131\u015f konu\u015fmas\u0131 ard\u0131ndan anayasal yemini etti.<\/p>\n<p>Ard\u0131ndan Cumhurba\u015fkan\u0131 el Esad konu\u015fmas\u0131na ba\u015flad\u0131.<\/p>\n<p>Konu\u015fmas\u0131na \u201cEy onurlu Suriyeliler, ey devrimci h\u00fcr halk! \u00dc\u00e7 y\u0131l d\u00f6rt ay \u00f6nce kimileri sizin ad\u0131n\u0131za konu\u015fup \u2018halk istiyor..\u2019 dediklerinde; do\u011frusu evet, halk istedi, halk karar verdi ve halk uygulad\u0131..\u201d s\u00f6zleriyle ba\u015flayan el Esad; kimilerinin \u00f6zg\u00fcrl\u00fck \u00e7\u0131\u011fl\u0131klar\u0131 atmas\u0131ndan y\u0131llar ge\u00e7ti\u011fini belirtti. El Esad Suriyelilerin; boyunduruk ve tabilik zaman\u0131nda h\u00fcr ve egemen olduklar\u0131n\u0131, i\u015f ciddiyete d\u00fc\u015ft\u00fc\u011f\u00fcnde de Suriyelilerin kendilerinin efendileri olduklar\u0131n\u0131n alt\u0131n\u0131 \u00e7izdi.<\/p>\n<p><a href=\"http:\/\/www.sana.sy\/tr\/wp-content\/uploads\/2014\/07\/Be\u015f\u015far-Esad-21.jpg\"><img loading=\"lazy\" decoding=\"async\" class=\"alignright wp-image-5375 size-medium\" src=\"http:\/\/www.sana.sy\/tr\/wp-content\/uploads\/2014\/07\/Be\u015f\u015far-Esad-21-300x186.jpg\" alt=\"Be\u015f\u015far Esad 2\" width=\"300\" height=\"186\" srcset=\"https:\/\/archive.sana.sy\/tr\/wp-content\/uploads\/2014\/07\/Be\u015f\u015far-Esad-21-300x186.jpg 300w, https:\/\/archive.sana.sy\/tr\/wp-content\/uploads\/2014\/07\/Be\u015f\u015far-Esad-21-150x93.jpg 150w, https:\/\/archive.sana.sy\/tr\/wp-content\/uploads\/2014\/07\/Be\u015f\u015far-Esad-21-1024x635.jpg 1024w\" sizes=\"auto, (max-width: 300px) 100vw, 300px\" \/><\/a>El Esad; kimilerinin Suriyelilere demokrasi satmaya \u00e7al\u0131\u015ft\u0131klar\u0131 bir zamanda Suriyelilerin demokrasiyi en iyi portreleriyle hayata ge\u00e7irdiklerini belirtti. Suriyelilerin kendi vatanlar\u0131n\u0131 y\u00f6netmelerinde ba\u015fkalar\u0131n\u0131n m\u00fcdahalesini reddettiklerine dikkat \u00e7eken el Esad; Suriyelilerin kendi anayasalar\u0131n\u0131, kendi parlamenterlerini ve kendi cumhurba\u015fkanlar\u0131n\u0131 se\u00e7tiklerini ifade etti. El Esad Suriyelilerin kendi se\u00e7enekleri ve kendi yap\u0131mlar\u0131 bir demokrasiyle bunlar\u0131 yapt\u0131klar\u0131na dikkat \u00e7ekti.<\/p>\n<p>\u201cAllahtan ba\u015fka kimsenin \u00f6n\u00fcnde diz \u00e7\u00f6kmeyeceklerini hayk\u0131rd\u0131lar. Siz ise ne onlar\u0131n efendilerine diz \u00e7\u00f6kt\u00fcn\u00fcz, ne de teslim oldunuz. Aksine kararl\u0131l\u0131kla m\u00fccadele ettiniz ve vatan\u0131n\u0131za tutunup onu savundunuz..\u201d diyen el Esad; Suriyelilerin ne dolar ne de petrol\u00fcn yerini dolduramayaca\u011f\u0131 tek ve bir olan y\u00fcce Allaha inanarak azim ve inan\u00e7la vatanlar\u0131n\u0131 savunduklar\u0131na dikkat \u00e7ekerken; \u2018Allahu Ekber\u2019 dediklerinde de Allah\u2019\u0131n onlardan ve arkalar\u0131nda durup onlar\u0131 destekleyenlerden daha b\u00fcy\u00fck oldu\u011fu g\u00f6r\u00fcld\u00fc. \u00d6yle ki Allah hak ile birliktedir. Hak da halktan yanad\u0131r..\u201d dedi.<\/p>\n<p>Ge\u00e7en t\u00fcm bu s\u00fcre i\u00e7inde onlar\u0131n s\u00f6ylemlerle kald\u0131klar\u0131n\u0131 onurlu Suriyelilerin ise fiilde bulunduklar\u0131na dikkat \u00e7eken el Esad; onlar\u0131n evhamlar\u0131 i\u00e7inde batt\u0131klar\u0131n\u0131, Suriyelilerin ise ger\u00e7e\u011fi kendi elleriyle yap\u0131land\u0131rd\u0131klar\u0131n\u0131 belirtti. Onlar\u0131n \u2018devrim\u2019 istediklerini, Suriyelilerin de ger\u00e7ek devrimciler olduklar\u0131na dikkat \u00e7eken el Esad; onurlu Suriye halk\u0131n\u0131 devrimleri ve zaferleriyle kutlarken vatana olan ba\u011fl\u0131l\u0131klar\u0131n\u0131 da selamlad\u0131.<\/p>\n<p>Cehaletten yada kand\u0131r\u0131lmalar\u0131 nedeniyle ger\u00e7ekleri g\u00f6rmeyenlerin do\u011fru pusulay\u0131 bulmaya ba\u015flad\u0131klar\u0131na dikkat \u00e7eken el Esad; s\u00f6zde \u00f6zg\u00fcrl\u00fck ve devrim maskelerinin d\u00fc\u015fmesi ard\u0131ndan \u00e7irkin y\u00fczlerin ortaya \u00e7\u0131kt\u0131\u011f\u0131n\u0131 ifade etti. Bu \u00e7irkin y\u00fczlerin katletme, y\u0131k\u0131m, i\u00e7 organlar\u0131 yeme ve par\u00e7alama eylemlerinde her t\u00fcrl\u00fc kirli vesileyi kulland\u0131klar\u0131na dikkat \u00e7eken el Esad; y\u00fcr\u00fcd\u00fckleri t\u00fcm sap\u0131k ve anormal yollara ra\u011fmen ba\u015far\u0131s\u0131z kald\u0131klar\u0131n\u0131 s\u00f6yledi.<\/p>\n<p>Suriye&#8217;de son olarak yap\u0131lan cumhurba\u015fkanl\u0131\u011f\u0131 se\u00e7imlerinin d\u00fcnyan\u0131n her hangi bir yerinde oldu\u011fu gibi icraatsal siyasi bir eylem olmad\u0131\u011f\u0131n\u0131 belirten el Esad; tam tersine t\u00fcm boyutlar\u0131yla bir \u00e7at\u0131\u015fma oldu\u011funu, bu \u00e7at\u0131\u015fman\u0131n kazan\u0131lmas\u0131 i\u00e7in de di\u011fer t\u00fcm \u00e7at\u0131\u015fmalar\u0131n da kullan\u0131ld\u0131\u011f\u0131n\u0131 ifade etti.<\/p>\n<p>El Esad Suriyeli vatandalar a\u00e7\u0131s\u0131ndan se\u00e7imlerin, kimlik kart\u0131 yada pasaportun sa\u011flad\u0131\u011f\u0131 ba\u011fl\u0131l\u0131ktan daha b\u00fcy\u00fck bir \u015fekilde vatana ger\u00e7ek ba\u011fl\u0131\u011f\u0131n bir ilan\u0131 oldu\u011funa dikkat \u00e7ekti. Se\u00e7imlerin vatan egemenli\u011fi, ulusal karar\u0131n me\u015frulu\u011funu ve halk\u0131n onurunu savunma \u00e7at\u0131\u015fmas\u0131ndan ibaret oldu\u011funu belirten el Esad; se\u00e7imlerde sa\u011flanan yo\u011fun kat\u0131l\u0131m\u0131n da t\u00fcm \u015fekilleriyle ter\u00f6re kar\u015f\u0131 vatan egemenli\u011fini savunma referandumu niteli\u011finde oldu\u011funun alt\u0131n\u0131 \u00e7izdi.<\/p>\n<p>Vatanda\u015flar\u0131n se\u00e7imlerde kulland\u0131klar\u0131 oylarla ter\u00f6ristlerle birlikte onlara siyasi \u00f6rt\u00fc te\u015fkil eden i\u015fbirlik\u00e7i Suriyelileri kahrettiklerini ifade eden el Esad; Suriyelilerin oylar\u0131yla ayn\u0131 zamanda b\u00fcy\u00fck \u00fclkelerle birlikte ta\u015feronluk yapan ve ba\u015fkalar\u0131 taraf\u0131ndan y\u00f6netilen tabi devletler dahil ter\u00f6ristlerin efendilerini kahrettiklerini vurgulad\u0131.<\/p>\n<p><a href=\"http:\/\/www.sana.sy\/tr\/wp-content\/uploads\/2014\/07\/Be\u015f\u015far-Esad-5.jpg\"><img loading=\"lazy\" decoding=\"async\" class=\"alignright wp-image-5376 size-medium\" src=\"http:\/\/www.sana.sy\/tr\/wp-content\/uploads\/2014\/07\/Be\u015f\u015far-Esad-5-300x159.jpg\" alt=\"Be\u015f\u015far Esad 5\" width=\"300\" height=\"159\" srcset=\"https:\/\/archive.sana.sy\/tr\/wp-content\/uploads\/2014\/07\/Be\u015f\u015far-Esad-5-300x160.jpg 300w, https:\/\/archive.sana.sy\/tr\/wp-content\/uploads\/2014\/07\/Be\u015f\u015far-Esad-5-150x79.jpg 150w, https:\/\/archive.sana.sy\/tr\/wp-content\/uploads\/2014\/07\/Be\u015f\u015far-Esad-5-1024x543.jpg 1024w, https:\/\/archive.sana.sy\/tr\/wp-content\/uploads\/2014\/07\/Be\u015f\u015far-Esad-5-620x330.jpg 620w, https:\/\/archive.sana.sy\/tr\/wp-content\/uploads\/2014\/07\/Be\u015f\u015far-Esad-5.jpg 2048w\" sizes=\"auto, (max-width: 300px) 100vw, 300px\" \/><\/a>Cumhurba\u015fkan\u0131 el Esad; Suriye ve halk\u0131n\u0131n d\u00fc\u015fmanlar\u0131n\u0131n, Suriye&#8217;de cumhurba\u015fkanl\u0131\u011f\u0131 se\u00e7imlerinin klasik se\u00e7imlerden daha farkl\u0131 bir \u015fey oldu\u011funu idrak etmeleriyle Suriyeli bir vatanda\u015f\u0131n kendi aday\u0131n\u0131 se\u00e7mesinden panik ve korkuya d\u00fc\u015ft\u00fcklerine i\u015faret ederek, bundan dolay\u0131 kimi devletlerin kendi topraklar\u0131 \u00fczerinde bu se\u00e7imlerin yap\u0131lmas\u0131na izin vermediklerini ifade etti. El Esad bu devletlerin Suriye&#8217;de se\u00e7imlerin vatan egemenli\u011fi, ba\u011f\u0131ms\u0131zl\u0131\u011f\u0131 ve onurunu savunma \u00e7at\u0131\u015fmas\u0131 oldu\u011funu, Suriyelilerin de bu y\u00f6ndeki kararl\u0131l\u0131k ve azimlerini idrak etmelerinden dolay\u0131 kendi topraklar\u0131nda ve b\u00f6lgede onlara tabi olan kimi devletlerde Suriyelilerin b\u00fcy\u00fckel\u00e7iliklerinde se\u00e7imlere kat\u0131lmalar\u0131n\u0131 engellediklerini ifade etti.<\/p>\n<p>S\u00f6zlerine devam eden el Esad; se\u00e7imlerin bir\u00e7ok Suriyeli a\u00e7\u0131s\u0131ndan ter\u00f6ristler ve destek\u00e7ilerinin g\u00f6\u011f\u00fcslerine s\u0131k\u0131lan bir kur\u015fun niteli\u011fi ta\u015f\u0131d\u0131\u011f\u0131n\u0131 belirtti. Suriyelilerin oylar\u0131 arac\u0131l\u0131\u011f\u0131 ile milyonlarca kur\u015funu ate\u015flediklerine dikkat \u00e7eken el Esad, bu kur\u015funlar\u0131n t\u00fcm politik, medya ve petrol imparatorluklar\u0131n\u0131n d\u00fcr\u00fcst, emiz ve kararl\u0131 bir yurtsever tutum kar\u015f\u0131s\u0131nda g\u00fc\u00e7s\u00fcz kald\u0131\u011f\u0131n\u0131 ortaya koydu\u011funun alt\u0131n\u0131 \u00e7izdi.<\/p>\n<p>El Esad Suriye d\u00fc\u015fmanlar\u0131n\u0131n y\u0131llar boyu \u00f6ne koyduklar\u0131 yalan a\u00e7\u0131klama ve s\u00f6zlerinin halk\u0131n iradesi ve azmi kar\u015f\u0131s\u0131nda bir anda y\u0131k\u0131ld\u0131\u011f\u0131n\u0131 belirtti.<\/p>\n<p>Suriyelilerin yurtd\u0131\u015f\u0131nda bulunduklar\u0131 t\u00fcm devletlerde se\u00e7imler arac\u0131l\u0131\u011f\u0131 ile y\u00fcrekleri ve canlar\u0131yla Suriyeli olduklar\u0131n\u0131 ortaya koyduklar\u0131na i\u015faret eden el Esad; bunun da krizin ba\u015f\u0131ndan beri Suriyelilerin vatan topraklar\u0131 d\u0131\u015f\u0131na tehcir edilmelerinin temel nedeninin ter\u00f6r gruplar\u0131n\u0131n eylemleri oldu\u011funa ili\u015fkin s\u00f6zlerin do\u011frulu\u011funu kan\u0131tlad\u0131\u011f\u0131na dikkat \u00e7ekti. El Esad aksi halde s\u00f6zde devletin sald\u0131r\u0131p tehcir etti\u011fi bir kimsenin yurtd\u0131\u015f\u0131na \u00e7\u0131kmas\u0131 ard\u0131ndan vatana sevgi ve ba\u011fl\u0131\u011f\u0131n\u0131 bu \u015fekilde ifade etmesinin mant\u0131ks\u0131zl\u0131\u011f\u0131na i\u015faret etti.<\/p>\n<p>Suriyelilerin tarih boyunca zorluklardan ve meydan okumalardan ka\u00e7may\u0131p azim ve kararl\u0131l\u0131kla m\u00fccadele eden bir halk oldu\u011funu kan\u0131tlad\u0131klar\u0131na dikkat \u00e7eken el Esad; Suriye halk\u0131n\u0131n meydan okunandan meydan okuyana d\u00f6n\u00fc\u015f\u00fcp d\u00fc\u015fmanlar\u0131n\u0131 cahillikleri ve y\u00fczeysellikleriyle ba\u015far\u0131s\u0131zl\u0131\u011fa d\u00fc\u015f\u00fcrd\u00fc\u011f\u00fcn\u00fc belirtti. El Esad d\u00fc\u015fmanlar\u0131n ara\u015ft\u0131rma merkezlerinin ge\u00e7en bu s\u00fcre i\u00e7inde t\u00fcm bu olanlar\u0131n ba\u015far\u0131s\u0131zl\u0131k nedenlerini ve hatalar\u0131n\u0131 tespit etmek i\u00e7in y\u0131llar boyunca ara\u015ft\u0131raca\u011f\u0131n\u0131 ifade ederken, tabilik ve a\u015f\u0131r\u0131l\u0131\u011fa y\u00f6nelmeleri nedeniyle yine de bir sonuca varamayacaklar\u0131n\u0131 belirtti.<\/p>\n<p>Bu zaferin \u015fehit ve yaral\u0131lar\u0131n kanlar\u0131yla birlikte ailelerinin sabr\u0131 ve m\u00fccadeleleri sayesinde sa\u011fland\u0131\u011f\u0131n\u0131 ifade eden el Esad; bunlar\u0131n sayesinde Suriye&#8217;nin, anayasas\u0131n\u0131n, kanunlar\u0131n\u0131n ve kurumlar\u0131n\u0131n korundu\u011funu vurgulad\u0131. B\u00f6ylelikle de Suriye&#8217;nin egemenli\u011finin korundu\u011funu ifade eden el Esad; \u201cbizler \u015fehit ve yaral\u0131lar\u0131n kanlar\u0131ndan, ailelerinin sab\u0131r ve m\u00fccadelelerinden fedakarl\u0131\u011f\u0131, kahramanl\u0131\u011f\u0131, kararl\u0131l\u0131\u011f\u0131 \u00f6\u011frendik ve \u00f6\u011frenmeye devam ediyoruz.. onlardan g\u00fc\u00e7 ve kudret al\u0131yoruz.. \u00d6yle ki vatan onlar\u0131n muazzaml\u0131\u011f\u0131 ve vatanseverli\u011fi ile m\u00fccadele ediyor..\u201d \u015feklinde konu\u015ftu.<\/p>\n<p>Suriye halk\u0131na kar\u015f\u0131 y\u00fcr\u00fct\u00fclen sava\u015f\u0131n \u00e7irkef ve kirli bir sava\u015f oldu\u011funu belirten el Esad; Suriye&#8217;de her evin ya\u015fad\u0131\u011f\u0131 zul\u00fcm ve ac\u0131ya ra\u011fmen, meydana gelen t\u00fcm y\u0131k\u0131m ve akan kanlara ra\u011fmen Suriye halk\u0131n\u0131n teslimiyet yada boyunduruklu\u011fu kabul etmedi\u011fine dikkat \u00e7ekti.<\/p>\n<p>El Esad Suriye ve halk\u0131n\u0131n, zor ve kat\u0131 ko\u015fullardan kararl\u0131l\u0131k ve azim ald\u0131klar\u0131na i\u015faret ederek, bask\u0131 ve dayatmalar\u0131n m\u00fccadele \u0131srar\u0131n\u0131 peki\u015ftirdi\u011fini belirtti. Suriye halk\u0131n\u0131n t\u00fcm meydan okumalara kar\u015f\u0131 onurlu ve h\u00fcr m\u00fccadele se\u00e7ene\u011fini benimseyip bu y\u00f6nde emin ad\u0131mlarla y\u00fcr\u00fcd\u00fc\u011f\u00fcn\u00fc belirten el Esad; Suriyelilerin d\u00fc\u015fmanlar\u0131n a\u015fa\u011f\u0131lama \u00e7abalar\u0131na kar\u015f\u0131 onurlu ve kendinden emin m\u00fccadeleyle kar\u015f\u0131l\u0131k verdi\u011fini belirtti.<\/p>\n<p><a href=\"http:\/\/www.sana.sy\/tr\/wp-content\/uploads\/2014\/07\/Be\u015f\u015far-Esad-3.jpg\"><img loading=\"lazy\" decoding=\"async\" class=\"alignright wp-image-5371 size-medium\" src=\"http:\/\/www.sana.sy\/tr\/wp-content\/uploads\/2014\/07\/Be\u015f\u015far-Esad-3-300x280.jpg\" alt=\"Be\u015f\u015far Esad 3\" width=\"300\" height=\"280\" srcset=\"https:\/\/archive.sana.sy\/tr\/wp-content\/uploads\/2014\/07\/Be\u015f\u015far-Esad-3-300x280.jpg 300w, https:\/\/archive.sana.sy\/tr\/wp-content\/uploads\/2014\/07\/Be\u015f\u015far-Esad-3-150x140.jpg 150w, https:\/\/archive.sana.sy\/tr\/wp-content\/uploads\/2014\/07\/Be\u015f\u015far-Esad-3.jpg 960w\" sizes=\"auto, (max-width: 300px) 100vw, 300px\" \/><\/a>S\u00f6zlerine devam eden el Esad; Suriye&#8217;nin maruz kald\u0131\u011f\u0131 sald\u0131r\u0131lar\u0131n, ilk ba\u015fta yans\u0131t\u0131lmaya \u00e7al\u0131\u015f\u0131ld\u0131\u011f\u0131 ve kimilerinin aldand\u0131\u011f\u0131 gibi ki\u015fileri yada h\u00fck\u00fcmetleri hedef almad\u0131\u011f\u0131n\u0131 belirtti. Bu sald\u0131r\u0131lar\u0131n vatan ve b\u00fcnyesini oldu\u011fu gibi hedef ald\u0131\u011f\u0131n\u0131n alt\u0131n\u0131 \u00e7izen el Esad; vatan\u0131n misyon ve rol\u00fcn\u00fc, halk\u0131n\u0131n d\u00fc\u015f\u00fcncesini sabote etmeyi ama\u00e7lad\u0131\u011f\u0131n\u0131 vurgulad\u0131. El Esad amac\u0131n halk\u0131 d\u00fc\u015f\u00fcnce ve ideolojisiyle hedef al\u0131p uzaktan g\u00fcd\u00fclecek bir s\u00fcr\u00fc moduna getirmekten ibaret oldu\u011funu ifade etti. Amac\u0131n halk aras\u0131nda nesiller boyunca devam edecek \u00e7at\u0131\u015fmalar yaratmak oldu\u011funu ifade eden el Esad; b\u00f6ylelikle bu halk\u0131n kalk\u0131nma ve ilerleme \u00e7abalar\u0131 ve ideallerinden oyalan\u0131p ba\u011f\u0131ms\u0131zl\u0131ktan uzak tabilik i\u00e7inde kalmas\u0131n\u0131 sa\u011flaman\u0131n hedeflendi\u011fini s\u00f6yledi.<\/p>\n<p>Bat\u0131n\u0131n tarihi boyunca s\u00f6m\u00fcr\u00fcc\u00fc oldu\u011funu ve hala \u00f6yle oldu\u011funu ifade eden el Esad; y\u00f6ntemler ve yollar de\u011fi\u015fse de cevherin ayn\u0131 oldu\u011funu s\u00f6yledi.<br \/>\nBu s\u00fcre\u00e7 i\u00e7inde Bat\u0131l\u0131lar ve b\u00f6lgedeki ta\u015feronlar\u0131n\u0131n Suriye&#8217;ye y\u00f6nelik planlar\u0131nda ba\u015far\u0131s\u0131z olsalar bile bunun alternatif bir gaye olarak Suriye&#8217;yi s\u00fcrekli kanayacak bir \u015fekilde yaralamaktan vazge\u00e7ecekleri anlam\u0131na gelmedi\u011fini ifade eden el Esad; temel hedeflerine ula\u015fmak i\u00e7in uzun a\u015famal\u0131 \u00e7abalar\u0131n\u0131 s\u00fcrd\u00fcrebileceklerine dikkat \u00e7ekti.<\/p>\n<p>S\u00f6zlerine devam eden el Esad; \u201cne yaz\u0131k ki Bat\u0131l\u0131 devletler ve kimi b\u00f6lge devletlerinin bu hedeflerine ula\u015fmak i\u00e7in vatan\u0131 satan Suriyelileri edat olarak kullanmaktalar. Bunlar\u0131n \u015fereflerini satt\u0131klar\u0131n\u0131 s\u00f6ylemek do\u011fru olmaz, \u00e7\u00fcnk\u00fc temelde vatanlar\u0131n\u0131 satanlar\u0131n \u015ferefleri yoktur..\u201d \u015feklinde konu\u015ftu.<\/p>\n<p>Ba\u015fkan Esad oyuna getirilenlere bir kez daha silah b\u0131rakma \u00e7a\u011fr\u0131s\u0131 yaparak nerede olursa olsun Suriye\u2019nin b\u00fct\u00fcn topraklar\u0131na g\u00fcven ve istikrar\u0131 getirene kadar ter\u00f6rle sava\u015facaklar\u0131n\u0131 vurgulad\u0131.<\/p>\n<p>Ba\u015fkan Esad, \u00fclkeden hain veya i\u015fbirlik\u00e7i veyahut da yolsuzluk yapanlar\u0131n \u00e7\u0131kmas\u0131n\u0131n kendilerini ilgilendirmedi\u011fini, \u00fclkenin kendisini bunlardan temizledi\u011fini bunlar\u0131n ne Suriye ne de Suriyelilerin nezdinde yerlerinin kalmad\u0131\u011f\u0131n\u0131 s\u00f6yledi.<\/p>\n<p>Ba\u015fkan Esad, d\u0131\u015far\u0131dan sava\u015f\u0131n bitmesini bekleyenlerin hayal kurdu\u011funu, siyasi \u00e7\u00f6z\u00fcm\u00fcn adland\u0131r\u0131ld\u0131\u011f\u0131 \u00fczere bir \u00e7ok yerde aktifli\u011fini ispat eden i\u00e7 uzla\u015fmalara dayand\u0131\u011f\u0131n\u0131 belirtti.<\/p>\n<p><a href=\"http:\/\/www.sana.sy\/tr\/wp-content\/uploads\/2014\/07\/Be\u015f\u015far-Esad-41.jpg\"><img loading=\"lazy\" decoding=\"async\" class=\"alignright wp-image-5374 size-medium\" src=\"http:\/\/www.sana.sy\/tr\/wp-content\/uploads\/2014\/07\/Be\u015f\u015far-Esad-41-300x159.jpg\" alt=\"Be\u015f\u015far Esad 4\" width=\"300\" height=\"159\" srcset=\"https:\/\/archive.sana.sy\/tr\/wp-content\/uploads\/2014\/07\/Be\u015f\u015far-Esad-41-300x160.jpg 300w, https:\/\/archive.sana.sy\/tr\/wp-content\/uploads\/2014\/07\/Be\u015f\u015far-Esad-41-150x79.jpg 150w, https:\/\/archive.sana.sy\/tr\/wp-content\/uploads\/2014\/07\/Be\u015f\u015far-Esad-41.jpg 620w\" sizes=\"auto, (max-width: 300px) 100vw, 300px\" \/><\/a>Diyalogun vatanseverlik kavram\u0131n\u0131n aksini ispat eden g\u00fc\u00e7leri kapsamad\u0131\u011f\u0131n\u0131 ba\u015flang\u0131\u00e7ta diyalogdan ka\u00e7t\u0131klar\u0131n\u0131, dengelerin de\u011fi\u015fece\u011fi \u00fczerine bahis tuttuklar\u0131n\u0131 ve bu bahsi kaybettiklerini belirten el Esad, i\u015f i\u015ften ge\u00e7mesin diye y\u00f6nlerini de\u011fi\u015ftirdiklerini veya vatansever ve \u00fclke i\u00e7in korktuklar\u0131n\u0131 iddia edenlerin tutumlar\u0131yla vaat veya d\u0131\u015far\u0131dan gelen paralar kar\u015f\u0131l\u0131\u011f\u0131nda ter\u00f6ristlere \u00f6rt\u00fc sa\u011flad\u0131klar\u0131n\u0131 ifade etti ve alenen i\u015fbirlik\u00e7i olan g\u00fc\u00e7lerle Suriyeliler gibi diyaloga girmeyeceklerini bilakis boyunduru\u011fu alt\u0131nda olduklar\u0131 ve lisan\u0131yla konu\u015ftuklar\u0131 \u00fclkelerin temsilcileri gibi sayacaklar\u0131n\u0131 ifade etti.<\/p>\n<p>Ba\u015fkan Esad, Suriye\u2019de has\u0131l olanlar\u0131 nitelendirmek i\u00e7in i\u015f sava\u015f de\u011fimini bug\u00fcn kullanmalar\u0131n\u0131n ter\u00f6ristlere Suriyeliler aras\u0131nda anla\u015fmazl\u0131klarda tarafm\u0131\u015f gibi me\u015fru bir \u00f6rt\u00fc verme giri\u015fiminden ba\u015fka bir \u015fey olmad\u0131\u011f\u0131n\u0131 vurgulad\u0131.<\/p>\n<p>Cumhurba\u015fkan\u0131 el-Esad s\u00f6zlerine \u015f\u00f6yle devam etti: \u201cBu portrenin \u00f6zellikleri Irak\u2019\u0131n i\u015fgaliyle ortaya \u00e7\u0131kmaya ba\u015flad\u0131. Buna kar\u015f\u0131 \u00e7at\u0131\u015fmaya ve kabaday\u0131l\u0131\u011fa dayal\u0131 bir tutum almad\u0131k. Bildi\u011finiz gibi Suriye politikas\u0131 hi\u00e7bir zaman kabaday\u0131l\u0131kla nitelendirilmemi\u015ftir. Biz hi\u00e7bir zaman kabaday\u0131l\u0131k yada liderlik sevdal\u0131s\u0131 olmad\u0131k. Ya d\u00fcnyaya hi\u00e7bir gerek\u00e7e olmadan pervas\u0131zca meydan okuyacak yada karde\u015fimiz Erdo\u011fan\u2019\u0131n yapt\u0131\u011f\u0131n\u0131 yapacakt\u0131k. Suriye halk\u0131n\u0131 zul\u00fcmden kurtarmak istiyor ve Emevi camisinde namaz k\u0131lman\u0131n hayalini kuruyor. Gazze konusuna gelince \u0130srail\u2019e kar\u015f\u0131 \u015fefkatli anne kuca\u011f\u0131na \u00f6zlem duyan kundaktaki bebek gibi uysal bir koyun oldu\u011funu g\u00f6rd\u00fck ve Aksa Camisinde namaz k\u0131laca\u011f\u0131n\u0131 s\u00f6yleme cesareti g\u00f6sterememi\u015ftir.\u201d<\/p>\n<p>El- Esad, liderlik sevdas\u0131n\u0131n ise insan\u0131n ya tamam\u0131yla yerlerde s\u00fcr\u00fcnmesi yada hi\u00e7 kimse i\u015fbirlik\u00e7ilerden s\u00f6z etmese de i\u015fbirlik\u00e7i\u011fe d\u00f6n\u00fc\u015fmesi anlam\u0131na geldi\u011fini belirterek hem kabaday\u0131l\u0131\u011f\u0131n hem de liderlik sevdas\u0131n\u0131n tehlikeli oldu\u011funu ve bunu benimseyenlerin u\u00e7uruma yuvarland\u0131klar\u0131n\u0131n alt\u0131n\u0131 \u00e7izdi.<\/p>\n<p>Kar\u015f\u0131t bir g\u00f6r\u00fc\u015f benimseyen ya da alk\u0131\u015f bekleyen bir tutum i\u00e7inde olmad\u0131klar\u0131na dikkat \u00e7eken el-Esad, Irak\u2019\u0131n i\u015fgalini b\u00f6l\u00fcnme ve mezhep\u00e7ili\u011fe zemin haz\u0131rlamas\u0131 nedeniyle reddettiklerini bildirdi.<\/p>\n<p>Cumhurba\u015fkan\u0131 el-Esad, Suriye\u2019deki fay hatt\u0131na dokunman\u0131n t\u00fcm b\u00f6lgeye yay\u0131lacak b\u00fcy\u00fck bir depreme yol a\u00e7aca\u011f\u0131 ve bu depremin Suriye ile s\u0131n\u0131rl\u0131 kalmay\u0131p \u00e7ok uzak yerleri vuraca\u011f\u0131 konusunda uyard\u0131\u011f\u0131n\u0131 ve bunun tehdit olarak alg\u0131land\u0131\u011f\u0131n\u0131 hat\u0131rlatt\u0131.<\/p>\n<p>Bug\u00fcn Irak, Suriye, L\u00fcbnan ve sahte Arap bahar\u0131 hastal\u0131\u011f\u0131na yakalanan t\u00fcm \u00fclkelerde ya\u015fananlar\u0131n defalarca yapt\u0131klar\u0131 uyar\u0131n\u0131n do\u011frulunun ispat\u0131 oldu\u011funa vurgu yapt\u0131.<\/p>\n<p>El-Esad, yak\u0131nda ter\u00f6re destek veren t\u00fcm Arap ve b\u00f6lge \u00fclkelerinin \u00e7ok a\u011f\u0131r bedel \u00f6deyece\u011fini, bir \u00e7o\u011funun zaman ge\u00e7tikten sonra Suriye halk\u0131n\u0131n vatan\u0131n\u0131 savunma ad\u0131na verdi\u011fi sava\u015f\u0131n s\u0131n\u0131rlar\u0131n\u0131 a\u015fan er ya da ge\u00e7 ayn\u0131 ter\u00f6re maruz kalacak halklar\u0131 savunma m\u00fccadelesi oldu\u011funu anlayaca\u011f\u0131n\u0131 belirtti.<\/p>\n<p>Bat\u0131n\u0131n ve m\u00fcttefiklerinin hatalardan ders \u00e7\u0131karmakta ge\u00e7 kald\u0131klar\u0131n\u0131 s\u00f6yleyen el-Esad, Suriye\u2019nin baz\u0131 kesimlerin \u00f6ng\u00f6r\u00fcs\u00fczl\u00fc\u011f\u00fcn\u00fcn bedelini a\u011f\u0131r \u015fekilde \u00f6dedi\u011fini, ya\u015fananlar\u0131n Arap bahar\u0131 de\u011fil vatana kar\u015f\u0131 planlanm\u0131\u015f bir sald\u0131r\u0131 oldu\u011funu anlamak i\u00e7in evlatlar\u0131n\u0131n kan\u0131n\u0131, can\u0131n\u0131, g\u00fcvenli\u011fini, ekonomisini ve itibarini feda etmek zorunda kald\u0131\u011f\u0131n\u0131 ifade etti.<\/p>\n<p>El-Esad, \u201cIrak\u2019a y\u00f6nelik i\u015fgalin b\u00f6lgemize ter\u00f6r ve b\u00f6l\u00fcnme getirece\u011fini anlamak i\u00e7in on iki y\u0131l beklemek zorunda m\u0131yd\u0131k? Daha da \u00f6tesi 30 y\u0131l sonra din istismar\u0131 ve ter\u00f6r\u00fcn bir madalyonun iki y\u00fcz\u00fc oldu\u011funu anlamak i\u00e7in kafa kesenlerin ve insan kalbi yiyenlerin b\u00f6lgemize gelmesini beklemek zorunda m\u0131yd\u0131k? 80\u2019li y\u0131llarda ya\u015fad\u0131\u011f\u0131m\u0131z katil M\u00fcsl\u00fcman Karde\u015fler \u015feytan\u0131 dene\u011fimi ders almam\u0131z i\u00e7in yeterli de\u011fil miydi? \u201d diye sordu.<br \/>\nCumhurba\u015fkan\u0131 el-Esad, \u015fu an ya\u015fananlar ve ge\u00e7mi\u015fte ya\u015fananlardan ders alam\u0131yorsak bir \u015fey \u00f6\u011frenme imkan\u0131m\u0131z\u0131n olmad\u0131\u011f\u0131n\u0131, vatan\u0131 ne \u015fuan ne de gelecekte savunman\u0131n imkans\u0131z oldu\u011funu vurgulayarak vatan\u0131 koruyup savunmayanlar\u0131n\u0131 bu vatan topraklar\u0131 \u00fczerinde ya\u015fama hakk\u0131 olmad\u0131\u011f\u0131n\u0131n alt\u0131n\u0131 \u00e7izdi.<\/p>\n<p>Cumhurba\u015fkan\u0131 el-Esad, kand\u0131r\u0131lan t\u00fcm Suriyeli vatanda\u015flara silahlar\u0131n\u0131 b\u0131rakma \u00e7a\u011fr\u0131s\u0131n\u0131 yineleyerek \u201c\u00e7\u00fcnk\u00fc Suriye\u2019nin d\u00f6rt bir yan\u0131nda g\u00fcvenli\u011fi sa\u011flamak amac\u0131yla ter\u00f6rle m\u00fccadeleden ve nerede olursa olsun bu ter\u00f6re darbe indirmekten vazge\u00e7meyece\u011fiz\u201d dedi.<\/p>\n<p>Suriye\u2019nin i\u015fbirlik\u00e7ilerden ve yozla\u015fm\u0131\u015f insanlardan temizlendi\u011fine i\u015faret eden el-Esad, bunlar\u0131n Suriyelilerin aras\u0131nda yeri olmad\u0131\u011f\u0131n\u0131 s\u00f6yledi.<br \/>\nEl-Esad, \u201cSava\u015f\u0131n d\u0131\u015far\u0131dan sona ermesini bekleyenler ise hayal g\u00f6r\u00fcyor. Siyasi \u00e7\u00f6z\u00fcm i\u00e7 uzla\u015fmalara dayan\u0131r ve bu yolda ilerlemekte \u0131srarl\u0131y\u0131z. \u00c7\u00fcnk\u00fc bu akan kanlar\u0131 durdurma, g\u00fcvenli\u011fi ve yurtlar\u0131ndan g\u00f6\u00e7 edenlerin d\u00f6n\u00fc\u015f\u00fcn\u00fc sa\u011flama, yeniden imar ve i\u00e7teki bo\u015fluklara dayal\u0131 d\u0131\u015f planlar\u0131n \u00f6n\u00fcn\u00fc kesme anlam\u0131na geliyor\u201d diye konu\u015ftu.<\/p>\n<p>Cumhurba\u015fkan\u0131 el-Esad, devletin krizin ba\u015f\u0131ndan itibaren herkese diyalog elini uzatt\u0131\u011f\u0131n\u0131 hat\u0131rlatarak bu ac\u0131 ve pahal\u0131ya mal olan ulusal deneyimin ard\u0131ndan bu diyalogun vatansever olmad\u0131\u011f\u0131n\u0131 g\u00f6steren ve diyalogdan ka\u00e7an g\u00fc\u00e7leri kapsamayaca\u011f\u0131n\u0131n alt\u0131n\u0131 \u00e7izdi.<\/p>\n<p>El-Esad, vatansever oldu\u011funu ve \u00fclke i\u00e7in endi\u015fe duydu\u011funu iddia ederken tutumlar\u0131yla para ya da belirli vaatler kar\u015f\u0131l\u0131\u011f\u0131nda ter\u00f6ristlere \u00f6rt\u00fc olu\u015fturan g\u00fc\u00e7lerle diyalog kurmayacaklar\u0131n\u0131, alenen i\u015fbirli\u011fi yapan g\u00fc\u00e7leri ise Suriyeli olarak de\u011fil sadakat ve ba\u011fl\u0131klar\u0131n\u0131 g\u00f6sterdikleri ve s\u00f6zc\u00fcl\u00fc\u011f\u00fcn\u00fc yapt\u0131klar\u0131 \u00fclkelerin temsilcisi olarak muhatap alacaklar\u0131n\u0131 belirtti.<\/p>\n<p>Ya\u015fananlar\u0131n d\u0131\u015f sald\u0131r\u0131 oldu\u011fu ger\u00e7e\u011fini gizlemek amac\u0131yla Suriye\u2019de i\u00e7 sava\u015f oldu\u011fu y\u00f6n\u00fcndeki s\u00f6ylemlere de\u011finen el-Esad bu t\u00fcr s\u00f6ylemlerin \u015fu an ter\u00f6ristlere d\u0131\u015f g\u00fc\u00e7lerin a\u015fa\u011f\u0131l\u0131k bir ta\u015feronu de\u011fil de Suriyeliler aras\u0131ndaki anla\u015fmazl\u0131\u011f\u0131n bir taraf\u0131 oldu\u011funa dair me\u015fru bir \u00f6rt\u00fc olu\u015fturmak amac\u0131yla g\u00fcndeme getirildi\u011fine dikkat \u00e7ekti.<\/p>\n<p>Suriye\u2019de bir i\u00e7 sava\u015f ya\u015fanmad\u0131\u011f\u0131n\u0131, ordunun, kurumlar\u0131n, soka\u011f\u0131n ve insanlar\u0131n b\u00f6l\u00fcnmedi\u011fini ve birliktelik i\u00e7inde oldu\u011funu ifade eden el-Esad, bunun bir hayal \u00fcr\u00fcn\u00fc oldu\u011funun, Suriyeliler aras\u0131nda birlikte ya\u015faman\u0131n \u00f6tesinde tam anlam\u0131yla bir uyum sa\u011fland\u0131\u011f\u0131n\u0131n alt\u0131n\u0131 \u00e7izdi.<br \/>\nSuriye halk\u0131n\u0131n vatansever oldu\u011fu kadar bir k\u0131sm\u0131n\u0131n bu sava\u015fa dayanak olu\u015fturmas\u0131n\u0131n utan\u00e7 ve ac\u0131 verici oldu\u011funu ifade eden el-Esad, bu halk kesiminin say\u0131lar\u0131 az da olsa yabanc\u0131 ter\u00f6ristlerin Suriye\u2019ye giri\u015fine ve d\u0131\u015f g\u00fc\u00e7lerin siyasi, askeri ve ekonomik m\u00fcdahalesine olanak sa\u011flad\u0131\u011f\u0131na dikkat \u00e7ekti.<\/p>\n<p><a href=\"http:\/\/www.sana.sy\/tr\/wp-content\/uploads\/2014\/07\/Be\u015f\u015far-Esad-61.jpg\"><img loading=\"lazy\" decoding=\"async\" class=\"alignright wp-image-5378 size-medium\" src=\"http:\/\/www.sana.sy\/tr\/wp-content\/uploads\/2014\/07\/Be\u015f\u015far-Esad-61-300x203.jpg\" alt=\"Be\u015f\u015far Esad 6\" width=\"300\" height=\"203\" srcset=\"https:\/\/archive.sana.sy\/tr\/wp-content\/uploads\/2014\/07\/Be\u015f\u015far-Esad-61-300x203.jpg 300w, https:\/\/archive.sana.sy\/tr\/wp-content\/uploads\/2014\/07\/Be\u015f\u015far-Esad-61-150x101.jpg 150w, https:\/\/archive.sana.sy\/tr\/wp-content\/uploads\/2014\/07\/Be\u015f\u015far-Esad-61-1024x693.jpg 1024w\" sizes=\"auto, (max-width: 300px) 100vw, 300px\" \/><\/a> \u0130dari ve mali yolsuzlu\u011fun temelinde ahlaki yolsuzlu\u011fun yatt\u0131\u011f\u0131n\u0131 s\u00f6yleyen el-Esad, ikisinin daha tehlikeli olan vatani yolsuzlu\u011fa yol a\u00e7t\u0131\u011f\u0131n\u0131, bu t\u00fcr yolsuzlu\u011fun daha fazla para \u00f6deyene vatanlar\u0131n\u0131 ve evlatlar\u0131n\u0131n kan\u0131n\u0131 satan \u015fah\u0131slar t\u00fcretti\u011fini belirtti.<\/p>\n<p>Cumhurba\u015fkan\u0131 el-Esad, aile i\u00e7i ve toplumsal e\u011fitimin yolsuzlukla m\u00fccadelede ki \u00f6nemine dikkat \u00e7ekerek \u201c eline silah\u0131 al\u0131p vatan\u0131 savunmak i\u00e7in can\u0131n\u0131 feda eden gen\u00e7ler, ulusal g\u00f6revlerini yerine getirme karar\u0131 al\u0131p tehdit ve bask\u0131lara ra\u011fmen direnen ve zor ko\u015fullara kar\u015f\u0131n topraklar\u0131ndan ayr\u0131lmayan aileler bir idari sisteme, emirlere yada yukar\u0131dan gelen direktiflere g\u00f6re hareket etmedi. Bu insanlar ald\u0131klar\u0131 iyi ve do\u011fru e\u011fitime dayanarak bu tutumu tak\u0131nd\u0131lar ve evdeki iyi e\u011fitim topluma \u015ferefli ve vatansever insanlar yeti\u015ftirdi.\u201d diye konu\u015ftu.<\/p>\n<p>\u0130leriki d\u00f6nemde devlet kurumlar\u0131 ve t\u00fcm toplumda yolsuzlukla m\u00fccadelenin \u00f6ncelikler aras\u0131nda yer alaca\u011f\u0131n\u0131 bildirdi.<\/p>\n<p>El-Esad, Suriye\u2019deki ter\u00f6r\u00fcn arkas\u0131nda olan \u00fclkelerin, istisnas\u0131z halk\u0131n t\u00fcm kesimlerini hedef alan katliamlarla e\u015f zamanl\u0131 olarak t\u00fcm ya\u015fam temellerini y\u0131kmaya \u00e7al\u0131\u015ft\u0131\u011f\u0131n\u0131 s\u00f6yleyerek nesillerin kan\u0131yla, can\u0131yla ve mal\u0131yla as\u0131rlar boyunca kurdu\u011fu alt yap\u0131n\u0131n sistematik \u015fekilde y\u0131k\u0131ld\u0131\u011f\u0131na dikkat \u00e7ekti.<\/p>\n<p>Ter\u00f6r sald\u0131r\u0131lar\u0131n\u0131n yaratt\u0131\u011f\u0131 y\u0131k\u0131m\u0131n Suriye\u2019deki her ferdin ya\u015fam\u0131n\u0131 olumsuz etkiledi\u011fini ve zor ekonomik ko\u015fullar yaratt\u0131\u011f\u0131n\u0131 hat\u0131rlatan el-Esad y\u0131k\u0131lanlar\u0131n yeniden imar\u0131 \u00fczerinde durma gereklili\u011fine dikkat \u00e7ekerek yeniden imar\u0131n gelecek d\u00f6nemin ekonomik ba\u015fl\u0131\u011f\u0131 olaca\u011f\u0131n\u0131 s\u00f6yledi.<\/p>\n<p>Cumhurba\u015fkan\u0131 el-Esad, h\u00fck\u00fcmet ve halk\u0131n ele ele vererek dayan\u0131\u015fma i\u00e7inde \u00fclkeyi yeniden kurup yap\u0131land\u0131rmalar\u0131 ve gelece\u011fe do\u011fru yol almalar\u0131 gerekti\u011fini belirterek t\u00fcm b\u00f6lgelerde ter\u00f6rle m\u00fccadelenin ve uzla\u015fman\u0131n devam edece\u011fini, bar\u0131nma merkezleri ve m\u00fclteci kamplar\u0131ndaki t\u00fcm Suriyelilerin evlerini d\u00f6nmelerinin sa\u011flanaca\u011f\u0131n\u0131 ifade etti.<\/p>\n<p>Cumhurba\u015fkan\u0131 el-Esad s\u00f6zlerini \u015f\u00f6yle devam etti: \u201cSava\u015flar belirli olgu ve ger\u00e7ekleri dayat\u0131r ve bu ba\u011flamda \u00f6ncelikleri belirleme ka\u00e7\u0131n\u0131lmaz hale gelir. Kar\u015f\u0131m\u0131zda \u00fclkeyi kahramanca savunan ve \u015fehitler veren kahraman bir ordu var. Ayn\u0131 zamanda her g\u00fcn farkl\u0131 yerlerde ter\u00f6r nedeniyle \u00f6len masum insanlar var. Kaybolan ve ka\u00e7\u0131r\u0131lan, arkalar\u0131nda d\u00f6nmeleri umuduyla bekleyen aileler b\u0131rakan insanlar var. Evsiz barks\u0131z kalan, evlerinden ve yurtlar\u0131nda g\u00f6\u00e7 ettirilen insanlar\u0131n yan\u0131 s\u0131ra bu sava\u015f\u0131n bedelini g\u00fcnl\u00fck ge\u00e7im kayna\u011f\u0131yla \u00f6deyen ve onurlu ya\u015fam\u0131n gereksinimlerini kar\u015f\u0131layamaz hale gelenler var. Dolay\u0131s\u0131yla bu a\u015famada bu sorunlar\u0131 ele alman\u0131n \u00f6n\u00fcne ge\u00e7en \u00f6nceliklerimiz olamaz. \u015eehitler ve her g\u00fcn \u00f6len mas\u0131m insanlardan s\u00f6z ederken say\u0131lardan s\u00f6z etmiyoruz. Bir \u015fehitten yada \u00f6len mas\u0131m bir insandan s\u00f6z ederken evlad\u0131n\u0131 yitiren bir aileden s\u00f6z ediyoruz. Kay\u0131p insanlardan s\u00f6z ederken \u00f6nceli\u011fimiz onlar\u0131 bulmak olmal\u0131d\u0131r.\u201d<\/p>\n<p><img loading=\"lazy\" decoding=\"async\" class=\"alignright wp-image-5379 size-large\" src=\"http:\/\/www.sana.sy\/tr\/wp-content\/uploads\/2014\/07\/Be\u015f\u015far-Esad-7-1024x376.jpg\" alt=\"Be\u015f\u015far Esad 7\" width=\"620\" height=\"227\" srcset=\"https:\/\/archive.sana.sy\/tr\/wp-content\/uploads\/2014\/07\/Be\u015f\u015far-Esad-7-1024x376.jpg 1024w, https:\/\/archive.sana.sy\/tr\/wp-content\/uploads\/2014\/07\/Be\u015f\u015far-Esad-7-150x55.jpg 150w, https:\/\/archive.sana.sy\/tr\/wp-content\/uploads\/2014\/07\/Be\u015f\u015far-Esad-7-300x110.jpg 300w\" sizes=\"auto, (max-width: 620px) 100vw, 620px\" \/>Suriye halk\u0131n\u0131n direni\u015finin Arap Bahar\u0131 olarak ilan edilen sahtekarl\u0131\u011f\u0131n \u00f6l\u00fcm\u00fcn\u00fc resmi olarak ilan etti\u011fine ve pusulan\u0131n y\u00f6n\u00fcn\u00fc de\u011fi\u015ftirdi\u011fine vurgu yapan el-Esad, \u201cbu bahar ger\u00e7ek olsayd\u0131 e\u011fer gerici Arap \u00fclkelerinden ba\u015flamas\u0131 gerekirdi. Demokrasi, \u00f6zg\u00fcrl\u00fck ve adalet talebi ta\u015f\u0131sayd\u0131 e\u011fer en gerici, bask\u0131c\u0131 ve otoriter \u00fclkelerde, \u0130srail\u2019in ba\u015far\u0131s\u0131na ve b\u00f6lgemizde kalmas\u0131na \u00f6n ayak olan \u00fclkelerde ba\u015flamas\u0131 gerekiyordu.\u201d diye belirtti.<\/p>\n<p>Arap \u00fclkelerinin \u0130srail\u2019in Gazze\u2019ye y\u00f6nelik sald\u0131r\u0131lar\u0131na sessiz kalmas\u0131n\u0131 ele\u015ftiren el-Esad, bu \u00fclkelerin Suriye\u2019ye ve halk\u0131na kar\u015f\u0131 g\u00f6sterdikleri hamaseti ve \u00f6zeni Gazze\u2019ye ve Filistin halk\u0131na kar\u015f\u0131 g\u00f6stermediklerini, Gazze\u2019ye silah ve para deste\u011finde bulunmad\u0131klar\u0131n\u0131, cihat\u00e7\u0131lar\u0131n\u0131 Filistin halk\u0131n\u0131 savunmak i\u00e7in g\u00f6ndermediklerini ifade etti.<\/p>\n<p>Bug\u00fcn Gazze\u2019de ya\u015fananlar\u0131n b\u00f6lgede ya\u015fananlardan ba\u011f\u0131ms\u0131z \u015fekilde ele al\u0131namayaca\u011f\u0131n\u0131, Filistin\u2019in i\u015fgali, Irak\u2019\u0131n istilas\u0131, b\u00f6lme giri\u015fimleri ve Sudan\u2019\u0131n b\u00f6l\u00fcnmesinin \u0130srail ve bat\u0131n\u0131n planlad\u0131\u011f\u0131 birbirine ba\u011fl\u0131 geli\u015fmeler zinciri oldu\u011funu s\u00f6yledi.<\/p>\n<p>El-Esad, bunun kendileri a\u00e7\u0131s\u0131ndan bilinen bir durum oldu\u011funa fakat bu plan\u0131n uygulay\u0131c\u0131lar\u0131n\u0131n her zaman bask\u0131c\u0131, otoriter ve gerici \u00fclkeler oldu\u011funa dikkat \u00e7ekti.<\/p>\n<p>G\u00f6revlerini ba\u015far\u0131yla yapan bu \u00fclkelere Arap Bahar\u0131 ad\u0131 alt\u0131nda kaosu finanse etme g\u00f6revi verildi\u011fini, Arap ligi y\u00f6netiminin teslim edildi\u011fini ve Arap liginin g\u00f6revinin NATO\u2019ya \u00e7a\u011fr\u0131 yapma, efendisinin emirlerine uymayan Arap \u00fclke ve halklar\u0131na yapt\u0131r\u0131m uygulamakla s\u0131n\u0131rland\u0131r\u0131ld\u0131\u011f\u0131n\u0131 ifade etti.<\/p>\n<p>El-Esad, bu \u00fclkelerin Suriye\u2019de 83 \u00fclkeden gelen ter\u00f6r vas\u0131tas\u0131yla oynad\u0131klar\u0131 rol\u00fc \u015fu an Gazze\u2019de \u0130srail ter\u00f6r\u00fc arac\u0131l\u0131\u011f\u0131yla oynad\u0131klar\u0131na i\u015faret ederek y\u00f6ntemleri farkl\u0131 olsa da hedefleri ve efendilerinin tek oldu\u011funa dikkat \u00e7ekti.<\/p>\n<p><a href=\"http:\/\/www.sana.sy\/tr\/wp-content\/uploads\/2014\/07\/Be\u015f\u015far-Esad-8.jpg\"><img loading=\"lazy\" decoding=\"async\" class=\"alignright wp-image-5380 size-medium\" src=\"http:\/\/www.sana.sy\/tr\/wp-content\/uploads\/2014\/07\/Be\u015f\u015far-Esad-8-199x300.jpg\" alt=\"Be\u015f\u015far Esad 8\" width=\"199\" height=\"300\" srcset=\"https:\/\/archive.sana.sy\/tr\/wp-content\/uploads\/2014\/07\/Be\u015f\u015far-Esad-8-199x300.jpg 199w, https:\/\/archive.sana.sy\/tr\/wp-content\/uploads\/2014\/07\/Be\u015f\u015far-Esad-8-99x150.jpg 99w, https:\/\/archive.sana.sy\/tr\/wp-content\/uploads\/2014\/07\/Be\u015f\u015far-Esad-8-681x1024.jpg 681w, https:\/\/archive.sana.sy\/tr\/wp-content\/uploads\/2014\/07\/Be\u015f\u015far-Esad-8.jpg 1677w\" sizes=\"auto, (max-width: 199px) 100vw, 199px\" \/><\/a>Baz\u0131 kesimlerin u\u011fra\u015faca\u011f\u0131m\u0131z bir \u00e7ok ulusal sorun ve dava olmas\u0131 itibariyle Gazze\u2019de ya\u015fananlara kay\u0131ts\u0131z ve duyars\u0131z kal\u0131rken bir k\u0131sm\u0131n\u0131n da \u0130srail\u2019in Filistin halk\u0131na y\u00f6nelik sald\u0131r\u0131s\u0131n\u0131 Filistinlilerin Suriye\u2019ye kar\u015f\u0131 vefas\u0131zl\u0131\u011f\u0131na tepki duyan bir tutumla k\u00f6t\u00fc niyetle bakt\u0131klar\u0131n\u0131 s\u00f6yleyen el-Esad, bu tutumun saf\u00e7a oldu\u011funu, \u00e7\u00fcnk\u00fc Suriye ve b\u00f6lgede ya\u015fanan t\u00fcm geli\u015fmelerin Filistin\u2019de ya\u015fananlarla ba\u011flant\u0131l\u0131 oldu\u011funun alt\u0131n\u0131 \u00e7izdi.<\/p>\n<p>El-Esad, Filistin davas\u0131ndan uzak kalarak g\u00fcven i\u00e7inde ya\u015fayabilece\u011fimizi sananlar\u0131n yan\u0131ld\u0131klar\u0131n\u0131, Filistin davas\u0131n\u0131n temel dava olarak kalaca\u011f\u0131n\u0131, \u00e7\u00fcnk\u00fc b\u00f6lgede ve \u00f6zellikle Suriye\u2019de ya\u015fanan geli\u015fmelerin temel olarak Filistin\u2019de ya\u015fananlarla do\u011frudan ba\u011flant\u0131l\u0131 oldu\u011funu belirtti.<\/p>\n<p>Cumhurba\u015fkan\u0131, \u201cdolay\u0131s\u0131yla desteklememiz gereken direnen Filistin halk\u0131yla baz\u0131 nank\u00f6rleri birbirinden ayr\u0131t etmek gerekiyor. Ger\u00e7ek direni\u015f\u00e7ilerle \u00e7\u0131karlar\u0131na g\u00f6re direni\u015f maskesi takanlar\u0131 birbirinden ay\u0131rmal\u0131y\u0131z aksi halde \u0130srail\u2019in hedeflerine hizmet etmi\u015f oluruz\u201d dedi.<br \/>\nCumhurba\u015fkan\u0131 el-Esad, son d\u00f6nemde ter\u00f6rle m\u00fccadelede b\u00fcy\u00fck ba\u015far\u0131lar elde edilmesine ra\u011fmen Rakka kentini unutmad\u0131klar\u0131n\u0131 ve \u00e7ok yak\u0131n zamanda ter\u00f6ristlerden kurtar\u0131laca\u011f\u0131n\u0131 belirterek direnen Halep kentinde g\u00fcvenlik ve huzur sa\u011flanana dek rahat etmeyeceklerine dikkat \u00e7ekti.<\/p>\n<p>Cumhurba\u015fkan\u0131 el-Esad, konu\u015fmas\u0131n\u0131n sonunda direnen Suriye ordusu, halk\u0131, Suriye\u2019nin m\u00fccadelesine destek veren L\u00fcbnanl\u0131 direni\u015f\u00e7ileri, \u015fehit aileleri, Suriye\u2019ye 3 y\u0131ld\u0131r uluslar aras\u0131 alanda deste\u011fini s\u00fcrd\u00fcren \u0130ran, Rusya ve \u00c7in\u2019i selamlad\u0131.<\/p>\n<div id='gallery-1' class='gallery galleryid-5336 gallery-columns-3 gallery-size-thumbnail'><figure class='gallery-item'>\n\t\t\t<div class='gallery-icon landscape'>\n\t\t\t\t<a href='https:\/\/archive.sana.sy\/tr\/wp-content\/uploads\/2014\/07\/Be\u015f\u015far-Esad-9.jpg'><img loading=\"lazy\" decoding=\"async\" width=\"150\" height=\"66\" src=\"https:\/\/archive.sana.sy\/tr\/wp-content\/uploads\/2014\/07\/Be\u015f\u015far-Esad-9-150x66.jpg\" class=\"attachment-thumbnail size-thumbnail\" alt=\"\" srcset=\"https:\/\/archive.sana.sy\/tr\/wp-content\/uploads\/2014\/07\/Be\u015f\u015far-Esad-9-150x66.jpg 150w, https:\/\/archive.sana.sy\/tr\/wp-content\/uploads\/2014\/07\/Be\u015f\u015far-Esad-9-300x132.jpg 300w, https:\/\/archive.sana.sy\/tr\/wp-content\/uploads\/2014\/07\/Be\u015f\u015far-Esad-9-1024x453.jpg 1024w\" sizes=\"auto, (max-width: 150px) 100vw, 150px\" \/><\/a>\n\t\t\t<\/div><\/figure><figure class='gallery-item'>\n\t\t\t<div class='gallery-icon landscape'>\n\t\t\t\t<a href='https:\/\/archive.sana.sy\/tr\/wp-content\/uploads\/2014\/07\/Be\u015f\u015far-Esad-10.jpg'><img loading=\"lazy\" decoding=\"async\" width=\"150\" height=\"104\" src=\"https:\/\/archive.sana.sy\/tr\/wp-content\/uploads\/2014\/07\/Be\u015f\u015far-Esad-10-150x104.jpg\" class=\"attachment-thumbnail size-thumbnail\" alt=\"\" srcset=\"https:\/\/archive.sana.sy\/tr\/wp-content\/uploads\/2014\/07\/Be\u015f\u015far-Esad-10-150x104.jpg 150w, https:\/\/archive.sana.sy\/tr\/wp-content\/uploads\/2014\/07\/Be\u015f\u015far-Esad-10-300x209.jpg 300w, https:\/\/archive.sana.sy\/tr\/wp-content\/uploads\/2014\/07\/Be\u015f\u015far-Esad-10-1024x715.jpg 1024w\" sizes=\"auto, (max-width: 150px) 100vw, 150px\" \/><\/a>\n\t\t\t<\/div><\/figure><figure class='gallery-item'>\n\t\t\t<div class='gallery-icon landscape'>\n\t\t\t\t<a href='https:\/\/archive.sana.sy\/tr\/wp-content\/uploads\/2014\/07\/Be\u015f\u015far-Esad-111.jpg'><img loading=\"lazy\" decoding=\"async\" width=\"150\" height=\"96\" src=\"https:\/\/archive.sana.sy\/tr\/wp-content\/uploads\/2014\/07\/Be\u015f\u015far-Esad-111-150x96.jpg\" class=\"attachment-thumbnail size-thumbnail\" alt=\"\" srcset=\"https:\/\/archive.sana.sy\/tr\/wp-content\/uploads\/2014\/07\/Be\u015f\u015far-Esad-111-150x96.jpg 150w, https:\/\/archive.sana.sy\/tr\/wp-content\/uploads\/2014\/07\/Be\u015f\u015far-Esad-111-300x192.jpg 300w, https:\/\/archive.sana.sy\/tr\/wp-content\/uploads\/2014\/07\/Be\u015f\u015far-Esad-111-1024x655.jpg 1024w\" sizes=\"auto, (max-width: 150px) 100vw, 150px\" \/><\/a>\n\t\t\t<\/div><\/figure><figure class='gallery-item'>\n\t\t\t<div class='gallery-icon landscape'>\n\t\t\t\t<a href='https:\/\/archive.sana.sy\/tr\/wp-content\/uploads\/2014\/07\/Be\u015f\u015far-Esad-12.jpg'><img loading=\"lazy\" decoding=\"async\" width=\"150\" height=\"79\" src=\"https:\/\/archive.sana.sy\/tr\/wp-content\/uploads\/2014\/07\/Be\u015f\u015far-Esad-12-150x79.jpg\" class=\"attachment-thumbnail size-thumbnail\" alt=\"\" srcset=\"https:\/\/archive.sana.sy\/tr\/wp-content\/uploads\/2014\/07\/Be\u015f\u015far-Esad-12-150x79.jpg 150w, https:\/\/archive.sana.sy\/tr\/wp-content\/uploads\/2014\/07\/Be\u015f\u015far-Esad-12-300x160.jpg 300w, https:\/\/archive.sana.sy\/tr\/wp-content\/uploads\/2014\/07\/Be\u015f\u015far-Esad-12.jpg 620w\" sizes=\"auto, (max-width: 150px) 100vw, 150px\" \/><\/a>\n\t\t\t<\/div><\/figure><figure class='gallery-item'>\n\t\t\t<div class='gallery-icon landscape'>\n\t\t\t\t<a href='https:\/\/archive.sana.sy\/tr\/wp-content\/uploads\/2014\/07\/Be\u015f\u015far-Esad-13.jpg'><img loading=\"lazy\" decoding=\"async\" width=\"150\" height=\"79\" src=\"https:\/\/archive.sana.sy\/tr\/wp-content\/uploads\/2014\/07\/Be\u015f\u015far-Esad-13-150x79.jpg\" class=\"attachment-thumbnail size-thumbnail\" alt=\"\" srcset=\"https:\/\/archive.sana.sy\/tr\/wp-content\/uploads\/2014\/07\/Be\u015f\u015far-Esad-13-150x79.jpg 150w, https:\/\/archive.sana.sy\/tr\/wp-content\/uploads\/2014\/07\/Be\u015f\u015far-Esad-13-300x160.jpg 300w, https:\/\/archive.sana.sy\/tr\/wp-content\/uploads\/2014\/07\/Be\u015f\u015far-Esad-13.jpg 620w\" sizes=\"auto, (max-width: 150px) 100vw, 150px\" \/><\/a>\n\t\t\t<\/div><\/figure><figure class='gallery-item'>\n\t\t\t<div class='gallery-icon landscape'>\n\t\t\t\t<a href='https:\/\/archive.sana.sy\/tr\/wp-content\/uploads\/2014\/07\/Be\u015f\u015far-Esad-14.jpg'><img loading=\"lazy\" decoding=\"async\" width=\"150\" height=\"79\" src=\"https:\/\/archive.sana.sy\/tr\/wp-content\/uploads\/2014\/07\/Be\u015f\u015far-Esad-14-150x79.jpg\" class=\"attachment-thumbnail size-thumbnail\" alt=\"\" srcset=\"https:\/\/archive.sana.sy\/tr\/wp-content\/uploads\/2014\/07\/Be\u015f\u015far-Esad-14-150x79.jpg 150w, https:\/\/archive.sana.sy\/tr\/wp-content\/uploads\/2014\/07\/Be\u015f\u015far-Esad-14-300x160.jpg 300w, https:\/\/archive.sana.sy\/tr\/wp-content\/uploads\/2014\/07\/Be\u015f\u015far-Esad-14.jpg 620w\" sizes=\"auto, (max-width: 150px) 100vw, 150px\" \/><\/a>\n\t\t\t<\/div><\/figure><figure class='gallery-item'>\n\t\t\t<div class='gallery-icon landscape'>\n\t\t\t\t<a href='https:\/\/archive.sana.sy\/tr\/wp-content\/uploads\/2014\/07\/Be\u015f\u015far-Esad-15.jpg'><img loading=\"lazy\" decoding=\"async\" width=\"150\" height=\"79\" src=\"https:\/\/archive.sana.sy\/tr\/wp-content\/uploads\/2014\/07\/Be\u015f\u015far-Esad-15-150x79.jpg\" class=\"attachment-thumbnail size-thumbnail\" alt=\"\" srcset=\"https:\/\/archive.sana.sy\/tr\/wp-content\/uploads\/2014\/07\/Be\u015f\u015far-Esad-15-150x79.jpg 150w, https:\/\/archive.sana.sy\/tr\/wp-content\/uploads\/2014\/07\/Be\u015f\u015far-Esad-15-300x160.jpg 300w, https:\/\/archive.sana.sy\/tr\/wp-content\/uploads\/2014\/07\/Be\u015f\u015far-Esad-15.jpg 620w\" sizes=\"auto, (max-width: 150px) 100vw, 150px\" \/><\/a>\n\t\t\t<\/div><\/figure><figure class='gallery-item'>\n\t\t\t<div class='gallery-icon landscape'>\n\t\t\t\t<a href='https:\/\/archive.sana.sy\/tr\/wp-content\/uploads\/2014\/07\/Be\u015f\u015far-Esad-16.jpg'><img loading=\"lazy\" decoding=\"async\" width=\"150\" height=\"79\" src=\"https:\/\/archive.sana.sy\/tr\/wp-content\/uploads\/2014\/07\/Be\u015f\u015far-Esad-16-150x79.jpg\" class=\"attachment-thumbnail size-thumbnail\" alt=\"\" srcset=\"https:\/\/archive.sana.sy\/tr\/wp-content\/uploads\/2014\/07\/Be\u015f\u015far-Esad-16-150x79.jpg 150w, https:\/\/archive.sana.sy\/tr\/wp-content\/uploads\/2014\/07\/Be\u015f\u015far-Esad-16-300x160.jpg 300w, https:\/\/archive.sana.sy\/tr\/wp-content\/uploads\/2014\/07\/Be\u015f\u015far-Esad-16.jpg 620w\" sizes=\"auto, (max-width: 150px) 100vw, 150px\" \/><\/a>\n\t\t\t<\/div><\/figure><figure class='gallery-item'>\n\t\t\t<div class='gallery-icon landscape'>\n\t\t\t\t<a href='https:\/\/archive.sana.sy\/tr\/wp-content\/uploads\/2014\/07\/Be\u015f\u015far-Esad-17.jpg'><img loading=\"lazy\" decoding=\"async\" width=\"150\" height=\"79\" src=\"https:\/\/archive.sana.sy\/tr\/wp-content\/uploads\/2014\/07\/Be\u015f\u015far-Esad-17-150x79.jpg\" class=\"attachment-thumbnail size-thumbnail\" alt=\"\" srcset=\"https:\/\/archive.sana.sy\/tr\/wp-content\/uploads\/2014\/07\/Be\u015f\u015far-Esad-17-150x79.jpg 150w, https:\/\/archive.sana.sy\/tr\/wp-content\/uploads\/2014\/07\/Be\u015f\u015far-Esad-17-300x160.jpg 300w, https:\/\/archive.sana.sy\/tr\/wp-content\/uploads\/2014\/07\/Be\u015f\u015far-Esad-17.jpg 620w\" sizes=\"auto, (max-width: 150px) 100vw, 150px\" \/><\/a>\n\t\t\t<\/div><\/figure>\n\t\t<\/div>\n\n<p>&nbsp;<\/p>\n","protected":false},"excerpt":{"rendered":"<p>\u015eAM \u2013 Say\u0131n Be\u015f\u015far el Esad; Halk Meclisi \u00fcyelerinin yan\u0131 s\u0131ra resmi, sosyal ve din adamlar\u0131ndan geni\u015f kat\u0131l\u0131m ile d\u00fcn d\u00fczenlenen g\u00f6rkemli t\u00f6rende Suriye Arap Cumhuriyetinin Cumhurba\u015fkan\u0131 olarak anayasal yemini etti. Halk Saray\u0131 \u00f6n\u00fcnde protokol ge\u00e7it t\u00f6reninde \u015feref mangas\u0131n\u0131 selamlamas\u0131 ard\u0131ndan salona ge\u00e7en el Esad, Halk Meclisi Ba\u015fkan\u0131 Muhammed Cihat el Lahham\u2019\u0131n k\u0131sa a\u00e7\u0131l\u0131\u015f konu\u015fmas\u0131 &hellip;<\/p>\n","protected":false},"author":1,"featured_media":5369,"comment_status":"closed","ping_status":"closed","sticky":false,"template":"","format":"standard","meta":{"footnotes":""},"categories":[479,609,447,605,478],"tags":[1164],"class_list":["post-5336","post","type-post","status-publish","format-standard","has-post-thumbnail","","category-haberler-yerel","category-konusmalar","category-politika","category-sayin-cumhurbaskani","category-yerel","tag-el-esad-anayasal-yemini-etti"],"_links":{"self":[{"href":"https:\/\/archive.sana.sy\/tr\/index.php?rest_route=\/wp\/v2\/posts\/5336","targetHints":{"allow":["GET"]}}],"collection":[{"href":"https:\/\/archive.sana.sy\/tr\/index.php?rest_route=\/wp\/v2\/posts"}],"about":[{"href":"https:\/\/archive.sana.sy\/tr\/index.php?rest_route=\/wp\/v2\/types\/post"}],"author":[{"embeddable":true,"href":"https:\/\/archive.sana.sy\/tr\/index.php?rest_route=\/wp\/v2\/users\/1"}],"replies":[{"embeddable":true,"href":"https:\/\/archive.sana.sy\/tr\/index.php?rest_route=%2Fwp%2Fv2%2Fcomments&post=5336"}],"version-history":[{"count":0,"href":"https:\/\/archive.sana.sy\/tr\/index.php?rest_route=\/wp\/v2\/posts\/5336\/revisions"}],"wp:featuredmedia":[{"embeddable":true,"href":"https:\/\/archive.sana.sy\/tr\/index.php?rest_route=\/wp\/v2\/media\/5369"}],"wp:attachment":[{"href":"https:\/\/archive.sana.sy\/tr\/index.php?rest_route=%2Fwp%2Fv2%2Fmedia&parent=5336"}],"wp:term":[{"taxonomy":"category","embeddable":true,"href":"https:\/\/archive.sana.sy\/tr\/index.php?rest_route=%2Fwp%2Fv2%2Fcategories&post=5336"},{"taxonomy":"post_tag","embeddable":true,"href":"https:\/\/archive.sana.sy\/tr\/index.php?rest_route=%2Fwp%2Fv2%2Ftags&post=5336"}],"curies":[{"name":"wp","href":"https:\/\/api.w.org\/{rel}","templated":true}]}}