{"id":53365,"date":"2015-11-24T16:16:38","date_gmt":"2015-11-24T14:16:38","guid":{"rendered":"http:\/\/www.sana.sy\/tr\/?p=53365"},"modified":"2015-11-24T16:16:38","modified_gmt":"2015-11-24T14:16:38","slug":"teroru-destekleyen-bir-guc-tarafindan-sirttan-bicaklamadir","status":"publish","type":"post","link":"https:\/\/archive.sana.sy\/tr\/?p=53365","title":{"rendered":"Ter\u00f6r\u00fc Destekleyen Bir G\u00fc\u00e7 Taraf\u0131ndan S\u0131rttan B\u0131\u00e7aklamad\u0131r"},"content":{"rendered":"<p>SUCH\u0130 \u2013 Rusya Ba\u015fkan\u0131 Vladimir Putin Rus sava\u015f u\u00e7a\u011f\u0131n\u0131n Suriye semalar\u0131nda d\u00fc\u015f\u00fcr\u00fclmesinin, ter\u00f6r\u00fc destekleyen bir g\u00fc\u00e7 taraf\u0131ndan s\u0131rttan b\u0131\u00e7aklama niteli\u011finde oldu\u011funu belirterek bunun Rusya ile T\u00fcrkiye aras\u0131ndaki ili\u015fkilere ciddi ve k\u00f6t\u00fc ak\u0131betleri olaca\u011f\u0131n\u0131 ifade etti.<\/p>\n<p>Putin \u00dcrd\u00fcn Kral\u0131 II. Abdullah ile bug\u00fcn Rusya&#8217;n\u0131n Suchi \u015eehrinde bulundu\u011fu g\u00f6r\u00fc\u015fmede; bu olaylar\u0131n ter\u00f6re kar\u015f\u0131 sava\u015f \u00e7er\u00e7evesinden \u00e7\u0131kt\u0131\u011f\u0131n\u0131 s\u00f6yledi. Askerlerin ter\u00f6re kar\u015f\u0131 sava\u015fta bulunmalar\u0131 ve canlar\u0131n\u0131 feda etmelerinin normal bir \u015fey oldu\u011funu s\u00f6yleyen Putin; fakat bu g\u00fcnk\u00fc kurbanlar\u0131n, ter\u00f6ristlerle i\u015fbirli\u011fi i\u00e7inde olanlar taraf\u0131ndan s\u0131rttan b\u0131\u00e7aklama neticesinde oldu\u011funa dikkat \u00e7ekti.<\/p>\n<p>Putin Rus sava\u015f u\u00e7a\u011f\u0131n\u0131n Suriye semalar\u0131nda T\u00fcrk sava\u015f u\u00e7aklar\u0131 taraf\u0131ndan hava \u2013 hava f\u00fczeleriyle hedef al\u0131nd\u0131\u011f\u0131na vurgu yapan Putin; u\u00e7a\u011f\u0131n T\u00fcrkiye s\u0131n\u0131rlar\u0131ndan 4 km uzakl\u0131kta Suriye topraklar\u0131 i\u00e7inde d\u00fc\u015ft\u00fc\u011f\u00fcn\u00fc belirtti. Putin u\u00e7a\u011f\u0131n 6 km y\u00fckseklikte olup T\u00fcrkiye s\u0131n\u0131rlar\u0131ndan da 1 km uzakl\u0131kta oldu\u011funun da alt\u0131n\u0131 \u00e7izdi.<\/p>\n<p>Rus u\u00e7aklar\u0131 ve pilotlar\u0131n\u0131n hi\u00e7bir \u015fekilde T\u00fcrkiye&#8217;yi tehdit etmedi\u011fine dikkat \u00e7eken Putin; bunun apa\u00e7\u0131k ve net oldu\u011funu s\u00f6yledi. Putin Rus u\u00e7aklar\u0131n Suriye topraklar\u0131ndaki da\u011fl\u0131k b\u00f6lgelerde I\u015e\u0130D mevkilerini ve Rusya federasyonundan giden tekfircileri vurmakta oldu\u011funu belirtti.<\/p>\n<p>Rusya&#8217;n\u0131n bir s\u00fcre \u00f6nce s\u00f6z konusu ter\u00f6ristler arac\u0131l\u0131\u011f\u0131 ile T\u00fcrkiye&#8217;ye b\u00fcy\u00fck miktarda petrole ek olarak yine b\u00fcy\u00fck miktarda paralar\u0131n g\u00f6nderildi\u011fini tespit edip kan\u0131tlad\u0131\u011f\u0131na dikkat \u00e7eken Putin; dolay\u0131s\u0131yla Rusya&#8217;n\u0131n ter\u00f6rle m\u00fccadele etmesi nedeniyle bu olay\u0131 s\u0131rttan b\u0131\u00e7aklama olarak nitelendirdi\u011fini ifade etti.<\/p>\n<p>Putin Rusya&#8217;n\u0131n Suriye&#8217;de hava operasyonlar\u0131 ger\u00e7ekle\u015ftiren u\u00e7aklar\u0131n selameti konusunda ABD ile anla\u015ft\u0131\u011f\u0131na dikkat \u00e7ekerken, T\u00fcrkiye&#8217;nin de bilindi\u011fi \u00fczere Amerikan koalisyonu saflar\u0131nda ter\u00f6re kar\u015f\u0131 sava\u015ft\u0131klar\u0131n\u0131 ilan eden taraflardan biri oldu\u011funa i\u015faret etti.<\/p>\n<p>I\u015e\u0130D\u2019in T\u00fcrkiye&#8217;ye satt\u0131\u011f\u0131 \u00e7al\u0131nt\u0131 petrol arac\u0131l\u0131\u011f\u0131 ile y\u00fczlerce hatta beklide milyarlarca dolar finans elde etti\u011fini belirten Putin; bir\u00e7ok devletin g\u00fc\u00e7leri taraf\u0131ndan korunan bu tekfirci ter\u00f6ristlerin Avrupa ve daha ba\u015fka b\u00f6lgelerde nas\u0131l ve neden ter\u00f6r eylemlerinde bulunduklar\u0131n\u0131n da bilindi\u011fini s\u00f6yledi.<\/p>\n<p>Rusya Ba\u015fkan\u0131 Putin, \u00fclkesinin T\u00fcrkiye ile her daim sadece kom\u015fu bir devlet de\u011fil, dost bir devlet olarak ili\u015fkilerini y\u00fcr\u00fctmeye \u00e7al\u0131\u015ft\u0131\u011f\u0131na i\u015faret ederken; T\u00fcrklerin hemen ve direk Rusya ile ba\u011flant\u0131ya ge\u00e7meleri yerine NATO\u2019daki ortaklar\u0131yla temasa ge\u00e7melerinin tuhafl\u0131\u011f\u0131na dikkat \u00e7ekti. Putin T\u00fcrkiye&#8217;nin NATO\u2019yu I\u015e\u0130D\u2019in hizmetine koymaya \u00e7al\u0131\u015ft\u0131klar\u0131na i\u015faret etti.<\/p>\n<p>Her \u00fclkenin kendi \u00e7\u0131karlar\u0131 do\u011frultusunda tutum ve politikalar\u0131n\u0131n olmas\u0131n\u0131 Rusya&#8217;n\u0131n gayet iyi bir \u015fekilde idrak edebilece\u011fini belirten Putin; fakat bug\u00fcn meydana gelen olay\u0131 kabullenmesinin kesinlikle m\u00fcmk\u00fcn olmad\u0131\u011f\u0131n\u0131 da vurgulad\u0131.<\/p>\n","protected":false},"excerpt":{"rendered":"<p>SUCH\u0130 \u2013 Rusya Ba\u015fkan\u0131 Vladimir Putin Rus sava\u015f u\u00e7a\u011f\u0131n\u0131n Suriye semalar\u0131nda d\u00fc\u015f\u00fcr\u00fclmesinin, ter\u00f6r\u00fc destekleyen bir g\u00fc\u00e7 taraf\u0131ndan s\u0131rttan b\u0131\u00e7aklama niteli\u011finde oldu\u011funu belirterek bunun Rusya ile T\u00fcrkiye aras\u0131ndaki ili\u015fkilere ciddi ve k\u00f6t\u00fc ak\u0131betleri olaca\u011f\u0131n\u0131 ifade etti. Putin \u00dcrd\u00fcn Kral\u0131 II. Abdullah ile bug\u00fcn Rusya&#8217;n\u0131n Suchi \u015eehrinde bulundu\u011fu g\u00f6r\u00fc\u015fmede; bu olaylar\u0131n ter\u00f6re kar\u015f\u0131 sava\u015f \u00e7er\u00e7evesinden \u00e7\u0131kt\u0131\u011f\u0131n\u0131 s\u00f6yledi. &hellip;<\/p>\n","protected":false},"author":1,"featured_media":53366,"comment_status":"closed","ping_status":"closed","sticky":false,"template":"","format":"standard","meta":{"footnotes":""},"categories":[458,459,447,2554,2555],"tags":[17824],"class_list":["post-53365","post","type-post","status-publish","format-standard","has-post-thumbnail","","category-dunya1","category-haberler-arap-uluslararasi-politika","category-politika","category-suriye-ve-dunya","category-suriye-ve-turkiye","tag-teroru-destekleyen-bir-guc-tarafindan-sirttan-bicaklamadir"],"_links":{"self":[{"href":"https:\/\/archive.sana.sy\/tr\/index.php?rest_route=\/wp\/v2\/posts\/53365","targetHints":{"allow":["GET"]}}],"collection":[{"href":"https:\/\/archive.sana.sy\/tr\/index.php?rest_route=\/wp\/v2\/posts"}],"about":[{"href":"https:\/\/archive.sana.sy\/tr\/index.php?rest_route=\/wp\/v2\/types\/post"}],"author":[{"embeddable":true,"href":"https:\/\/archive.sana.sy\/tr\/index.php?rest_route=\/wp\/v2\/users\/1"}],"replies":[{"embeddable":true,"href":"https:\/\/archive.sana.sy\/tr\/index.php?rest_route=%2Fwp%2Fv2%2Fcomments&post=53365"}],"version-history":[{"count":0,"href":"https:\/\/archive.sana.sy\/tr\/index.php?rest_route=\/wp\/v2\/posts\/53365\/revisions"}],"wp:featuredmedia":[{"embeddable":true,"href":"https:\/\/archive.sana.sy\/tr\/index.php?rest_route=\/wp\/v2\/media\/53366"}],"wp:attachment":[{"href":"https:\/\/archive.sana.sy\/tr\/index.php?rest_route=%2Fwp%2Fv2%2Fmedia&parent=53365"}],"wp:term":[{"taxonomy":"category","embeddable":true,"href":"https:\/\/archive.sana.sy\/tr\/index.php?rest_route=%2Fwp%2Fv2%2Fcategories&post=53365"},{"taxonomy":"post_tag","embeddable":true,"href":"https:\/\/archive.sana.sy\/tr\/index.php?rest_route=%2Fwp%2Fv2%2Ftags&post=53365"}],"curies":[{"name":"wp","href":"https:\/\/api.w.org\/{rel}","templated":true}]}}