{"id":53382,"date":"2015-11-25T11:09:20","date_gmt":"2015-11-25T09:09:20","guid":{"rendered":"http:\/\/www.sana.sy\/tr\/?p=53382"},"modified":"2015-11-25T11:09:20","modified_gmt":"2015-11-25T09:09:20","slug":"saban-batili-devletlerin-terore-karsi-tepkisi-zayif-ve-gecikmistir","status":"publish","type":"post","link":"https:\/\/archive.sana.sy\/tr\/?p=53382","title":{"rendered":"\u015eaban: Bat\u0131l\u0131 Devletlerin Ter\u00f6re Kar\u015f\u0131 Tepkisi Zay\u0131f ve Gecikmi\u015ftir"},"content":{"rendered":"<p>\u015eAM \u2013 Cumhurba\u015fkanl\u0131\u011f\u0131 Siyasi ve Bas\u0131n M\u00fcste\u015far\u0131 Buseyna \u015eaban, Bat\u0131l\u0131 devletlerin ter\u00f6re kar\u015f\u0131 tepkilerinin zay\u0131f ve gecikmeli olarak geldi\u011fini ifade ederek Cumhurba\u015fkan\u0131 Be\u015f\u015far el Esad\u2019\u0131n 2012 y\u0131l\u0131n\u0131n ba\u015flar\u0131ndan itibaren ter\u00f6r\u00fcn b\u00fct\u00fcn d\u00fcnya i\u00e7in bir tehlike te\u015fkil etti\u011fine dikkat \u00e7ekmeye ba\u015flad\u0131\u011f\u0131n\u0131 hat\u0131rlatt\u0131.<\/p>\n<p>D\u00fcn Fransa\u2019da yay\u0131nlanan bir gazeteye r\u00f6portaj veren \u015eaban; Bat\u0131l\u0131 devletlerin sadece kendi vatanda\u015flar\u0131n\u0131 \u00f6nemsedi\u011fine i\u015faret ederek Suriye\u2019nin 4 y\u0131l\u0131 a\u015fk\u0131n bir s\u00fcredir d\u00fcnyay\u0131 ter\u00f6re kar\u015f\u0131 dikkat uyar\u0131lar\u0131n\u0131 yineledi\u011fini ibraz etti.<\/p>\n<p>Fransa Ba\u015fkan\u0131 FransuaHoland\u2019\u0131n, ter\u00f6r Paris\u2019i vurana kadar ter\u00f6re kar\u015f\u0131 bir koalisyon kurulmas\u0131 gere\u011finden s\u00f6z etmedi\u011fine de\u011finen \u015eaban; Holand\u2019\u0131n Rusya ile ter\u00f6re kar\u015f\u0131 koalisyon giri\u015fiminde ba\u015far\u0131l\u0131 olmas\u0131 temennisinde bulundu.<\/p>\n<p>F.B. &#8211; R.H.<\/p>\n","protected":false},"excerpt":{"rendered":"<p>\u015eAM \u2013 Cumhurba\u015fkanl\u0131\u011f\u0131 Siyasi ve Bas\u0131n M\u00fcste\u015far\u0131 Buseyna \u015eaban, Bat\u0131l\u0131 devletlerin ter\u00f6re kar\u015f\u0131 tepkilerinin zay\u0131f ve gecikmeli olarak geldi\u011fini ifade ederek Cumhurba\u015fkan\u0131 Be\u015f\u015far el Esad\u2019\u0131n 2012 y\u0131l\u0131n\u0131n ba\u015flar\u0131ndan itibaren ter\u00f6r\u00fcn b\u00fct\u00fcn d\u00fcnya i\u00e7in bir tehlike te\u015fkil etti\u011fine dikkat \u00e7ekmeye ba\u015flad\u0131\u011f\u0131n\u0131 hat\u0131rlatt\u0131. D\u00fcn Fransa\u2019da yay\u0131nlanan bir gazeteye r\u00f6portaj veren \u015eaban; Bat\u0131l\u0131 devletlerin sadece kendi vatanda\u015flar\u0131n\u0131 \u00f6nemsedi\u011fine &hellip;<\/p>\n","protected":false},"author":1,"featured_media":53383,"comment_status":"closed","ping_status":"closed","sticky":false,"template":"","format":"standard","meta":{"footnotes":""},"categories":[479,447,478],"tags":[17827],"class_list":["post-53382","post","type-post","status-publish","format-standard","has-post-thumbnail","","category-haberler-yerel","category-politika","category-yerel","tag-saban-batili-devletlerin-terore-karsi-tepkisi-zayif-ve-gecikmistir"],"_links":{"self":[{"href":"https:\/\/archive.sana.sy\/tr\/index.php?rest_route=\/wp\/v2\/posts\/53382","targetHints":{"allow":["GET"]}}],"collection":[{"href":"https:\/\/archive.sana.sy\/tr\/index.php?rest_route=\/wp\/v2\/posts"}],"about":[{"href":"https:\/\/archive.sana.sy\/tr\/index.php?rest_route=\/wp\/v2\/types\/post"}],"author":[{"embeddable":true,"href":"https:\/\/archive.sana.sy\/tr\/index.php?rest_route=\/wp\/v2\/users\/1"}],"replies":[{"embeddable":true,"href":"https:\/\/archive.sana.sy\/tr\/index.php?rest_route=%2Fwp%2Fv2%2Fcomments&post=53382"}],"version-history":[{"count":0,"href":"https:\/\/archive.sana.sy\/tr\/index.php?rest_route=\/wp\/v2\/posts\/53382\/revisions"}],"wp:featuredmedia":[{"embeddable":true,"href":"https:\/\/archive.sana.sy\/tr\/index.php?rest_route=\/wp\/v2\/media\/53383"}],"wp:attachment":[{"href":"https:\/\/archive.sana.sy\/tr\/index.php?rest_route=%2Fwp%2Fv2%2Fmedia&parent=53382"}],"wp:term":[{"taxonomy":"category","embeddable":true,"href":"https:\/\/archive.sana.sy\/tr\/index.php?rest_route=%2Fwp%2Fv2%2Fcategories&post=53382"},{"taxonomy":"post_tag","embeddable":true,"href":"https:\/\/archive.sana.sy\/tr\/index.php?rest_route=%2Fwp%2Fv2%2Ftags&post=53382"}],"curies":[{"name":"wp","href":"https:\/\/api.w.org\/{rel}","templated":true}]}}