{"id":53390,"date":"2015-11-25T10:15:55","date_gmt":"2015-11-25T08:15:55","guid":{"rendered":"http:\/\/www.sana.sy\/tr\/?p=53390"},"modified":"2015-11-25T12:26:05","modified_gmt":"2015-11-25T10:26:05","slug":"rusya-basbakani-dimitry-medvedev-bugun-basina-yaptigi-aciklamada-rus-savas-ucagini-dusuren-turk-otoritelerin-isledikleri-suc-eylemlerinin-turkiyenin-iside-koruma-temin-ettigini-ortaya-koyd","status":"publish","type":"post","link":"https:\/\/archive.sana.sy\/tr\/?p=53390","title":{"rendered":"Rusya Ba\u015fbakan\u0131 Dimitry Medvedev bug\u00fcn bas\u0131na yapt\u0131\u011f\u0131 a\u00e7\u0131klamada; Rus sava\u015f u\u00e7a\u011f\u0131n\u0131 d\u00fc\u015f\u00fcren T\u00fcrk otoritelerin i\u015fledikleri su\u00e7 eylemlerinin T\u00fcrkiye&#8217;nin I\u015e\u0130D\u2019e koruma temin etti\u011fini ortaya koydu\u011funu ve Rusya ile T\u00fcrkiye aras\u0131ndaki ili\u015fkileri imha etti\u011fini belirtti."},"content":{"rendered":"<p>Rusya Ba\u015fbakan\u0131 Dimitry Medvedev bug\u00fcn bas\u0131na yapt\u0131\u011f\u0131 a\u00e7\u0131klamada; Rus sava\u015f u\u00e7a\u011f\u0131n\u0131 d\u00fc\u015f\u00fcren T\u00fcrk otoritelerin i\u015fledikleri su\u00e7 eylemlerinin T\u00fcrkiye&#8217;nin I\u015e\u0130D\u2019e koruma temin etti\u011fini ortaya koydu\u011funu ve Rusya ile T\u00fcrkiye aras\u0131ndaki ili\u015fkileri imha etti\u011fini belirtti.<\/p>\n","protected":false},"excerpt":{"rendered":"<p>Rusya Ba\u015fbakan\u0131 Dimitry Medvedev bug\u00fcn bas\u0131na yapt\u0131\u011f\u0131 a\u00e7\u0131klamada; Rus sava\u015f u\u00e7a\u011f\u0131n\u0131 d\u00fc\u015f\u00fcren T\u00fcrk otoritelerin i\u015fledikleri su\u00e7 eylemlerinin T\u00fcrkiye&#8217;nin I\u015e\u0130D\u2019e koruma temin etti\u011fini ortaya koydu\u011funu ve Rusya ile T\u00fcrkiye aras\u0131ndaki ili\u015fkileri imha etti\u011fini belirtti.<\/p>\n","protected":false},"author":1,"featured_media":0,"comment_status":"closed","ping_status":"closed","sticky":false,"template":"","format":"standard","meta":{"footnotes":""},"categories":[1],"tags":[],"class_list":["post-53390","post","type-post","status-publish","format-standard","","category-news-not-sorted"],"_links":{"self":[{"href":"https:\/\/archive.sana.sy\/tr\/index.php?rest_route=\/wp\/v2\/posts\/53390","targetHints":{"allow":["GET"]}}],"collection":[{"href":"https:\/\/archive.sana.sy\/tr\/index.php?rest_route=\/wp\/v2\/posts"}],"about":[{"href":"https:\/\/archive.sana.sy\/tr\/index.php?rest_route=\/wp\/v2\/types\/post"}],"author":[{"embeddable":true,"href":"https:\/\/archive.sana.sy\/tr\/index.php?rest_route=\/wp\/v2\/users\/1"}],"replies":[{"embeddable":true,"href":"https:\/\/archive.sana.sy\/tr\/index.php?rest_route=%2Fwp%2Fv2%2Fcomments&post=53390"}],"version-history":[{"count":0,"href":"https:\/\/archive.sana.sy\/tr\/index.php?rest_route=\/wp\/v2\/posts\/53390\/revisions"}],"wp:attachment":[{"href":"https:\/\/archive.sana.sy\/tr\/index.php?rest_route=%2Fwp%2Fv2%2Fmedia&parent=53390"}],"wp:term":[{"taxonomy":"category","embeddable":true,"href":"https:\/\/archive.sana.sy\/tr\/index.php?rest_route=%2Fwp%2Fv2%2Fcategories&post=53390"},{"taxonomy":"post_tag","embeddable":true,"href":"https:\/\/archive.sana.sy\/tr\/index.php?rest_route=%2Fwp%2Fv2%2Ftags&post=53390"}],"curies":[{"name":"wp","href":"https:\/\/api.w.org\/{rel}","templated":true}]}}