{"id":53391,"date":"2015-11-25T14:30:12","date_gmt":"2015-11-25T12:30:12","guid":{"rendered":"http:\/\/www.sana.sy\/tr\/?p=53391"},"modified":"2015-11-25T14:29:58","modified_gmt":"2015-11-25T12:29:58","slug":"lavrov-rus-savas-ucaginin-dusurulmesinin-isid-teror-orgutunun-kontrolundeki-petrol-rafinerileri-ve-petrol-depolarinin-imha-edilmesiyle-ilgisi-olduguna-dikkat-cekerek-turkiyedeki-rejim-ile-isid-ara","status":"publish","type":"post","link":"https:\/\/archive.sana.sy\/tr\/?p=53391","title":{"rendered":"Lavrov Rus sava\u015f u\u00e7a\u011f\u0131n\u0131n d\u00fc\u015f\u00fcr\u00fclmesinin; I\u015e\u0130D ter\u00f6r \u00f6rg\u00fct\u00fcn\u00fcn kontrol\u00fcndeki petrol rafinerileri ve petrol depolar\u0131n\u0131n imha edilmesiyle ilgisi oldu\u011funa dikkat \u00e7ekerek, T\u00fcrkiye&#8217;deki rejim ile I\u015e\u0130D aras\u0131ndaki petrol ticaretinin t\u00fcm d\u00fcnya taraf\u0131ndan bilindi\u011fine vurgu yapt\u0131."},"content":{"rendered":"<p>Lavrov Rus sava\u015f u\u00e7a\u011f\u0131n\u0131n d\u00fc\u015f\u00fcr\u00fclmesinin; I\u015e\u0130D ter\u00f6r \u00f6rg\u00fct\u00fcn\u00fcn kontrol\u00fcndeki petrol rafinerileri ve petrol depolar\u0131n\u0131n imha edilmesiyle ilgisi oldu\u011funa dikkat \u00e7ekerek, T\u00fcrkiye&#8217;deki rejim ile I\u015e\u0130D aras\u0131ndaki petrol ticaretinin t\u00fcm d\u00fcnya taraf\u0131ndan bilindi\u011fine vurgu yapt\u0131.<\/p>\n","protected":false},"excerpt":{"rendered":"<p>Lavrov Rus sava\u015f u\u00e7a\u011f\u0131n\u0131n d\u00fc\u015f\u00fcr\u00fclmesinin; I\u015e\u0130D ter\u00f6r \u00f6rg\u00fct\u00fcn\u00fcn kontrol\u00fcndeki petrol rafinerileri ve petrol depolar\u0131n\u0131n imha edilmesiyle ilgisi oldu\u011funa dikkat \u00e7ekerek, T\u00fcrkiye&#8217;deki rejim ile I\u015e\u0130D aras\u0131ndaki petrol ticaretinin t\u00fcm d\u00fcnya taraf\u0131ndan bilindi\u011fine vurgu yapt\u0131.<\/p>\n","protected":false},"author":1,"featured_media":0,"comment_status":"closed","ping_status":"closed","sticky":false,"template":"","format":"standard","meta":{"footnotes":""},"categories":[1],"tags":[],"class_list":["post-53391","post","type-post","status-publish","format-standard","","category-news-not-sorted"],"_links":{"self":[{"href":"https:\/\/archive.sana.sy\/tr\/index.php?rest_route=\/wp\/v2\/posts\/53391","targetHints":{"allow":["GET"]}}],"collection":[{"href":"https:\/\/archive.sana.sy\/tr\/index.php?rest_route=\/wp\/v2\/posts"}],"about":[{"href":"https:\/\/archive.sana.sy\/tr\/index.php?rest_route=\/wp\/v2\/types\/post"}],"author":[{"embeddable":true,"href":"https:\/\/archive.sana.sy\/tr\/index.php?rest_route=\/wp\/v2\/users\/1"}],"replies":[{"embeddable":true,"href":"https:\/\/archive.sana.sy\/tr\/index.php?rest_route=%2Fwp%2Fv2%2Fcomments&post=53391"}],"version-history":[{"count":0,"href":"https:\/\/archive.sana.sy\/tr\/index.php?rest_route=\/wp\/v2\/posts\/53391\/revisions"}],"wp:attachment":[{"href":"https:\/\/archive.sana.sy\/tr\/index.php?rest_route=%2Fwp%2Fv2%2Fmedia&parent=53391"}],"wp:term":[{"taxonomy":"category","embeddable":true,"href":"https:\/\/archive.sana.sy\/tr\/index.php?rest_route=%2Fwp%2Fv2%2Fcategories&post=53391"},{"taxonomy":"post_tag","embeddable":true,"href":"https:\/\/archive.sana.sy\/tr\/index.php?rest_route=%2Fwp%2Fv2%2Ftags&post=53391"}],"curies":[{"name":"wp","href":"https:\/\/api.w.org\/{rel}","templated":true}]}}