{"id":53395,"date":"2015-11-25T12:41:03","date_gmt":"2015-11-25T10:41:03","guid":{"rendered":"http:\/\/www.sana.sy\/tr\/?p=53395"},"modified":"2015-11-25T12:41:03","modified_gmt":"2015-11-25T10:41:03","slug":"iliskileri-imha-etti","status":"publish","type":"post","link":"https:\/\/archive.sana.sy\/tr\/?p=53395","title":{"rendered":"\u0130li\u015fkileri \u0130mha Etti"},"content":{"rendered":"<p>MOSKOVA \u2013 Rusya Ba\u015fbakan\u0131 Dimitry Medvedev Rus sava\u015f u\u00e7a\u011f\u0131n\u0131 d\u00fc\u015f\u00fcren T\u00fcrk otoritelerin i\u015fledikleri su\u00e7 eylemlerinin T\u00fcrkiye&#8217;nin I\u015e\u0130D\u2019e koruma temin etti\u011fini ortaya koydu\u011funu ve Rusya ile T\u00fcrkiye aras\u0131ndaki ili\u015fkileri imha etti\u011fini belirtti.<\/p>\n<p>Medvedev bug\u00fcn bas\u0131na yapt\u0131\u011f\u0131 ve Sputnik Ajans\u0131n\u0131n aktard\u0131\u011f\u0131 a\u00e7\u0131klamalar\u0131nda; Suriye&#8217;de tekfirci ter\u00f6rle m\u00fccadele eden Rus sava\u015f u\u00e7a\u011f\u0131n\u0131n T\u00fcrkiye taraf\u0131ndan d\u00fc\u015f\u00fcr\u00fclmesinin, T\u00fcrkiye ile tekfirci ter\u00f6ristler aras\u0131ndaki ba\u011flant\u0131lar\u0131 ortaya koydu\u011funu ifade etti. Bu ili\u015fkilerin garipsenmedi\u011fine i\u015faret eden Medvedev; I\u015e\u0130D ile T\u00fcrk kimi yetkililer aras\u0131ndaki petrol ticaretinin apa\u00e7\u0131k ortada oldu\u011funa vurgu yapt\u0131.<\/p>\n<p>T\u00fcrkiye&#8217;nin bu davran\u0131\u015f\u0131yla Rusya ile ili\u015fkilerini imha etti\u011fini ve Rusya ile NATO aras\u0131ndaki ili\u015fkileri de gerdi\u011fini ifade eden Medvedev; ikili ili\u015fkilerde onar\u0131lmas\u0131 m\u00fcmk\u00fcn olmayan k\u0131r\u0131lmalara yol a\u00e7t\u0131\u011f\u0131n\u0131 s\u00f6yledi. Medvedev Rusya&#8217;n\u0131n bu d\u00fc\u015fmanc\u0131 sald\u0131r\u0131 \u0131\u015f\u0131\u011f\u0131nda T\u00fcrkiye&#8217;de \u00f6nemli ortak yat\u0131r\u0131m projelerine son verebilece\u011fini, T\u00fcrk i\u015fadamlar\u0131n\u0131n da Rusya piyasas\u0131n\u0131 kaybedebileceklerini s\u00f6yledi.<\/p>\n<p>R.H.<\/p>\n","protected":false},"excerpt":{"rendered":"<p>MOSKOVA \u2013 Rusya Ba\u015fbakan\u0131 Dimitry Medvedev Rus sava\u015f u\u00e7a\u011f\u0131n\u0131 d\u00fc\u015f\u00fcren T\u00fcrk otoritelerin i\u015fledikleri su\u00e7 eylemlerinin T\u00fcrkiye&#8217;nin I\u015e\u0130D\u2019e koruma temin etti\u011fini ortaya koydu\u011funu ve Rusya ile T\u00fcrkiye aras\u0131ndaki ili\u015fkileri imha etti\u011fini belirtti. Medvedev bug\u00fcn bas\u0131na yapt\u0131\u011f\u0131 ve Sputnik Ajans\u0131n\u0131n aktard\u0131\u011f\u0131 a\u00e7\u0131klamalar\u0131nda; Suriye&#8217;de tekfirci ter\u00f6rle m\u00fccadele eden Rus sava\u015f u\u00e7a\u011f\u0131n\u0131n T\u00fcrkiye taraf\u0131ndan d\u00fc\u015f\u00fcr\u00fclmesinin, T\u00fcrkiye ile tekfirci ter\u00f6ristler &hellip;<\/p>\n","protected":false},"author":1,"featured_media":53411,"comment_status":"closed","ping_status":"closed","sticky":false,"template":"","format":"standard","meta":{"footnotes":""},"categories":[458,459,447,2554,2555],"tags":[17829],"class_list":["post-53395","post","type-post","status-publish","format-standard","has-post-thumbnail","","category-dunya1","category-haberler-arap-uluslararasi-politika","category-politika","category-suriye-ve-dunya","category-suriye-ve-turkiye","tag-iliskileri-imha-etti"],"_links":{"self":[{"href":"https:\/\/archive.sana.sy\/tr\/index.php?rest_route=\/wp\/v2\/posts\/53395","targetHints":{"allow":["GET"]}}],"collection":[{"href":"https:\/\/archive.sana.sy\/tr\/index.php?rest_route=\/wp\/v2\/posts"}],"about":[{"href":"https:\/\/archive.sana.sy\/tr\/index.php?rest_route=\/wp\/v2\/types\/post"}],"author":[{"embeddable":true,"href":"https:\/\/archive.sana.sy\/tr\/index.php?rest_route=\/wp\/v2\/users\/1"}],"replies":[{"embeddable":true,"href":"https:\/\/archive.sana.sy\/tr\/index.php?rest_route=%2Fwp%2Fv2%2Fcomments&post=53395"}],"version-history":[{"count":0,"href":"https:\/\/archive.sana.sy\/tr\/index.php?rest_route=\/wp\/v2\/posts\/53395\/revisions"}],"wp:featuredmedia":[{"embeddable":true,"href":"https:\/\/archive.sana.sy\/tr\/index.php?rest_route=\/wp\/v2\/media\/53411"}],"wp:attachment":[{"href":"https:\/\/archive.sana.sy\/tr\/index.php?rest_route=%2Fwp%2Fv2%2Fmedia&parent=53395"}],"wp:term":[{"taxonomy":"category","embeddable":true,"href":"https:\/\/archive.sana.sy\/tr\/index.php?rest_route=%2Fwp%2Fv2%2Fcategories&post=53395"},{"taxonomy":"post_tag","embeddable":true,"href":"https:\/\/archive.sana.sy\/tr\/index.php?rest_route=%2Fwp%2Fv2%2Ftags&post=53395"}],"curies":[{"name":"wp","href":"https:\/\/api.w.org\/{rel}","templated":true}]}}