{"id":5341,"date":"2014-07-16T13:00:16","date_gmt":"2014-07-16T10:00:16","guid":{"rendered":"\/tr\/?p=5341"},"modified":"2014-07-16T13:16:59","modified_gmt":"2014-07-16T10:16:59","slug":"5341","status":"publish","type":"post","link":"https:\/\/archive.sana.sy\/tr\/?p=5341","title":{"rendered":"BRICS: Suriye&#8217;deki Olaylar\u0131n Askeri \u00c7\u00f6z\u00fcm\u00fc Yoktur"},"content":{"rendered":"<p>FORTALEZA \u2013 BREZ\u0130LYA \u2013 Brezilya, Rusya, Hindistan, \u00c7in ve G\u00fcney Afrika&#8217;dan olu\u015fan BRICS Grubu \u00fclkelerinin liderleri, Suriye&#8217;de ya\u015fanan krizin askeri bir \u00e7\u00f6z\u00fcm\u00fc bulunmad\u0131\u011f\u0131n\u0131 yineleyerek el Kaide ter\u00f6r \u00f6rg\u00fct\u00fc ve ona ba\u011fl\u0131 ter\u00f6r gruplar\u0131n\u0131n Suriye&#8217;deki ter\u00f6r faaliyetlerine son verilmesi gerekti\u011fini vurgulad\u0131lar.<\/p>\n<p>D\u00fcn Brezilya\u2019n\u0131n Fortaleza kentinde d\u00fczenlenen BRICS Grubu zirvesinin ard\u0131ndan yay\u0131nlanan beyanda; ter\u00f6r\u00fcn her t\u00fcr\u00fcn\u00fc k\u0131nayan BRICS Grubu Liderleri, Suriye&#8217;de bulunan ter\u00f6r\u00fcn tehlikelerinden dolay\u0131 b\u00fcy\u00fck kayg\u0131 duyduklar\u0131n\u0131 belirttiler.<\/p>\n<p>Suriye\u2019deki b\u00fct\u00fcn taraflara el Kaide ter\u00f6r \u00f6rg\u00fct\u00fc ve ona ba\u011fl\u0131 ter\u00f6r gruplar\u0131n\u0131n faaliyetlerine son verilmesi ile ilgili \u00e7aba harcama \u00e7a\u011fr\u0131s\u0131 i\u00e7eren beyanda; Suriye\u2019nin Kimyasal Silahlar\u0131n Yasaklanmas\u0131 Anla\u015fmas\u0131na kat\u0131lmas\u0131n\u0131n memnuniyet verici bir geli\u015fme oldu\u011funun alt\u0131 \u00e7izildi.<\/p>\n<p>Suriye&#8217;de ya\u015fanan krizin temel ve tek \u00e7\u00f6z\u00fcm\u00fcn\u00fcn ulusal diyalog oldu\u011fu vurgulanan beyanda; Suriyelilerin \u00f6nc\u00fcl\u00fc\u011f\u00fcnde ilerleyen kapsaml\u0131 siyasi \u00e7\u00f6z\u00fcm s\u00fcrecinin bar\u0131\u015f ve sivillerin fiili olarak korunmas\u0131na hizmet edece\u011fine dikkat \u00e7ekildi.<\/p>\n<p>&nbsp;<\/p>\n","protected":false},"excerpt":{"rendered":"<p>FORTALEZA \u2013 BREZ\u0130LYA \u2013 Brezilya, Rusya, Hindistan, \u00c7in ve G\u00fcney Afrika&#8217;dan olu\u015fan BRICS Grubu \u00fclkelerinin liderleri, Suriye&#8217;de ya\u015fanan krizin askeri bir \u00e7\u00f6z\u00fcm\u00fc bulunmad\u0131\u011f\u0131n\u0131 yineleyerek el Kaide ter\u00f6r \u00f6rg\u00fct\u00fc ve ona ba\u011fl\u0131 ter\u00f6r gruplar\u0131n\u0131n Suriye&#8217;deki ter\u00f6r faaliyetlerine son verilmesi gerekti\u011fini vurgulad\u0131lar. D\u00fcn Brezilya\u2019n\u0131n Fortaleza kentinde d\u00fczenlenen BRICS Grubu zirvesinin ard\u0131ndan yay\u0131nlanan beyanda; ter\u00f6r\u00fcn her t\u00fcr\u00fcn\u00fc k\u0131nayan &hellip;<\/p>\n","protected":false},"author":1,"featured_media":5342,"comment_status":"closed","ping_status":"closed","sticky":false,"template":"","format":"standard","meta":{"footnotes":""},"categories":[458,459,447],"tags":[1165],"class_list":["post-5341","post","type-post","status-publish","format-standard","has-post-thumbnail","","category-dunya1","category-haberler-arap-uluslararasi-politika","category-politika","tag-brics-suriyedeki-olaylarin-askeri-cozumu-yoktur"],"_links":{"self":[{"href":"https:\/\/archive.sana.sy\/tr\/index.php?rest_route=\/wp\/v2\/posts\/5341","targetHints":{"allow":["GET"]}}],"collection":[{"href":"https:\/\/archive.sana.sy\/tr\/index.php?rest_route=\/wp\/v2\/posts"}],"about":[{"href":"https:\/\/archive.sana.sy\/tr\/index.php?rest_route=\/wp\/v2\/types\/post"}],"author":[{"embeddable":true,"href":"https:\/\/archive.sana.sy\/tr\/index.php?rest_route=\/wp\/v2\/users\/1"}],"replies":[{"embeddable":true,"href":"https:\/\/archive.sana.sy\/tr\/index.php?rest_route=%2Fwp%2Fv2%2Fcomments&post=5341"}],"version-history":[{"count":0,"href":"https:\/\/archive.sana.sy\/tr\/index.php?rest_route=\/wp\/v2\/posts\/5341\/revisions"}],"wp:featuredmedia":[{"embeddable":true,"href":"https:\/\/archive.sana.sy\/tr\/index.php?rest_route=\/wp\/v2\/media\/5342"}],"wp:attachment":[{"href":"https:\/\/archive.sana.sy\/tr\/index.php?rest_route=%2Fwp%2Fv2%2Fmedia&parent=5341"}],"wp:term":[{"taxonomy":"category","embeddable":true,"href":"https:\/\/archive.sana.sy\/tr\/index.php?rest_route=%2Fwp%2Fv2%2Fcategories&post=5341"},{"taxonomy":"post_tag","embeddable":true,"href":"https:\/\/archive.sana.sy\/tr\/index.php?rest_route=%2Fwp%2Fv2%2Ftags&post=5341"}],"curies":[{"name":"wp","href":"https:\/\/api.w.org\/{rel}","templated":true}]}}