{"id":53433,"date":"2015-11-25T13:32:13","date_gmt":"2015-11-25T11:32:13","guid":{"rendered":"http:\/\/www.sana.sy\/tr\/?p=53433"},"modified":"2015-11-25T14:05:49","modified_gmt":"2015-11-25T12:05:49","slug":"turkiye-rejiminin-teroruyle-dusurulen-ucagin-pilotu-kurtarildi","status":"publish","type":"post","link":"https:\/\/archive.sana.sy\/tr\/?p=53433","title":{"rendered":"T\u00fcrkiye Rejiminin Ter\u00f6r\u00fcyle D\u00fc\u015f\u00fcr\u00fclen U\u00e7a\u011f\u0131n Pilotu Kurtar\u0131ld\u0131"},"content":{"rendered":"<p>\u015eAM \u2013 Askeri bir kaynak \u00f6zel g\u00fc\u00e7lerden bir birli\u011fimizin d\u00fcn gece Lazkiye k\u0131rsal\u0131nda Rus \u00f6zel g\u00fc\u00e7lerle i\u015fbirli\u011fi i\u00e7inde ter\u00f6ristlerin bulunduklar\u0131 b\u00f6lgeye 4.5 km derinliye s\u0131zarak T\u00fcrkiye rejiminin ter\u00f6r\u00fcyle d\u00fc\u015f\u00fcr\u00fclen Rus u\u00e7a\u011f\u0131n bir pilotunu canl\u0131 olarak kurtarmay\u0131 ve sa\u011f salim \u00fcslerine d\u00f6nmeyi ba\u015fard\u0131klar\u0131n\u0131 belirtti.<\/p>\n<p>Kaynak kurtar\u0131lan Rus pilotun sa\u011fl\u0131\u011f\u0131n\u0131n yerinde oldu\u011funu belirtti.<\/p>\n<p>T\u00fcrkiye d\u00fcn Lazkiye k\u0131rsal\u0131nda I\u015e\u0130D mevkilerini bombalamas\u0131 ard\u0131ndan \u00fcss\u00fcne d\u00f6nmekte olan Rus SU-24 tipi bir sava\u015f u\u00e7a\u011f\u0131n\u0131 d\u00fc\u015f\u00fcrm\u00fc\u015f, tekfirci ter\u00f6re deste\u011fini bir kez daha net bir \u015fekilde kan\u0131tlam\u0131\u015ft\u0131.<\/p>\n<p>R.H.<\/p>\n","protected":false},"excerpt":{"rendered":"<p>\u015eAM \u2013 Askeri bir kaynak \u00f6zel g\u00fc\u00e7lerden bir birli\u011fimizin d\u00fcn gece Lazkiye k\u0131rsal\u0131nda Rus \u00f6zel g\u00fc\u00e7lerle i\u015fbirli\u011fi i\u00e7inde ter\u00f6ristlerin bulunduklar\u0131 b\u00f6lgeye 4.5 km derinliye s\u0131zarak T\u00fcrkiye rejiminin ter\u00f6r\u00fcyle d\u00fc\u015f\u00fcr\u00fclen Rus u\u00e7a\u011f\u0131n bir pilotunu canl\u0131 olarak kurtarmay\u0131 ve sa\u011f salim \u00fcslerine d\u00f6nmeyi ba\u015fard\u0131klar\u0131n\u0131 belirtti. Kaynak kurtar\u0131lan Rus pilotun sa\u011fl\u0131\u011f\u0131n\u0131n yerinde oldu\u011funu belirtti. T\u00fcrkiye d\u00fcn Lazkiye k\u0131rsal\u0131nda &hellip;<\/p>\n","protected":false},"author":1,"featured_media":53434,"comment_status":"closed","ping_status":"closed","sticky":false,"template":"","format":"standard","meta":{"footnotes":""},"categories":[479,575,2554,2555,478],"tags":[17831],"class_list":["post-53433","post","type-post","status-publish","format-standard","has-post-thumbnail","","category-haberler-yerel","category-olaylar-ve-gercekler","category-suriye-ve-dunya","category-suriye-ve-turkiye","category-yerel","tag-turkiye-rejiminin-teroruyle-dusurulen-ucagin-pilotu-kurtarildi"],"_links":{"self":[{"href":"https:\/\/archive.sana.sy\/tr\/index.php?rest_route=\/wp\/v2\/posts\/53433","targetHints":{"allow":["GET"]}}],"collection":[{"href":"https:\/\/archive.sana.sy\/tr\/index.php?rest_route=\/wp\/v2\/posts"}],"about":[{"href":"https:\/\/archive.sana.sy\/tr\/index.php?rest_route=\/wp\/v2\/types\/post"}],"author":[{"embeddable":true,"href":"https:\/\/archive.sana.sy\/tr\/index.php?rest_route=\/wp\/v2\/users\/1"}],"replies":[{"embeddable":true,"href":"https:\/\/archive.sana.sy\/tr\/index.php?rest_route=%2Fwp%2Fv2%2Fcomments&post=53433"}],"version-history":[{"count":0,"href":"https:\/\/archive.sana.sy\/tr\/index.php?rest_route=\/wp\/v2\/posts\/53433\/revisions"}],"wp:featuredmedia":[{"embeddable":true,"href":"https:\/\/archive.sana.sy\/tr\/index.php?rest_route=\/wp\/v2\/media\/53434"}],"wp:attachment":[{"href":"https:\/\/archive.sana.sy\/tr\/index.php?rest_route=%2Fwp%2Fv2%2Fmedia&parent=53433"}],"wp:term":[{"taxonomy":"category","embeddable":true,"href":"https:\/\/archive.sana.sy\/tr\/index.php?rest_route=%2Fwp%2Fv2%2Fcategories&post=53433"},{"taxonomy":"post_tag","embeddable":true,"href":"https:\/\/archive.sana.sy\/tr\/index.php?rest_route=%2Fwp%2Fv2%2Ftags&post=53433"}],"curies":[{"name":"wp","href":"https:\/\/api.w.org\/{rel}","templated":true}]}}