{"id":53441,"date":"2015-11-25T14:04:31","date_gmt":"2015-11-25T12:04:31","guid":{"rendered":"http:\/\/www.sana.sy\/tr\/?p=53441"},"modified":"2015-11-26T16:33:55","modified_gmt":"2015-11-26T14:33:55","slug":"tam-bir-ciddiyetle-tum-olanaklari-kullanacagiz","status":"publish","type":"post","link":"https:\/\/archive.sana.sy\/tr\/?p=53441","title":{"rendered":"Tam Bir Ciddiyetle T\u00fcm Olanaklar\u0131 Kullanaca\u011f\u0131z"},"content":{"rendered":"<p>MOSKOVA \u2013 Rusya Ba\u015fkan\u0131 Vladimir Putin Rusya&#8217;n\u0131n g\u00fcvenli\u011fini korumak i\u00e7in sahip oldu\u011fu t\u00fcm olanaklar\u0131 kullanaca\u011f\u0131n\u0131, T\u00fcrkiye&#8217;nin Rus sava\u015f u\u00e7a\u011f\u0131n\u0131 Suriye semalar\u0131nda d\u00fc\u015f\u00fcrme su\u00e7una kar\u015f\u0131 en ciddi \u00f6nlemleri alaca\u011f\u0131n\u0131 belirtti.<\/p>\n<p>Putin bug\u00fcn yapt\u0131\u011f\u0131 a\u00e7\u0131klamada T\u00fcrkiye&#8217;deki rejimin T\u00fcrkiye&#8217;de \u0130slami radikalli\u011fi yayma ama\u00e7l\u0131 kas\u0131tl\u0131 politikalar izledi\u011fini belirtti.<\/p>\n<p>Suriye&#8217;de \u00e7okuluslu tekfirci ter\u00f6re kar\u015f\u0131 operasyonlarda bulunan Rus g\u00fc\u00e7lerin g\u00fcvenli\u011fi i\u00e7in al\u0131nan \u00f6nlemlerin yetersiz oldu\u011funa inand\u0131\u011f\u0131n\u0131 ifade eden Putin; dolay\u0131s\u0131yla bu g\u00fcn sabah saatlerinde ilgili komutanlarla bir araya gelip Suriye&#8217;nin Lazkiye \u0130lindeki Hmeymim Hava \u00dcss\u00fcnde S-400 tipi hava savunma sistemi konu\u015fland\u0131rma karar\u0131 ald\u0131klar\u0131n\u0131 a\u00e7\u0131klad\u0131. Putin Rus hava g\u00fc\u00e7lerinin g\u00fcvenli\u011fi a\u00e7\u0131s\u0131ndan al\u0131nacak icraatlar\u0131n bu ad\u0131mla yetinmeme umudunda oldu\u011funu s\u00f6zlerine ekledi.<\/p>\n<p>Rusya Ba\u015fkan\u0131 meselenin sadece Rus sava\u015f u\u00e7a\u011f\u0131n\u0131n d\u00fc\u015f\u00fcr\u00fclmesinde kalmad\u0131\u011f\u0131na i\u015faret ederken; sadece Rusya&#8217;n\u0131n de\u011fil, t\u00fcm d\u00fcnyan\u0131n T\u00fcrkiye&#8217;deki rejimin T\u00fcrkiye&#8217;de radikal \u0130slam\u2019\u0131 yayma ve tekfirci \u0130slam ak\u0131m\u0131n\u0131 destekleme politikalar\u0131 izledi\u011fini g\u00f6rd\u00fc\u011f\u00fcne vurgu yapt\u0131.<\/p>\n<p>Putin \u0130slam dininin uluslar aras\u0131 muazzam bir din oldu\u011funu, Rusya&#8217;n\u0131n da bizzat bu dini destekledi\u011fini ifade ederken; kastinin \u0130slam dini de\u011fil de tekfirci radikal ak\u0131m oldu\u011funun alt\u0131n\u0131 \u00e7izdi.<\/p>\n<p>Putin T\u00fcrkiye&#8217;de mevcut Rus vatanda\u015flar\u0131n ciddi tehlikelere maruz kalabileceklerine i\u015faret ederken, D\u0131\u015fi\u015fleri Bakanl\u0131\u011f\u0131n\u0131n Ruslar\u0131n T\u00fcrkiye&#8217;yi ziyaret etmeme \u00f6nerisini destekledi\u011fini s\u00f6yledi.<\/p>\n","protected":false},"excerpt":{"rendered":"<p>MOSKOVA \u2013 Rusya Ba\u015fkan\u0131 Vladimir Putin Rusya&#8217;n\u0131n g\u00fcvenli\u011fini korumak i\u00e7in sahip oldu\u011fu t\u00fcm olanaklar\u0131 kullanaca\u011f\u0131n\u0131, T\u00fcrkiye&#8217;nin Rus sava\u015f u\u00e7a\u011f\u0131n\u0131 Suriye semalar\u0131nda d\u00fc\u015f\u00fcrme su\u00e7una kar\u015f\u0131 en ciddi \u00f6nlemleri alaca\u011f\u0131n\u0131 belirtti. Putin bug\u00fcn yapt\u0131\u011f\u0131 a\u00e7\u0131klamada T\u00fcrkiye&#8217;deki rejimin T\u00fcrkiye&#8217;de \u0130slami radikalli\u011fi yayma ama\u00e7l\u0131 kas\u0131tl\u0131 politikalar izledi\u011fini belirtti. Suriye&#8217;de \u00e7okuluslu tekfirci ter\u00f6re kar\u015f\u0131 operasyonlarda bulunan Rus g\u00fc\u00e7lerin g\u00fcvenli\u011fi i\u00e7in &hellip;<\/p>\n","protected":false},"author":1,"featured_media":53443,"comment_status":"closed","ping_status":"closed","sticky":false,"template":"","format":"standard","meta":{"footnotes":""},"categories":[458,459,2554,2555],"tags":[16904],"class_list":["post-53441","post","type-post","status-publish","format-standard","has-post-thumbnail","","category-dunya1","category-haberler-arap-uluslararasi-politika","category-suriye-ve-dunya","category-suriye-ve-turkiye","tag-rusya-baskani-vladimir-putin"],"_links":{"self":[{"href":"https:\/\/archive.sana.sy\/tr\/index.php?rest_route=\/wp\/v2\/posts\/53441","targetHints":{"allow":["GET"]}}],"collection":[{"href":"https:\/\/archive.sana.sy\/tr\/index.php?rest_route=\/wp\/v2\/posts"}],"about":[{"href":"https:\/\/archive.sana.sy\/tr\/index.php?rest_route=\/wp\/v2\/types\/post"}],"author":[{"embeddable":true,"href":"https:\/\/archive.sana.sy\/tr\/index.php?rest_route=\/wp\/v2\/users\/1"}],"replies":[{"embeddable":true,"href":"https:\/\/archive.sana.sy\/tr\/index.php?rest_route=%2Fwp%2Fv2%2Fcomments&post=53441"}],"version-history":[{"count":0,"href":"https:\/\/archive.sana.sy\/tr\/index.php?rest_route=\/wp\/v2\/posts\/53441\/revisions"}],"wp:featuredmedia":[{"embeddable":true,"href":"https:\/\/archive.sana.sy\/tr\/index.php?rest_route=\/wp\/v2\/media\/53443"}],"wp:attachment":[{"href":"https:\/\/archive.sana.sy\/tr\/index.php?rest_route=%2Fwp%2Fv2%2Fmedia&parent=53441"}],"wp:term":[{"taxonomy":"category","embeddable":true,"href":"https:\/\/archive.sana.sy\/tr\/index.php?rest_route=%2Fwp%2Fv2%2Fcategories&post=53441"},{"taxonomy":"post_tag","embeddable":true,"href":"https:\/\/archive.sana.sy\/tr\/index.php?rest_route=%2Fwp%2Fv2%2Ftags&post=53441"}],"curies":[{"name":"wp","href":"https:\/\/api.w.org\/{rel}","templated":true}]}}