{"id":53445,"date":"2015-11-25T14:22:34","date_gmt":"2015-11-25T12:22:34","guid":{"rendered":"http:\/\/www.sana.sy\/tr\/?p=53445"},"modified":"2015-11-25T16:19:20","modified_gmt":"2015-11-25T14:19:20","slug":"en-gelismis-hava-savunma-sistemi-konuslandirildi","status":"publish","type":"post","link":"https:\/\/archive.sana.sy\/tr\/?p=53445","title":{"rendered":"En Geli\u015fmi\u015f Hava Savunma Sistemi Konu\u015fland\u0131r\u0131ld\u0131&#8230; Operasyonlar Devam Edecek"},"content":{"rendered":"<p>MOSKOVA \u2013 Rusya T\u00fcrkiye&#8217;de ihvanc\u0131 Erdo\u011fan rejimine tabi g\u00fc\u00e7lerin Suriye hava sahas\u0131nda Rus sava\u015f u\u00e7a\u011f\u0131n\u0131 d\u00fc\u015f\u00fcrmeleri ard\u0131ndan Lazkiye \u0130lindeki Hmeymim Hava \u00dcss\u00fcnde S-400 tipi hava savunma sistemi konu\u015fland\u0131r\u0131laca\u011f\u0131n\u0131 ilan etti.<\/p>\n<p>Rusya Ba\u015fkanl\u0131k Saray\u0131 Kremlinin resmi s\u00f6zc\u00fcs\u00fc Dimitry Peskov Ba\u015fkan Vladimir Putin\u2019in, Savunma Bakanl\u0131\u011f\u0131n\u0131n Lazkiye\u2019nin Hmeymim Hava \u00dcss\u00fcnde en geli\u015fmi\u015f Rus hava savunma sistemi say\u0131lan S-400 f\u00fcze sisteminin konu\u015fland\u0131r\u0131lmas\u0131 \u00f6nerisini onaylad\u0131\u011f\u0131n\u0131 belirtti.<\/p>\n<p>Rusya Savunma Bakan\u0131 Sergey Shoygu bug\u00fcn bakanl\u0131kta komuta heyeti ile toplant\u0131 ard\u0131ndan Hmeymim Hava \u00dcss\u00fcnde S-400 savunma sisteminin konu\u015fland\u0131r\u0131ld\u0131\u011f\u0131n\u0131 ilan etmi\u015fti.<\/p>\n<p>Shoygu d\u00fcn gece Suriye ve Rus \u00f6zel birliklerin d\u00fczenledikleri ortak bir operasyonla d\u00fc\u015fen u\u00e7a\u011f\u0131n ikinci pilotunun sa\u011f salim kurtar\u0131ld\u0131\u011f\u0131n\u0131 ifade etti.<\/p>\n<p>Rusya Genelkurmay Ba\u015fkanl\u0131\u011f\u0131 d\u00fcn u\u00e7a\u011f\u0131n birinci pilotunun deniz piyade g\u00fc\u00e7lerinden bir askerle birlikte \u015fehit d\u00fc\u015ft\u00fc\u011f\u00fcn\u00fc a\u00e7\u0131klam\u0131\u015ft\u0131.<\/p>\n<p>T\u00fcrkiye&#8217;deki rejime tabi g\u00fc\u00e7lerin d\u00fcn Lazkiye k\u0131rsal\u0131n\u0131n kuzeyinde I\u015e\u0130D mevkilerini bombalamas\u0131 ard\u0131ndan \u00fcsse d\u00f6n\u00fc\u015f\u00fc s\u0131ras\u0131nda Suriye semalar\u0131nda Rus sava\u015f u\u00e7a\u011f\u0131n\u0131 d\u00fc\u015f\u00fcrmeleri ard\u0131ndan Rusya T\u00fcrkiye ile t\u00fcm askeri ili\u015fkilerini kesti\u011fini ilan etmi\u015fti.<\/p>\n<p>Erdo\u011fan rejimine tabi ter\u00f6r \u00e7eteleri u\u00e7a\u011f\u0131n vurulmas\u0131 ard\u0131ndan canlar\u0131n\u0131 kurtarmak i\u00e7in para\u015f\u00fctle atlayan Rus pilota ini\u015fi s\u0131ras\u0131nda otomatik silahlarla ate\u015f a\u00e7arak \u015fehit etmi\u015flerdi.<\/p>\n<p><span style=\"color: #0000ff\">Hi\u00e7 Ku\u015fkusuz S\u00fcrd\u00fcrece\u011fiz<\/span><\/p>\n<p>Di\u011fer yanda Rusya ba\u015fkanl\u0131k Saray\u0131 Kremlinin resmi s\u00f6zc\u00fcs\u00fc Peskov Rusya&#8217;n\u0131n, T\u00fcrkiye s\u0131n\u0131rlar\u0131na yak\u0131n b\u00f6lgeler dahil olmak \u00fczere Suriye&#8217;nin her yerinde ter\u00f6re kar\u015f\u0131 operasyonlar\u0131n\u0131 h\u0131z kesmeden s\u00fcrd\u00fcrece\u011fini belirtti.<\/p>\n<p>TASS Ajans\u0131n\u0131n bug\u00fcn aktard\u0131\u011f\u0131 a\u00e7\u0131klamalar\u0131nda Peskov; Rusya&#8217;n\u0131n Suriye&#8217;de T\u00fcrkiye s\u0131n\u0131rlar\u0131na yak\u0131n b\u00f6lgelerde ter\u00f6re kar\u015f\u0131 operasyonlar\u0131n\u0131 s\u00fcrd\u00fcr\u00fcp s\u00fcrd\u00fcrmeyece\u011fine ili\u015fkin soruya cevab\u0131nda; \u201chi\u00e7 ku\u015fkusuz s\u00fcrd\u00fcrece\u011fiz..\u201d ifadesini kulland\u0131.<\/p>\n<p>Peskov Rusya&#8217;n\u0131n Suriye&#8217;de ter\u00f6re kar\u015f\u0131 operasyonlar\u0131n\u0131 BM misak\u0131 ve uluslar aras\u0131 kararlar kapsam\u0131nda Suriye&#8217;de me\u015fru h\u00fck\u00fcmetin resmi talebi \u00fczerine ger\u00e7ekle\u015ftirdi\u011finin de alt\u0131n\u0131 \u00e7izdi.<\/p>\n<p>Di\u011fer yandan Peskov Rusya&#8217;n\u0131n T\u00fcrkiye&#8217;deki Akkuyu N\u00fckleer Projesi dahil t\u00fcm projelerini dakik ve ciddi bir \u015fekilde yeniden g\u00f6zden ge\u00e7irece\u011fini s\u00f6yledi.<\/p>\n","protected":false},"excerpt":{"rendered":"<p>MOSKOVA \u2013 Rusya T\u00fcrkiye&#8217;de ihvanc\u0131 Erdo\u011fan rejimine tabi g\u00fc\u00e7lerin Suriye hava sahas\u0131nda Rus sava\u015f u\u00e7a\u011f\u0131n\u0131 d\u00fc\u015f\u00fcrmeleri ard\u0131ndan Lazkiye \u0130lindeki Hmeymim Hava \u00dcss\u00fcnde S-400 tipi hava savunma sistemi konu\u015fland\u0131r\u0131laca\u011f\u0131n\u0131 ilan etti. Rusya Ba\u015fkanl\u0131k Saray\u0131 Kremlinin resmi s\u00f6zc\u00fcs\u00fc Dimitry Peskov Ba\u015fkan Vladimir Putin\u2019in, Savunma Bakanl\u0131\u011f\u0131n\u0131n Lazkiye\u2019nin Hmeymim Hava \u00dcss\u00fcnde en geli\u015fmi\u015f Rus hava savunma sistemi say\u0131lan S-400 &hellip;<\/p>\n","protected":false},"author":1,"featured_media":49086,"comment_status":"closed","ping_status":"closed","sticky":false,"template":"","format":"standard","meta":{"footnotes":""},"categories":[458,459,447,2554,2555],"tags":[17687,17832],"class_list":["post-53445","post","type-post","status-publish","format-standard","has-post-thumbnail","","category-dunya1","category-haberler-arap-uluslararasi-politika","category-politika","category-suriye-ve-dunya","category-suriye-ve-turkiye","tag-rusya-baskanlik-sarayi-kremlinin-resmi-sozcusu-dimitry-peskov","tag-s-400-tipi-hava-savunma-sistemi"],"_links":{"self":[{"href":"https:\/\/archive.sana.sy\/tr\/index.php?rest_route=\/wp\/v2\/posts\/53445","targetHints":{"allow":["GET"]}}],"collection":[{"href":"https:\/\/archive.sana.sy\/tr\/index.php?rest_route=\/wp\/v2\/posts"}],"about":[{"href":"https:\/\/archive.sana.sy\/tr\/index.php?rest_route=\/wp\/v2\/types\/post"}],"author":[{"embeddable":true,"href":"https:\/\/archive.sana.sy\/tr\/index.php?rest_route=\/wp\/v2\/users\/1"}],"replies":[{"embeddable":true,"href":"https:\/\/archive.sana.sy\/tr\/index.php?rest_route=%2Fwp%2Fv2%2Fcomments&post=53445"}],"version-history":[{"count":0,"href":"https:\/\/archive.sana.sy\/tr\/index.php?rest_route=\/wp\/v2\/posts\/53445\/revisions"}],"wp:featuredmedia":[{"embeddable":true,"href":"https:\/\/archive.sana.sy\/tr\/index.php?rest_route=\/wp\/v2\/media\/49086"}],"wp:attachment":[{"href":"https:\/\/archive.sana.sy\/tr\/index.php?rest_route=%2Fwp%2Fv2%2Fmedia&parent=53445"}],"wp:term":[{"taxonomy":"category","embeddable":true,"href":"https:\/\/archive.sana.sy\/tr\/index.php?rest_route=%2Fwp%2Fv2%2Fcategories&post=53445"},{"taxonomy":"post_tag","embeddable":true,"href":"https:\/\/archive.sana.sy\/tr\/index.php?rest_route=%2Fwp%2Fv2%2Ftags&post=53445"}],"curies":[{"name":"wp","href":"https:\/\/api.w.org\/{rel}","templated":true}]}}