{"id":53447,"date":"2015-11-25T14:26:55","date_gmt":"2015-11-25T12:26:55","guid":{"rendered":"http:\/\/www.sana.sy\/tr\/?p=53447"},"modified":"2015-11-25T14:26:55","modified_gmt":"2015-11-25T12:26:55","slug":"rusya-disisleri-bakani-sergey-lavrov-bugun-moskovada-duzenledigi-basin-konferansinda-turkiyedeki-rejimin-lazkiye-kirsalinin-kuzeyinde-rus-savas-ucagini-dusurdugu-bolgenin-teroristlere-ait-k","status":"publish","type":"post","link":"https:\/\/archive.sana.sy\/tr\/?p=53447","title":{"rendered":"Rusya D\u0131\u015fi\u015fleri Bakan\u0131 Sergey Lavrov bug\u00fcn Moskova\u2019da d\u00fczenledi\u011fi bas\u0131n konferans\u0131nda T\u00fcrkiye&#8217;deki rejimin Lazkiye k\u0131rsal\u0131n\u0131n kuzeyinde Rus sava\u015f u\u00e7a\u011f\u0131n\u0131 d\u00fc\u015f\u00fcrd\u00fc\u011f\u00fc b\u00f6lgenin ter\u00f6ristlere ait karargah ve cephane depolar\u0131 i\u00e7erdi\u011fini belirtti."},"content":{"rendered":"<p>Rusya D\u0131\u015fi\u015fleri Bakan\u0131 Sergey Lavrov bug\u00fcn Moskova\u2019da d\u00fczenledi\u011fi bas\u0131n konferans\u0131nda T\u00fcrkiye&#8217;deki rejimin Lazkiye k\u0131rsal\u0131n\u0131n kuzeyinde Rus sava\u015f u\u00e7a\u011f\u0131n\u0131 d\u00fc\u015f\u00fcrd\u00fc\u011f\u00fc b\u00f6lgenin ter\u00f6ristlere ait karargah ve cephane depolar\u0131 i\u00e7erdi\u011fini belirtti.<\/p>\n","protected":false},"excerpt":{"rendered":"<p>Rusya D\u0131\u015fi\u015fleri Bakan\u0131 Sergey Lavrov bug\u00fcn Moskova\u2019da d\u00fczenledi\u011fi bas\u0131n konferans\u0131nda T\u00fcrkiye&#8217;deki rejimin Lazkiye k\u0131rsal\u0131n\u0131n kuzeyinde Rus sava\u015f u\u00e7a\u011f\u0131n\u0131 d\u00fc\u015f\u00fcrd\u00fc\u011f\u00fc b\u00f6lgenin ter\u00f6ristlere ait karargah ve cephane depolar\u0131 i\u00e7erdi\u011fini belirtti.<\/p>\n","protected":false},"author":1,"featured_media":0,"comment_status":"closed","ping_status":"closed","sticky":false,"template":"","format":"standard","meta":{"footnotes":""},"categories":[1],"tags":[],"class_list":["post-53447","post","type-post","status-publish","format-standard","","category-news-not-sorted"],"_links":{"self":[{"href":"https:\/\/archive.sana.sy\/tr\/index.php?rest_route=\/wp\/v2\/posts\/53447","targetHints":{"allow":["GET"]}}],"collection":[{"href":"https:\/\/archive.sana.sy\/tr\/index.php?rest_route=\/wp\/v2\/posts"}],"about":[{"href":"https:\/\/archive.sana.sy\/tr\/index.php?rest_route=\/wp\/v2\/types\/post"}],"author":[{"embeddable":true,"href":"https:\/\/archive.sana.sy\/tr\/index.php?rest_route=\/wp\/v2\/users\/1"}],"replies":[{"embeddable":true,"href":"https:\/\/archive.sana.sy\/tr\/index.php?rest_route=%2Fwp%2Fv2%2Fcomments&post=53447"}],"version-history":[{"count":0,"href":"https:\/\/archive.sana.sy\/tr\/index.php?rest_route=\/wp\/v2\/posts\/53447\/revisions"}],"wp:attachment":[{"href":"https:\/\/archive.sana.sy\/tr\/index.php?rest_route=%2Fwp%2Fv2%2Fmedia&parent=53447"}],"wp:term":[{"taxonomy":"category","embeddable":true,"href":"https:\/\/archive.sana.sy\/tr\/index.php?rest_route=%2Fwp%2Fv2%2Fcategories&post=53447"},{"taxonomy":"post_tag","embeddable":true,"href":"https:\/\/archive.sana.sy\/tr\/index.php?rest_route=%2Fwp%2Fv2%2Ftags&post=53447"}],"curies":[{"name":"wp","href":"https:\/\/api.w.org\/{rel}","templated":true}]}}