{"id":53451,"date":"2015-11-25T10:03:48","date_gmt":"2015-11-25T08:03:48","guid":{"rendered":"http:\/\/www.sana.sy\/tr\/?p=53451"},"modified":"2015-11-25T15:42:52","modified_gmt":"2015-11-25T13:42:52","slug":"ciddi-bir-cephe-olusturulmalidir","status":"publish","type":"post","link":"https:\/\/archive.sana.sy\/tr\/?p=53451","title":{"rendered":"Ciddi Bir Cephe Olu\u015fturulmal\u0131d\u0131r"},"content":{"rendered":"<p>TAHRAN- \u0130ran D\u0131\u015fi\u015fleri Bakan\u0131 Muhammed Cevad Zarif \u00f6zellikle d\u00fcn meydana gelen geli\u015fmelerden sonra ter\u00f6rle m\u00fccadelede uluslar aras\u0131 ciddi bir cephenin olu\u015fturulmas\u0131 gere\u011fini belirtti.<\/p>\n<p>L\u00fcksemburg D\u0131\u015fi\u015fleri Bakan\u0131 Jean Asselborn ile bug\u00fcn Tahran\u2019da ortak bir bas\u0131n toplant\u0131s\u0131 d\u00fczenleyen Zarif; ter\u00f6ristlerin t\u00fcm f\u0131rsatlar\u0131 kendi \u00e7\u0131karlar\u0131 i\u00e7in kulland\u0131klar\u0131na dikkat \u00e7ekerek, dolay\u0131s\u0131yla t\u00fcm taraflar\u0131 akl\u0131 selim davranmaya davet etti.<\/p>\n<p>B\u00f6lge ve t\u00fcm d\u00fcnyan\u0131n tan\u0131k oldu\u011fu ter\u00f6r ve radikallik ba\u015fta olmak \u00fczere sorunlarla ciddi team\u00fcl\u00fcn gere\u011fine vurgu yapan Zarif; Asselborn ile temaslar\u0131nda \u00f6zellikle insan haklar\u0131 ve \u00e7ifte standartl\u0131 politikalara son vermek dahil olmak \u00fczere bir\u00e7ok meselede i\u015fbirli\u011fini masaya yat\u0131rd\u0131klar\u0131n\u0131 a\u00e7\u0131klad\u0131.<\/p>\n<p>Bas\u0131n konferans\u0131nda Asselborn ise b\u00f6lgede gerginli\u011fin azalt\u0131lmas\u0131 ve g\u00fcvenli\u011fin sa\u011flanmas\u0131 \u00f6nemine i\u015faret ederek, bunun m\u00fclteci meselesinin \u00e7\u00f6z\u00fcm\u00fcn\u00fc de olumlu etkileyece\u011fini s\u00f6yledi.<\/p>\n","protected":false},"excerpt":{"rendered":"<p>TAHRAN- \u0130ran D\u0131\u015fi\u015fleri Bakan\u0131 Muhammed Cevad Zarif \u00f6zellikle d\u00fcn meydana gelen geli\u015fmelerden sonra ter\u00f6rle m\u00fccadelede uluslar aras\u0131 ciddi bir cephenin olu\u015fturulmas\u0131 gere\u011fini belirtti. L\u00fcksemburg D\u0131\u015fi\u015fleri Bakan\u0131 Jean Asselborn ile bug\u00fcn Tahran\u2019da ortak bir bas\u0131n toplant\u0131s\u0131 d\u00fczenleyen Zarif; ter\u00f6ristlerin t\u00fcm f\u0131rsatlar\u0131 kendi \u00e7\u0131karlar\u0131 i\u00e7in kulland\u0131klar\u0131na dikkat \u00e7ekerek, dolay\u0131s\u0131yla t\u00fcm taraflar\u0131 akl\u0131 selim davranmaya davet etti. B\u00f6lge &hellip;<\/p>\n","protected":false},"author":1,"featured_media":48076,"comment_status":"closed","ping_status":"closed","sticky":false,"template":"","format":"standard","meta":{"footnotes":""},"categories":[458,459,447],"tags":[17833],"class_list":["post-53451","post","type-post","status-publish","format-standard","has-post-thumbnail","","category-dunya1","category-haberler-arap-uluslararasi-politika","category-politika","tag-iran-disisleri-bakani-muhammed-cevad-zarif"],"_links":{"self":[{"href":"https:\/\/archive.sana.sy\/tr\/index.php?rest_route=\/wp\/v2\/posts\/53451","targetHints":{"allow":["GET"]}}],"collection":[{"href":"https:\/\/archive.sana.sy\/tr\/index.php?rest_route=\/wp\/v2\/posts"}],"about":[{"href":"https:\/\/archive.sana.sy\/tr\/index.php?rest_route=\/wp\/v2\/types\/post"}],"author":[{"embeddable":true,"href":"https:\/\/archive.sana.sy\/tr\/index.php?rest_route=\/wp\/v2\/users\/1"}],"replies":[{"embeddable":true,"href":"https:\/\/archive.sana.sy\/tr\/index.php?rest_route=%2Fwp%2Fv2%2Fcomments&post=53451"}],"version-history":[{"count":0,"href":"https:\/\/archive.sana.sy\/tr\/index.php?rest_route=\/wp\/v2\/posts\/53451\/revisions"}],"wp:featuredmedia":[{"embeddable":true,"href":"https:\/\/archive.sana.sy\/tr\/index.php?rest_route=\/wp\/v2\/media\/48076"}],"wp:attachment":[{"href":"https:\/\/archive.sana.sy\/tr\/index.php?rest_route=%2Fwp%2Fv2%2Fmedia&parent=53451"}],"wp:term":[{"taxonomy":"category","embeddable":true,"href":"https:\/\/archive.sana.sy\/tr\/index.php?rest_route=%2Fwp%2Fv2%2Fcategories&post=53451"},{"taxonomy":"post_tag","embeddable":true,"href":"https:\/\/archive.sana.sy\/tr\/index.php?rest_route=%2Fwp%2Fv2%2Ftags&post=53451"}],"curies":[{"name":"wp","href":"https:\/\/api.w.org\/{rel}","templated":true}]}}