{"id":53455,"date":"2015-11-25T14:39:24","date_gmt":"2015-11-25T12:39:24","guid":{"rendered":"http:\/\/www.sana.sy\/tr\/?p=53455"},"modified":"2015-11-25T14:39:24","modified_gmt":"2015-11-25T12:39:24","slug":"teroristler-baska-devletlerde-eylemleri-icin-turkiye-topraklarini-kullaniyor","status":"publish","type":"post","link":"https:\/\/archive.sana.sy\/tr\/?p=53455","title":{"rendered":"Ter\u00f6ristler Ba\u015fka Devletlerde Eylemleri \u0130\u00e7in T\u00fcrkiye Topraklar\u0131n\u0131 Kullan\u0131yor"},"content":{"rendered":"<p>MOSKOVA \u2013 Rusya D\u0131\u015fi\u015fleri Bakan\u0131 Sergey Lavrov bug\u00fcn Moskova\u2019da d\u00fczenledi\u011fi bas\u0131n konferans\u0131nda T\u00fcrkiye&#8217;deki rejimin Lazkiye k\u0131rsal\u0131n\u0131n kuzeyinde Rus sava\u015f u\u00e7a\u011f\u0131n\u0131 d\u00fc\u015f\u00fcrd\u00fc\u011f\u00fc b\u00f6lgenin ter\u00f6ristlere ait karargah ve cephane depolar\u0131 i\u00e7erdi\u011fini belirtti.<\/p>\n<p>Rus sava\u015f u\u00e7a\u011f\u0131n\u0131n d\u00fc\u015f\u00fcr\u00fclmesinin; I\u015e\u0130D ter\u00f6r \u00f6rg\u00fct\u00fcn\u00fcn kontrol\u00fcndeki petrol rafinerileri ve petrol depolar\u0131n\u0131n imha edilmesiyle ilgisi oldu\u011funa dikkat \u00e7eken Lavrov; T\u00fcrkiye&#8217;deki rejim ile I\u015e\u0130D aras\u0131ndaki petrol ticaretinin t\u00fcm d\u00fcnya taraf\u0131ndan bilindi\u011fine vurgu yapt\u0131.<\/p>\n<p>Lavrov NATO\u2019nun sava\u015f u\u00e7a\u011f\u0131n\u0131n Suriye semalar\u0131nda d\u00fc\u015f\u00fcr\u00fclmesinden dolay\u0131 \u00f6z\u00fcr dilemedi\u011fi gibi esefini de ifade etmedi\u011fini s\u00f6yledi.<\/p>\n<p>U\u00e7a\u011f\u0131n d\u00fc\u015f\u00fcr\u00fclmesi olay\u0131ndan sonra Rusya&#8217;n\u0131n T\u00fcrkiye ile t\u00fcm ili\u015fkilerini yeniden g\u00f6zden ge\u00e7irece\u011fini belirten Lavrov; tekfirci ve uluslar aras\u0131 ter\u00f6ristlerin ba\u015fka devletlere kar\u015f\u0131 ter\u00f6r eylemlerinde bulunmak i\u00e7in T\u00fcrkiye topraklar\u0131n\u0131 kulland\u0131klar\u0131n\u0131n alt\u0131n\u0131 \u00e7izdi.<\/p>\n<p>Lavrov Rusya&#8217;n\u0131n u\u00e7a\u011f\u0131n d\u00fc\u015f\u00fcr\u00fclmesi olay\u0131n\u0131 kar\u015f\u0131l\u0131ks\u0131z b\u0131rakmas\u0131n\u0131n m\u00fcmk\u00fcn olmad\u0131\u011f\u0131n\u0131 belirtti.<\/p>\n","protected":false},"excerpt":{"rendered":"<p>MOSKOVA \u2013 Rusya D\u0131\u015fi\u015fleri Bakan\u0131 Sergey Lavrov bug\u00fcn Moskova\u2019da d\u00fczenledi\u011fi bas\u0131n konferans\u0131nda T\u00fcrkiye&#8217;deki rejimin Lazkiye k\u0131rsal\u0131n\u0131n kuzeyinde Rus sava\u015f u\u00e7a\u011f\u0131n\u0131 d\u00fc\u015f\u00fcrd\u00fc\u011f\u00fc b\u00f6lgenin ter\u00f6ristlere ait karargah ve cephane depolar\u0131 i\u00e7erdi\u011fini belirtti. Rus sava\u015f u\u00e7a\u011f\u0131n\u0131n d\u00fc\u015f\u00fcr\u00fclmesinin; I\u015e\u0130D ter\u00f6r \u00f6rg\u00fct\u00fcn\u00fcn kontrol\u00fcndeki petrol rafinerileri ve petrol depolar\u0131n\u0131n imha edilmesiyle ilgisi oldu\u011funa dikkat \u00e7eken Lavrov; T\u00fcrkiye&#8217;deki rejim ile I\u015e\u0130D aras\u0131ndaki &hellip;<\/p>\n","protected":false},"author":1,"featured_media":46348,"comment_status":"closed","ping_status":"closed","sticky":false,"template":"","format":"standard","meta":{"footnotes":""},"categories":[458,459,447,2554,2555],"tags":[10651],"class_list":["post-53455","post","type-post","status-publish","format-standard","has-post-thumbnail","","category-dunya1","category-haberler-arap-uluslararasi-politika","category-politika","category-suriye-ve-dunya","category-suriye-ve-turkiye","tag-rusya-disisleri-bakani-sergey-lavrov"],"_links":{"self":[{"href":"https:\/\/archive.sana.sy\/tr\/index.php?rest_route=\/wp\/v2\/posts\/53455","targetHints":{"allow":["GET"]}}],"collection":[{"href":"https:\/\/archive.sana.sy\/tr\/index.php?rest_route=\/wp\/v2\/posts"}],"about":[{"href":"https:\/\/archive.sana.sy\/tr\/index.php?rest_route=\/wp\/v2\/types\/post"}],"author":[{"embeddable":true,"href":"https:\/\/archive.sana.sy\/tr\/index.php?rest_route=\/wp\/v2\/users\/1"}],"replies":[{"embeddable":true,"href":"https:\/\/archive.sana.sy\/tr\/index.php?rest_route=%2Fwp%2Fv2%2Fcomments&post=53455"}],"version-history":[{"count":0,"href":"https:\/\/archive.sana.sy\/tr\/index.php?rest_route=\/wp\/v2\/posts\/53455\/revisions"}],"wp:featuredmedia":[{"embeddable":true,"href":"https:\/\/archive.sana.sy\/tr\/index.php?rest_route=\/wp\/v2\/media\/46348"}],"wp:attachment":[{"href":"https:\/\/archive.sana.sy\/tr\/index.php?rest_route=%2Fwp%2Fv2%2Fmedia&parent=53455"}],"wp:term":[{"taxonomy":"category","embeddable":true,"href":"https:\/\/archive.sana.sy\/tr\/index.php?rest_route=%2Fwp%2Fv2%2Fcategories&post=53455"},{"taxonomy":"post_tag","embeddable":true,"href":"https:\/\/archive.sana.sy\/tr\/index.php?rest_route=%2Fwp%2Fv2%2Ftags&post=53455"}],"curies":[{"name":"wp","href":"https:\/\/api.w.org\/{rel}","templated":true}]}}