{"id":53457,"date":"2015-11-25T19:42:37","date_gmt":"2015-11-25T17:42:37","guid":{"rendered":"http:\/\/www.sana.sy\/tr\/?p=53457"},"modified":"2015-11-26T16:33:22","modified_gmt":"2015-11-26T14:33:22","slug":"terore-karsi-operasyonlar-tum-hiziyla-suruyor","status":"publish","type":"post","link":"https:\/\/archive.sana.sy\/tr\/?p=53457","title":{"rendered":"Ter\u00f6re Kar\u015f\u0131 Operasyonlar T\u00fcm H\u0131z\u0131yla S\u00fcr\u00fcyor"},"content":{"rendered":"<p>\u0130LLER \u2013 Be\u015f y\u0131la yak\u0131n s\u00fcredir T\u00fcrkiye&#8217;deki rejim ve daha ba\u015fka g\u00fc\u00e7lerin destekledikleri tekfirci ter\u00f6r \u00f6rg\u00fctlere kar\u015f\u0131 operasyonlar\u0131n\u0131 ba\u015far\u0131yla s\u00fcrd\u00fcr\u00fcp vatan ve halk\u0131 duyarl\u0131l\u0131kla koruyan ordu birliklerimiz bu g\u00fcn de aralar\u0131nda yabanc\u0131lar\u0131n bulundu\u011fu y\u00fcksek say\u0131da ter\u00f6risti \u00f6ld\u00fcrd\u00fc.<\/p>\n<p><span style=\"color: #0000ff\">LAZK\u0130YE:<\/span><\/p>\n<p>Ordu birliklerimiz Hava g\u00fc\u00e7lerimizin deste\u011fi ile Lazkiye k\u0131rsal\u0131n\u0131n kuzeyinde T\u00fcrkiye&#8217;deki cani Erdo\u011fan rejiminden destek ve komuta alan \u00e7okuluslu ve vatan haini ter\u00f6ristlere kar\u015f\u0131 operasyonlar\u0131n\u0131 ba\u015far\u0131yla s\u00fcrd\u00fcr\u00fcyor.<\/p>\n<p>SANA\u2019ya a\u00e7\u0131klama yapan askeri kaynak hava g\u00fc\u00e7lerimizin bug\u00fcn sabah saatlerinde il k\u0131rsal\u0131n\u0131n kuzeydo\u011fusu Kebbana, Merana ve Ayn Zveykat k\u00f6ylerine ek olarak Ebu Dahduh Da\u011f\u0131 ve Yakubo Tepesinde Kaide \u00d6rg\u00fct\u00fcn\u00fcn Suriye kolu Nusra Cephesi ve \u00e7at\u0131s\u0131 alt\u0131nda faaliyet g\u00f6steren ter\u00f6ristlerin mevki ve hareketlerini hedef ald\u0131klar\u0131n\u0131 belirtti.<\/p>\n<p>Operasyonlarda aralar\u0131nda yabanc\u0131 ve tehlikeli isimlerin bulundu\u011fu y\u00fcksek say\u0131da ter\u00f6ristin \u00f6ld\u00fcr\u00fcld\u00fc\u011f\u00fcn\u00fc belirten kaynak; bir k\u0131sm\u0131 a\u011f\u0131r silahlarla donat\u0131lm\u0131\u015f bir\u00e7ok arac\u0131n yan\u0131 s\u0131ra cephane depolar\u0131, karargahlar\u0131 ve siperlerinin muhtevalar\u0131yla imha edildi\u011fini a\u00e7\u0131klad\u0131.<\/p>\n<p>Ordu birliklerimiz d\u00fcn halk savunma g\u00fc\u00e7leriyle i\u015fbirli\u011fi i\u00e7inde d\u00fcn Merke\u015fliyeye K\u00f6y\u00fcne ilaveten Ketf el Harik, Ketf el Sefih, Ketf el \u011eadr tepeleri, Mluha, \u015eeyh Muhammed b\u00f6lgelerini Erdo\u011fan \u00e7etelerinden temizleyerek kontrollerine ge\u00e7irmi\u015flerdi. Ayn\u0131 zamanda Cub el Ahmar\u2019\u0131n kuzeybat\u0131s\u0131na d\u00fc\u015fen Be\u015finci ve Alt\u0131nc\u0131 tepeler, 1281,5 tepesi ve Buur Abdullah B\u00f6lgelerini de yine Erdo\u011fan\u2019\u0131n \u00e7okuluslu tekfirci ve vatan haini ter\u00f6r \u00e7etelerinden temizleyerek kontrollerine ge\u00e7irmi\u015flerdi.<\/p>\n<p>Bu arada Erdo\u011fan rejimi ve medyas\u0131n\u0131n iddialar\u0131n\u0131 \u00e7\u00fcr\u00fcten haberlerle Nusra Cephesi Lazkiye k\u0131rsal\u0131nda s\u00f6zde bariz askeri komutanlar\u0131ndan biri olan ve \u0130ngiltere vatanda\u015f\u0131 olan \u2018\u0130ngiliz Ebu Basir\u2019 kod adl\u0131 Lokas Kini\u2019nin daha ba\u015fka bir\u00e7ok ter\u00f6ristle birlikte \u00f6ld\u00fcklerini itiraf etti.<\/p>\n<p>https:\/\/www.youtube.com\/watch?v=qXF10ZYvWxo<\/p>\n<p><span style=\"color: #0000ff\">HALEP:<\/span><\/p>\n<p>SANA\u2019ya konu\u015fan askeri kaynak hava g\u00fc\u00e7lerimizin Halep k\u0131rsal\u0131n\u0131n Tel el Bekkara ve Dellama b\u00f6lgelerinde Erdo\u011fan rejiminden destek ve komuta alan ter\u00f6ristlerin mevkilerini imha ettiklerini belirtti.<\/p>\n<p>Kaynak; Halep k\u0131rsal\u0131n\u0131n bat\u0131s\u0131 K\u00fc\u00e7\u00fck Buvayda K\u00f6y\u00fcnde de hava g\u00fc\u00e7lerimizin \u2018\u015eam Cephesi\u2019 ve Nusra Cephesine ait siper ve karargahlar\u0131 muhtevalar\u0131yla birlikte imha ettiklerine dikkat \u00e7ekti.<\/p>\n<p>Bu arada hava g\u00fc\u00e7lerimizin Halep Kentinin yakla\u015f\u0131k 30 km bat\u0131s\u0131na d\u00fc\u015fen Daret Ezza ve Ancara b\u00f6lgelerinde ter\u00f6r \u00f6rg\u00fctlerin mevki ve T\u00fcrkiye s\u0131n\u0131rlar\u0131ndan gelen destek hatlar\u0131n\u0131 yo\u011fun ate\u015fe tuttuklar\u0131n\u0131 s\u00f6yleyen kaynak; ter\u00f6rist ve cephane ta\u015f\u0131yan ara\u00e7 konvoylar\u0131n\u0131 imha ettiklerini aktard\u0131.<\/p>\n<p><span style=\"color: #0000ff;line-height: 1.5\">HOMS:<\/span><\/p>\n<p>\u00d6te yandan askeri kaynak; hava g\u00fc\u00e7lerimizin Homs Kentinin yakla\u015f\u0131k 73 km do\u011fusuna d\u00fc\u015fen Ebu \u00c2liyeh, Unk el Hava, Mesada ve Do\u011fu Hebra k\u00f6ylerinde I\u015e\u0130D ter\u00f6r \u00f6rg\u00fct\u00fcn\u00fcn toplanma yerleri ve mevkilerini hedef almalar\u0131yla \u00e7ok say\u0131da ter\u00f6risti \u00f6l\u00fc ve yaral\u0131 d\u00fc\u015f\u00fcr\u00fcp muhtelif t\u00fcr makineli silahlarla donat\u0131lm\u0131\u015f ara\u00e7lar\u0131n\u0131 tahrip ettiklerini s\u00f6yledi.<\/p>\n<p>Hava g\u00fc\u00e7lerimizin Homs iline tabi Tedmur Kentinin yakla\u015f\u0131k 10 km bat\u0131s\u0131na d\u00fc\u015fen Beyyarat B\u00f6lgesinin do\u011fusu ve g\u00fcneyinde I\u015e\u0130D\u2019in karargah ve a\u011f\u0131r makineli silahlarla donat\u0131lm\u0131\u015f ara\u00e7lar\u0131n\u0131 imha ettiklerini belirten kaynak; burada da bir\u00e7ok ter\u00f6risti \u00f6ld\u00fcrd\u00fcklerini s\u00f6zlerine ekledi.<\/p>\n<p>Ak\u015fam saatlerinde SANA\u2019ya a\u00e7\u0131klama yapan askeri bir kaynak ordu birliklerimizin halk savunma g\u00fc\u00e7leriyle i\u015fbirli\u011fi i\u00e7inde Homs k\u0131rsal\u0131n\u0131n g\u00fcneydo\u011fusu Um Keddum Tepeleri, Zahrat el Sayid, Rmeyle Da\u011f\u0131 ve el Suud Tepelerini tekfirci ter\u00f6ristlerden temizleyerek kontrollerine ge\u00e7irdiklerini belirtti.<\/p>\n<p><span style=\"color: #0000ff\">HAMA:<\/span><\/p>\n<p>Bu arada SANA\u2019ya a\u00e7\u0131klama yapan askeri bir kaynak; hava g\u00fc\u00e7lerimizin Hama k\u0131rsal\u0131n\u0131n kuzeyi Kefar Zeyta Beldesi ve Latmin K\u00f6y\u00fcnde ihvanc\u0131 Erdo\u011fan ve Vahhabi \u00c2l Suud rejimlerine ba\u011fl\u0131 \u2018Fetih Ordusu\u2019na tabi yuva ve k\u00fcmelenme yerlerine y\u00f6nelik nitelikli operasyonlar\u0131n\u0131 s\u00fcrd\u00fcrd\u00fcklerini beyan etti. Kaynak; hava operasyonlar\u0131nda Nusra Cephesinin saflar\u0131nda a\u011f\u0131r kay\u0131plara yol a\u00e7\u0131ld\u0131\u011f\u0131n\u0131 s\u00f6zlerine ekledi.<\/p>\n<p><span style=\"color: #0000ff\">\u015eAM KIRSALI:<\/span><\/p>\n<p>\u015eam k\u0131rsal\u0131n\u0131n do\u011fu \u011euta B\u00f6lgesinde Suudi rejiminin destek ve komutas\u0131nda faaliyet g\u00f6steren tekfirci \u0130slam Ordusu \u00e7etelerini a\u011f\u0131r kay\u0131pla u\u011fratan ordu birliklerimiz Duma B\u00f6lgesinin Aliye \u00c7iftliklerinde 2 arac\u0131 ta\u015f\u0131d\u0131\u011f\u0131 ter\u00f6ristler ve cephaneyle birlikte imha ettiler. Operasyonda aralar\u0131nda az\u0131l\u0131 eleba\u015f\u0131 Teysir el Nesrin ve daha ba\u015fka tehlikeli isimlerin bulundu\u011fu bir\u00e7ok ter\u00f6rist \u00f6ld\u00fcr\u00fcld\u00fc.<\/p>\n<p>Haresta B\u00f6lgesinde bir binada siperlenen ter\u00f6ristlerin tamam\u0131n\u0131 \u00f6l\u00fc ele ge\u00e7iren ordu birliklerimiz; Cobar ve Zemelke b\u00f6lgelerinde mevkilerini yo\u011fun top ate\u015fine tutarak say\u0131 ve cephaneleriyle onlar\u0131 a\u011f\u0131r kay\u0131plara u\u011fratt\u0131.<\/p>\n<p>Bu arada saha kaynaklar\u0131 ordu birliklerimizin Merc el Sultan ile Nuvla b\u00f6lgeleri aras\u0131nda \u00f6nemli ilerlemeler kaydederek ter\u00f6ristlerin bulunduklar\u0131 b\u00f6lgeleri birbirinden ay\u0131rd\u0131klar\u0131n\u0131 ifade etti. Kaynaklar operasyonlarda aralar\u0131nda bariz tehlikeli isimlerin bulundu\u011fu bir\u00e7ok ter\u00f6ristin \u00f6ld\u00fcr\u00fcld\u00fc\u011f\u00fcn\u00fc ifade etti.<\/p>\n<p>\u015eam k\u0131rsal\u0131n\u0131n g\u00fcneybat\u0131s\u0131 Han el \u015eiyh B\u00f6lgesinde de d\u00fc\u015fman \u0130srail ile i\u015fbirli\u011fi ve koordinasyon i\u00e7inde faaliyet g\u00f6steren Nusra Cephesi ve m\u00fcttefikleri di\u011fer ter\u00f6ristleri say\u0131 ve ara\u00e7lar\u0131yla a\u011f\u0131r kay\u0131plara u\u011fratan ordu birliklerimiz; karargah ve ara\u00e7lar\u0131n\u0131 da imha etti.<\/p>\n<p>https:\/\/www.youtube.com\/watch?v=qJK-DgkENJ0<\/p>\n<p>M.M. &#8211; R.H.<\/p>\n","protected":false},"excerpt":{"rendered":"<p>\u0130LLER \u2013 Be\u015f y\u0131la yak\u0131n s\u00fcredir T\u00fcrkiye&#8217;deki rejim ve daha ba\u015fka g\u00fc\u00e7lerin destekledikleri tekfirci ter\u00f6r \u00f6rg\u00fctlere kar\u015f\u0131 operasyonlar\u0131n\u0131 ba\u015far\u0131yla s\u00fcrd\u00fcr\u00fcp vatan ve halk\u0131 duyarl\u0131l\u0131kla koruyan ordu birliklerimiz bu g\u00fcn de aralar\u0131nda yabanc\u0131lar\u0131n bulundu\u011fu y\u00fcksek say\u0131da ter\u00f6risti \u00f6ld\u00fcrd\u00fc. LAZK\u0130YE: Ordu birliklerimiz Hava g\u00fc\u00e7lerimizin deste\u011fi ile Lazkiye k\u0131rsal\u0131n\u0131n kuzeyinde T\u00fcrkiye&#8217;deki cani Erdo\u011fan rejiminden destek ve komuta alan &hellip;<\/p>\n","protected":false},"author":1,"featured_media":53459,"comment_status":"closed","ping_status":"closed","sticky":false,"template":"","format":"standard","meta":{"footnotes":""},"categories":[575],"tags":[2695,2930],"class_list":["post-53457","post","type-post","status-publish","format-standard","has-post-thumbnail","","category-olaylar-ve-gercekler","tag-ordu-birliklerimiz","tag-teroristler"],"_links":{"self":[{"href":"https:\/\/archive.sana.sy\/tr\/index.php?rest_route=\/wp\/v2\/posts\/53457","targetHints":{"allow":["GET"]}}],"collection":[{"href":"https:\/\/archive.sana.sy\/tr\/index.php?rest_route=\/wp\/v2\/posts"}],"about":[{"href":"https:\/\/archive.sana.sy\/tr\/index.php?rest_route=\/wp\/v2\/types\/post"}],"author":[{"embeddable":true,"href":"https:\/\/archive.sana.sy\/tr\/index.php?rest_route=\/wp\/v2\/users\/1"}],"replies":[{"embeddable":true,"href":"https:\/\/archive.sana.sy\/tr\/index.php?rest_route=%2Fwp%2Fv2%2Fcomments&post=53457"}],"version-history":[{"count":0,"href":"https:\/\/archive.sana.sy\/tr\/index.php?rest_route=\/wp\/v2\/posts\/53457\/revisions"}],"wp:featuredmedia":[{"embeddable":true,"href":"https:\/\/archive.sana.sy\/tr\/index.php?rest_route=\/wp\/v2\/media\/53459"}],"wp:attachment":[{"href":"https:\/\/archive.sana.sy\/tr\/index.php?rest_route=%2Fwp%2Fv2%2Fmedia&parent=53457"}],"wp:term":[{"taxonomy":"category","embeddable":true,"href":"https:\/\/archive.sana.sy\/tr\/index.php?rest_route=%2Fwp%2Fv2%2Fcategories&post=53457"},{"taxonomy":"post_tag","embeddable":true,"href":"https:\/\/archive.sana.sy\/tr\/index.php?rest_route=%2Fwp%2Fv2%2Ftags&post=53457"}],"curies":[{"name":"wp","href":"https:\/\/api.w.org\/{rel}","templated":true}]}}