{"id":53470,"date":"2015-11-25T13:41:34","date_gmt":"2015-11-25T11:41:34","guid":{"rendered":"http:\/\/www.sana.sy\/tr\/?p=53470"},"modified":"2015-11-25T16:30:30","modified_gmt":"2015-11-25T14:30:30","slug":"merkel-erdogandan-talep-etti","status":"publish","type":"post","link":"https:\/\/archive.sana.sy\/tr\/?p=53470","title":{"rendered":"Merkel Erdo\u011fan\u2019dan Talep Etti"},"content":{"rendered":"<p>BERL\u0130N \u2013 Almanya Ba\u015fbakan\u0131 Angela Merkel Suriye&#8217;deki krizin ancak ve ancak Suriyeliler aras\u0131nda diyalogla m\u00fcmk\u00fcn olabilece\u011fini belirterek, siyasi \u00e7\u00f6z\u00fcm\u00fcn ter\u00f6rle m\u00fccadeleye olumlu katk\u0131 sa\u011flayabilece\u011fini ifade etti.<\/p>\n<p>Almanya Parlamentosunda bug\u00fcn konu\u015fan Merkel; bir s\u00fcre \u00f6nce ABD, Rusya ve daha ba\u015fka devletlerin Avusturya&#8217;n\u0131n ba\u015fkenti Viyana\u2019da yapt\u0131klar\u0131 temaslar\u0131n, T\u00fcrkiye&#8217;nin d\u00fcn Rus sava\u015f u\u00e7a\u011f\u0131n\u0131 d\u00fc\u015f\u00fcrmesi nedeniyle durumlar\u0131n daha geriye gitmeyece\u011fi konusunda umut verici oldu\u011funu s\u00f6yledi.<\/p>\n<p>Merkel T\u00fcrkiye&#8217;de rejim ba\u015fkan\u0131 Recep Tayip Erdo\u011fan\u2019dan durumlar\u0131 karma\u015fal\u0131k ve gerginli\u011fe s\u00fcr\u00fcklememesini talep etti\u011fini belirtti.<\/p>\n<p>15 kas\u0131m tarihinde T\u00fcrkiye&#8217;nin Antalya \u015eehrinde d\u00fczenlenen G-20 Zirvesinde ter\u00f6rle m\u00fccadele \u00f6neminin belirtildi\u011fini ve gerekli mesajlar\u0131n verildi\u011fini ifade eden Merkel; daha ba\u015fka ter\u00f6r \u00f6rg\u00fctlere destek ve finans\u0131n sonland\u0131r\u0131lmas\u0131 gere\u011finin de vurguland\u0131\u011f\u0131na dikkat \u00e7ekti.<\/p>\n","protected":false},"excerpt":{"rendered":"<p>BERL\u0130N \u2013 Almanya Ba\u015fbakan\u0131 Angela Merkel Suriye&#8217;deki krizin ancak ve ancak Suriyeliler aras\u0131nda diyalogla m\u00fcmk\u00fcn olabilece\u011fini belirterek, siyasi \u00e7\u00f6z\u00fcm\u00fcn ter\u00f6rle m\u00fccadeleye olumlu katk\u0131 sa\u011flayabilece\u011fini ifade etti. Almanya Parlamentosunda bug\u00fcn konu\u015fan Merkel; bir s\u00fcre \u00f6nce ABD, Rusya ve daha ba\u015fka devletlerin Avusturya&#8217;n\u0131n ba\u015fkenti Viyana\u2019da yapt\u0131klar\u0131 temaslar\u0131n, T\u00fcrkiye&#8217;nin d\u00fcn Rus sava\u015f u\u00e7a\u011f\u0131n\u0131 d\u00fc\u015f\u00fcrmesi nedeniyle durumlar\u0131n daha geriye &hellip;<\/p>\n","protected":false},"author":1,"featured_media":53475,"comment_status":"closed","ping_status":"closed","sticky":false,"template":"","format":"standard","meta":{"footnotes":""},"categories":[458,459,447,2554,2555],"tags":[16884],"class_list":["post-53470","post","type-post","status-publish","format-standard","has-post-thumbnail","","category-dunya1","category-haberler-arap-uluslararasi-politika","category-politika","category-suriye-ve-dunya","category-suriye-ve-turkiye","tag-almanya-basbakani-angela-merkel"],"_links":{"self":[{"href":"https:\/\/archive.sana.sy\/tr\/index.php?rest_route=\/wp\/v2\/posts\/53470","targetHints":{"allow":["GET"]}}],"collection":[{"href":"https:\/\/archive.sana.sy\/tr\/index.php?rest_route=\/wp\/v2\/posts"}],"about":[{"href":"https:\/\/archive.sana.sy\/tr\/index.php?rest_route=\/wp\/v2\/types\/post"}],"author":[{"embeddable":true,"href":"https:\/\/archive.sana.sy\/tr\/index.php?rest_route=\/wp\/v2\/users\/1"}],"replies":[{"embeddable":true,"href":"https:\/\/archive.sana.sy\/tr\/index.php?rest_route=%2Fwp%2Fv2%2Fcomments&post=53470"}],"version-history":[{"count":0,"href":"https:\/\/archive.sana.sy\/tr\/index.php?rest_route=\/wp\/v2\/posts\/53470\/revisions"}],"wp:featuredmedia":[{"embeddable":true,"href":"https:\/\/archive.sana.sy\/tr\/index.php?rest_route=\/wp\/v2\/media\/53475"}],"wp:attachment":[{"href":"https:\/\/archive.sana.sy\/tr\/index.php?rest_route=%2Fwp%2Fv2%2Fmedia&parent=53470"}],"wp:term":[{"taxonomy":"category","embeddable":true,"href":"https:\/\/archive.sana.sy\/tr\/index.php?rest_route=%2Fwp%2Fv2%2Fcategories&post=53470"},{"taxonomy":"post_tag","embeddable":true,"href":"https:\/\/archive.sana.sy\/tr\/index.php?rest_route=%2Fwp%2Fv2%2Ftags&post=53470"}],"curies":[{"name":"wp","href":"https:\/\/api.w.org\/{rel}","templated":true}]}}