{"id":53482,"date":"2015-11-25T16:50:51","date_gmt":"2015-11-25T14:50:51","guid":{"rendered":"http:\/\/www.sana.sy\/tr\/?p=53482"},"modified":"2015-11-25T16:50:51","modified_gmt":"2015-11-25T14:50:51","slug":"erdogan-guclerinin-dun-tekfirci-teroristlere-desteginin-bir-kaniti-olarak-dusurdukleri-rus-savas-ucaginin-ikinci-pilotu-bugun-olayi-aydinlatan-aciklamalarda-bulundu","status":"publish","type":"post","link":"https:\/\/archive.sana.sy\/tr\/?p=53482","title":{"rendered":"Erdo\u011fan g\u00fc\u00e7lerinin d\u00fcn tekfirci ter\u00f6ristlere deste\u011finin bir kan\u0131t\u0131 olarak d\u00fc\u015f\u00fcrd\u00fckleri Rus sava\u015f u\u00e7a\u011f\u0131n\u0131n ikinci pilotu bug\u00fcn olay\u0131 ayd\u0131nlatan a\u00e7\u0131klamalarda bulundu"},"content":{"rendered":"<p>Erdo\u011fan g\u00fc\u00e7lerinin d\u00fcn tekfirci ter\u00f6ristlere deste\u011finin bir kan\u0131t\u0131 olarak d\u00fc\u015f\u00fcrd\u00fckleri Rus sava\u015f u\u00e7a\u011f\u0131n\u0131n ikinci pilotu bug\u00fcn olay\u0131 ayd\u0131nlatan a\u00e7\u0131klamalarda bulundu<\/p>\n","protected":false},"excerpt":{"rendered":"<p>Erdo\u011fan g\u00fc\u00e7lerinin d\u00fcn tekfirci ter\u00f6ristlere deste\u011finin bir kan\u0131t\u0131 olarak d\u00fc\u015f\u00fcrd\u00fckleri Rus sava\u015f u\u00e7a\u011f\u0131n\u0131n ikinci pilotu bug\u00fcn olay\u0131 ayd\u0131nlatan a\u00e7\u0131klamalarda bulundu<\/p>\n","protected":false},"author":1,"featured_media":0,"comment_status":"closed","ping_status":"closed","sticky":false,"template":"","format":"standard","meta":{"footnotes":""},"categories":[1],"tags":[],"class_list":["post-53482","post","type-post","status-publish","format-standard","","category-news-not-sorted"],"_links":{"self":[{"href":"https:\/\/archive.sana.sy\/tr\/index.php?rest_route=\/wp\/v2\/posts\/53482","targetHints":{"allow":["GET"]}}],"collection":[{"href":"https:\/\/archive.sana.sy\/tr\/index.php?rest_route=\/wp\/v2\/posts"}],"about":[{"href":"https:\/\/archive.sana.sy\/tr\/index.php?rest_route=\/wp\/v2\/types\/post"}],"author":[{"embeddable":true,"href":"https:\/\/archive.sana.sy\/tr\/index.php?rest_route=\/wp\/v2\/users\/1"}],"replies":[{"embeddable":true,"href":"https:\/\/archive.sana.sy\/tr\/index.php?rest_route=%2Fwp%2Fv2%2Fcomments&post=53482"}],"version-history":[{"count":0,"href":"https:\/\/archive.sana.sy\/tr\/index.php?rest_route=\/wp\/v2\/posts\/53482\/revisions"}],"wp:attachment":[{"href":"https:\/\/archive.sana.sy\/tr\/index.php?rest_route=%2Fwp%2Fv2%2Fmedia&parent=53482"}],"wp:term":[{"taxonomy":"category","embeddable":true,"href":"https:\/\/archive.sana.sy\/tr\/index.php?rest_route=%2Fwp%2Fv2%2Fcategories&post=53482"},{"taxonomy":"post_tag","embeddable":true,"href":"https:\/\/archive.sana.sy\/tr\/index.php?rest_route=%2Fwp%2Fv2%2Ftags&post=53482"}],"curies":[{"name":"wp","href":"https:\/\/api.w.org\/{rel}","templated":true}]}}