{"id":53489,"date":"2015-11-25T19:15:57","date_gmt":"2015-11-25T17:15:57","guid":{"rendered":"http:\/\/www.sana.sy\/tr\/?p=53489"},"modified":"2015-11-25T19:15:57","modified_gmt":"2015-11-25T17:15:57","slug":"aksam-saatlerinde-sanaya-aciklama-yapan-askeri-bir-kaynak-ordu-birliklerimizin-halk-savunma-gucleriyle-isbirligi-icinde-homs-kirsalinin-guneydogusu-um-keddum-tepeleri-zahrat-el-sayid-rmeyle","status":"publish","type":"post","link":"https:\/\/archive.sana.sy\/tr\/?p=53489","title":{"rendered":"Ak\u015fam saatlerinde SANA\u2019ya a\u00e7\u0131klama yapan askeri bir kaynak ordu birliklerimizin halk savunma g\u00fc\u00e7leriyle i\u015fbirli\u011fi i\u00e7inde Homs k\u0131rsal\u0131n\u0131n g\u00fcneydo\u011fusu Um Keddum Tepeleri, Zahrat el Sayid, Rmeyle Da\u011f\u0131 ve el Suud Tepelerini tekfirci ter\u00f6ristlerden temizleyerek kontrollerine ge\u00e7irdiklerini belirtti."},"content":{"rendered":"<p>Ak\u015fam saatlerinde SANA\u2019ya a\u00e7\u0131klama yapan askeri bir kaynak ordu birliklerimizin halk savunma g\u00fc\u00e7leriyle i\u015fbirli\u011fi i\u00e7inde Homs k\u0131rsal\u0131n\u0131n g\u00fcneydo\u011fusu Um Keddum Tepeleri, Zahrat el Sayid, Rmeyle Da\u011f\u0131 ve el Suud Tepelerini tekfirci ter\u00f6ristlerden temizleyerek kontrollerine ge\u00e7irdiklerini belirtti.<\/p>\n","protected":false},"excerpt":{"rendered":"<p>Ak\u015fam saatlerinde SANA\u2019ya a\u00e7\u0131klama yapan askeri bir kaynak ordu birliklerimizin halk savunma g\u00fc\u00e7leriyle i\u015fbirli\u011fi i\u00e7inde Homs k\u0131rsal\u0131n\u0131n g\u00fcneydo\u011fusu Um Keddum Tepeleri, Zahrat el Sayid, Rmeyle Da\u011f\u0131 ve el Suud Tepelerini tekfirci ter\u00f6ristlerden temizleyerek kontrollerine ge\u00e7irdiklerini belirtti.<\/p>\n","protected":false},"author":1,"featured_media":0,"comment_status":"closed","ping_status":"closed","sticky":false,"template":"","format":"standard","meta":{"footnotes":""},"categories":[1],"tags":[],"class_list":["post-53489","post","type-post","status-publish","format-standard","","category-news-not-sorted"],"_links":{"self":[{"href":"https:\/\/archive.sana.sy\/tr\/index.php?rest_route=\/wp\/v2\/posts\/53489","targetHints":{"allow":["GET"]}}],"collection":[{"href":"https:\/\/archive.sana.sy\/tr\/index.php?rest_route=\/wp\/v2\/posts"}],"about":[{"href":"https:\/\/archive.sana.sy\/tr\/index.php?rest_route=\/wp\/v2\/types\/post"}],"author":[{"embeddable":true,"href":"https:\/\/archive.sana.sy\/tr\/index.php?rest_route=\/wp\/v2\/users\/1"}],"replies":[{"embeddable":true,"href":"https:\/\/archive.sana.sy\/tr\/index.php?rest_route=%2Fwp%2Fv2%2Fcomments&post=53489"}],"version-history":[{"count":0,"href":"https:\/\/archive.sana.sy\/tr\/index.php?rest_route=\/wp\/v2\/posts\/53489\/revisions"}],"wp:attachment":[{"href":"https:\/\/archive.sana.sy\/tr\/index.php?rest_route=%2Fwp%2Fv2%2Fmedia&parent=53489"}],"wp:term":[{"taxonomy":"category","embeddable":true,"href":"https:\/\/archive.sana.sy\/tr\/index.php?rest_route=%2Fwp%2Fv2%2Fcategories&post=53489"},{"taxonomy":"post_tag","embeddable":true,"href":"https:\/\/archive.sana.sy\/tr\/index.php?rest_route=%2Fwp%2Fv2%2Ftags&post=53489"}],"curies":[{"name":"wp","href":"https:\/\/api.w.org\/{rel}","templated":true}]}}