{"id":53492,"date":"2015-11-25T19:19:22","date_gmt":"2015-11-25T17:19:22","guid":{"rendered":"http:\/\/www.sana.sy\/tr\/?p=53492"},"modified":"2015-11-26T16:26:18","modified_gmt":"2015-11-26T14:26:18","slug":"muallim-moskovada-temaslarda-bulunuyor","status":"publish","type":"post","link":"https:\/\/archive.sana.sy\/tr\/?p=53492","title":{"rendered":"Muallim Moskova\u2019da Temaslarda Bulunuyor"},"content":{"rendered":"<p>MOSKOVA \u2013 Moskova&#8217;ya i\u015f gezisinde bulunan Ba\u015fbakan Yard\u0131mc\u0131s\u0131 D\u0131\u015fi\u015fleri ve Gurbet\u00e7iler Bakan\u0131 Velid el Muallim ter\u00f6rle m\u00fccadeleye ili\u015fkin her konuda Suriye ve Rusya aras\u0131nda tam ve daimi bir koordinasyonun bulundu\u011funu belirtti.<\/p>\n<p><a href=\"http:\/\/www.sana.sy\/tr\/wp-content\/uploads\/2015\/11\/muallim-1.jpg\"><img loading=\"lazy\" decoding=\"async\" class=\"alignright wp-image-53496 \" src=\"http:\/\/www.sana.sy\/tr\/wp-content\/uploads\/2015\/11\/muallim-1-300x142.jpg\" alt=\"muallim 1\" width=\"325\" height=\"154\" srcset=\"https:\/\/archive.sana.sy\/tr\/wp-content\/uploads\/2015\/11\/muallim-1-300x142.jpg 300w, https:\/\/archive.sana.sy\/tr\/wp-content\/uploads\/2015\/11\/muallim-1-150x71.jpg 150w, https:\/\/archive.sana.sy\/tr\/wp-content\/uploads\/2015\/11\/muallim-1-1024x485.jpg 1024w, https:\/\/archive.sana.sy\/tr\/wp-content\/uploads\/2015\/11\/muallim-1.jpg 1748w\" sizes=\"auto, (max-width: 325px) 100vw, 325px\" \/><\/a>Rusya Federasyonu Federal Meclisi Devlet Dumas\u0131 Ba\u015fkan\u0131 Sergey Naryshkin ile bug\u00fcn d\u00fczenledi\u011fi oturumda Muallim; Rus hava g\u00fc\u00e7lerinin iki ayl\u0131k s\u00fcre i\u00e7inde ter\u00f6re kar\u015f\u0131 hava operasyonlar\u0131n\u0131n, ABD ve komutas\u0131ndaki uluslar aras\u0131 koalisyonun 18 ay i\u00e7inde yapt\u0131klar\u0131n\u0131n y\u00fcz kat\u0131 oldu\u011funu s\u00f6yledi. Muallim Rus hava g\u00fc\u00e7lerinin Suriye hava g\u00fc\u00e7leriyle i\u015fbirli\u011fi i\u00e7inde tekfirci ve vatan haini ter\u00f6ristlere y\u00f6nelik hava operasyonlar\u0131nda tekfircilerin \u00e7ald\u0131klar\u0131 Suriye petrol\u00fcn\u00fc ta\u015f\u0131mada kulland\u0131klar\u0131 1000\u2019den fazla yak\u0131t tankeri ve y\u00fczlerce yak\u0131t deposunun imha edildi\u011fini belirtti. Ayn\u0131 zamanda y\u00fczlerce silah ve m\u00fchimmat deposuna ek olarak karargah ve ara\u00e7 konvoylar\u0131n\u0131n imha edildi\u011fini s\u00f6yleyen Muallim, \u00f6ld\u00fcr\u00fclen ter\u00f6ristlerin say\u0131s\u0131n\u0131n da olduk\u00e7a y\u00fcksek oldu\u011funu s\u00f6zlerine ekledi.<\/p>\n<p>I\u015e\u0130D ve di\u011fer ter\u00f6r \u00f6rg\u00fctlerin yok edilmesi ama\u00e7l\u0131 Suriye ve Rusya&#8217;n\u0131n ortak \u00e7abalar\u0131n\u0131n T\u00fcrkiye&#8217;deki rejimi \u00f6fkelendirdi\u011fini belirten Muallim; b\u00f6ylece Suriye semalar\u0131nda Rus bir sava\u015f u\u00e7a\u011f\u0131n\u0131 d\u00fc\u015f\u00fcrerek d\u00fc\u015fmanc\u0131 ve ter\u00f6r\u00fc destekleyen tutumunu bir kez daha net ve a\u00e7\u0131k bir \u015fekilde ortaya serdi\u011fini ifade etti. Muallim tekfirci M\u00fcsl\u00fcman Karde\u015fler ideolojisiyle Suriye&#8217;de ter\u00f6r\u00fc destekleyen Erdo\u011fan rejiminin bu tutumunun pek garipsenmedi\u011fine de i\u015faret etti. Suriye ve Rusya aras\u0131ndaki koordinasyon ve i\u015fbirli\u011fi ile muhtelif adland\u0131rmalar alt\u0131ndaki ter\u00f6r \u00f6rg\u00fctlerin ciddi ve b\u00fcy\u00fck kay\u0131plara u\u011frat\u0131lmalar\u0131n\u0131n yan\u0131nda ter\u00f6ristlerin Suriye&#8217;den \u00e7alarak T\u00fcrkiye&#8217;ye ta\u015f\u0131malar\u0131n\u0131n \u00f6n\u00fc kesilmesiyle Erdo\u011fan rejiminin b\u00fcy\u00fck bir \u00f6fkeye kap\u0131ld\u0131\u011f\u0131na dikkat \u00e7eken Muallim; bunun ve Suriye ordusunun ter\u00f6re kar\u015f\u0131 ilerlemesinden rahats\u0131zl\u0131\u011f\u0131n\u0131 Rus u\u00e7a\u011f\u0131 d\u00fc\u015f\u00fcrmekle g\u00f6sterdi\u011fini ifade etti.<\/p>\n<p><a href=\"http:\/\/www.sana.sy\/tr\/wp-content\/uploads\/2015\/11\/muallim-3.jpg\"><img loading=\"lazy\" decoding=\"async\" class=\"alignright wp-image-53497 size-medium\" src=\"http:\/\/www.sana.sy\/tr\/wp-content\/uploads\/2015\/11\/muallim-3-300x170.jpg\" alt=\"muallim 3\" width=\"300\" height=\"170\" srcset=\"https:\/\/archive.sana.sy\/tr\/wp-content\/uploads\/2015\/11\/muallim-3-300x170.jpg 300w, https:\/\/archive.sana.sy\/tr\/wp-content\/uploads\/2015\/11\/muallim-3-150x85.jpg 150w, https:\/\/archive.sana.sy\/tr\/wp-content\/uploads\/2015\/11\/muallim-3-1024x580.jpg 1024w, https:\/\/archive.sana.sy\/tr\/wp-content\/uploads\/2015\/11\/muallim-3.jpg 1907w\" sizes=\"auto, (max-width: 300px) 100vw, 300px\" \/><\/a>G\u00f6r\u00fc\u015fmede Naryshkin; Suriye&#8217;de ter\u00f6rle m\u00fccadele ve Suriye&#8217;nin her kar\u0131\u015f topra\u011f\u0131n\u0131n ter\u00f6rden temizlenmesinin Rusya&#8217;n\u0131n \u00f6nceli\u011fi oldu\u011funu ve \u00f6nceli\u011fi kalaca\u011f\u0131n\u0131 ifade etti. Naryshkin Duma Meclisinin her daim Suriye&#8217;yi destekledi\u011fini ve desteklemeye de devam edece\u011fini belirtti.<\/p>\n<p>T\u00fcrkiye&#8217;de Erdo\u011fan rejiminin ter\u00f6r\u00fc hedef alan Rus sava\u015f u\u00e7a\u011f\u0131n\u0131 Suriye semalar\u0131nda d\u00fc\u015f\u00fcrmesini keskin bir dille k\u0131nayan Naryshkin; bu gibi davran\u0131\u015flar\u0131n ter\u00f6re te\u015fvik niteli\u011finde oldu\u011funu s\u00f6yledi. Naryshkin u\u00e7a\u011f\u0131 d\u00fc\u015f\u00fcrenlerin cezaland\u0131r\u0131lmas\u0131n\u0131 talep etti.<\/p>\n<p>Naryshkin ile g\u00f6r\u00fc\u015fmesinin ard\u0131ndan Ba\u015fbakan Yard\u0131mc\u0131s\u0131 D\u0131\u015fi\u015fleri ve Gurbet\u00e7iler Bakan\u0131 Muallim; Duma Meclisinde D\u0131\u015f \u0130li\u015fkiler Komitesi Ba\u015fkan\u0131 Alexi Pushkov Suriye&#8217;deki son geli\u015fmeleri masaya yat\u0131rarak ter\u00f6rle m\u00fccadelede iki dost \u00fclke aras\u0131ndaki i\u015fbirli\u011fini g\u00f6r\u00fc\u015ft\u00fc.<\/p>\n","protected":false},"excerpt":{"rendered":"<p>MOSKOVA \u2013 Moskova&#8217;ya i\u015f gezisinde bulunan Ba\u015fbakan Yard\u0131mc\u0131s\u0131 D\u0131\u015fi\u015fleri ve Gurbet\u00e7iler Bakan\u0131 Velid el Muallim ter\u00f6rle m\u00fccadeleye ili\u015fkin her konuda Suriye ve Rusya aras\u0131nda tam ve daimi bir koordinasyonun bulundu\u011funu belirtti. Rusya Federasyonu Federal Meclisi Devlet Dumas\u0131 Ba\u015fkan\u0131 Sergey Naryshkin ile bug\u00fcn d\u00fczenledi\u011fi oturumda Muallim; Rus hava g\u00fc\u00e7lerinin iki ayl\u0131k s\u00fcre i\u00e7inde ter\u00f6re kar\u015f\u0131 hava &hellip;<\/p>\n","protected":false},"author":1,"featured_media":53493,"comment_status":"closed","ping_status":"closed","sticky":false,"template":"","format":"standard","meta":{"footnotes":""},"categories":[458,459,2554,2555],"tags":[17837],"class_list":["post-53492","post","type-post","status-publish","format-standard","has-post-thumbnail","","category-dunya1","category-haberler-arap-uluslararasi-politika","category-suriye-ve-dunya","category-suriye-ve-turkiye","tag-muallim-moskovada-temaslarda-bulunuyor"],"_links":{"self":[{"href":"https:\/\/archive.sana.sy\/tr\/index.php?rest_route=\/wp\/v2\/posts\/53492","targetHints":{"allow":["GET"]}}],"collection":[{"href":"https:\/\/archive.sana.sy\/tr\/index.php?rest_route=\/wp\/v2\/posts"}],"about":[{"href":"https:\/\/archive.sana.sy\/tr\/index.php?rest_route=\/wp\/v2\/types\/post"}],"author":[{"embeddable":true,"href":"https:\/\/archive.sana.sy\/tr\/index.php?rest_route=\/wp\/v2\/users\/1"}],"replies":[{"embeddable":true,"href":"https:\/\/archive.sana.sy\/tr\/index.php?rest_route=%2Fwp%2Fv2%2Fcomments&post=53492"}],"version-history":[{"count":0,"href":"https:\/\/archive.sana.sy\/tr\/index.php?rest_route=\/wp\/v2\/posts\/53492\/revisions"}],"wp:featuredmedia":[{"embeddable":true,"href":"https:\/\/archive.sana.sy\/tr\/index.php?rest_route=\/wp\/v2\/media\/53493"}],"wp:attachment":[{"href":"https:\/\/archive.sana.sy\/tr\/index.php?rest_route=%2Fwp%2Fv2%2Fmedia&parent=53492"}],"wp:term":[{"taxonomy":"category","embeddable":true,"href":"https:\/\/archive.sana.sy\/tr\/index.php?rest_route=%2Fwp%2Fv2%2Fcategories&post=53492"},{"taxonomy":"post_tag","embeddable":true,"href":"https:\/\/archive.sana.sy\/tr\/index.php?rest_route=%2Fwp%2Fv2%2Ftags&post=53492"}],"curies":[{"name":"wp","href":"https:\/\/api.w.org\/{rel}","templated":true}]}}