{"id":53499,"date":"2015-11-25T19:30:47","date_gmt":"2015-11-25T17:30:47","guid":{"rendered":"http:\/\/www.sana.sy\/tr\/?p=53499"},"modified":"2015-11-25T19:30:47","modified_gmt":"2015-11-25T17:30:47","slug":"hicbir-uyari-almadik-turkiye-hava-sahasina-da-kesinlikle-girmedik","status":"publish","type":"post","link":"https:\/\/archive.sana.sy\/tr\/?p=53499","title":{"rendered":"Hi\u00e7bir Uyar\u0131 Almad\u0131k, T\u00fcrkiye Hava Sahas\u0131na da Kesinlikle Girmedik"},"content":{"rendered":"<p>LAZK\u0130YE \u2013 Erdo\u011fan g\u00fc\u00e7lerinin d\u00fcn tekfirci ter\u00f6ristlere deste\u011finin bir kan\u0131t\u0131 olarak d\u00fc\u015f\u00fcrd\u00fckleri Rus sava\u015f u\u00e7a\u011f\u0131n\u0131n ikinci pilotu bug\u00fcn olay\u0131 ayd\u0131nlatan a\u00e7\u0131klamalarda bulundu.<\/p>\n<p>Rus ve Suriyeli \u00f6zel birliklerin d\u00fcn gece Lazkiye k\u0131rsal\u0131nda Erdo\u011fan rejimine tabi \u00e7okuluslu tekfirci ter\u00f6ristlerin bulunduklar\u0131 b\u00f6lgenin 4.5 km derinli\u011fine girerek sa\u011f salim kurtard\u0131klar\u0131 Rus Pilot; hava operasyonu s\u0131ras\u0131nda u\u00e7aklar\u0131n\u0131n kesinlikle T\u00fcrkiye hava sahas\u0131na 1 saniyeli\u011fine bile girmedi\u011fini vurgulad\u0131. Pilot ayr\u0131ca u\u00e7a\u011f\u0131n vurulmadan \u00f6nce T\u00fcrkiye taraf\u0131ndan ne g\u00f6rsel ne de i\u015fitsel hi\u00e7bir uyar\u0131 almad\u0131klar\u0131n\u0131n da alt\u0131n\u0131 \u00e7izdi.<\/p>\n<p>U\u00e7a\u011f\u0131n f\u00fczeyle hedef al\u0131nma an\u0131na kadar operasyon s\u00fcresince her \u015feyin kontrolleri alt\u0131nda oldu\u011funu ve Suriye hava sahas\u0131ndan kesinlikle \u00e7\u0131kmad\u0131klar\u0131n\u0131 belirten Rus pilot; hastaneden \u00e7\u0131kmas\u0131 ard\u0131ndan yeniden g\u00f6revine d\u00f6nme ve komutan\u0131n\u0131n \u00f6c\u00fcn\u00fc ter\u00f6ristlerden almak i\u00e7in sab\u0131rs\u0131zland\u0131\u011f\u0131n\u0131 ifade etti.<\/p>\n","protected":false},"excerpt":{"rendered":"<p>LAZK\u0130YE \u2013 Erdo\u011fan g\u00fc\u00e7lerinin d\u00fcn tekfirci ter\u00f6ristlere deste\u011finin bir kan\u0131t\u0131 olarak d\u00fc\u015f\u00fcrd\u00fckleri Rus sava\u015f u\u00e7a\u011f\u0131n\u0131n ikinci pilotu bug\u00fcn olay\u0131 ayd\u0131nlatan a\u00e7\u0131klamalarda bulundu. Rus ve Suriyeli \u00f6zel birliklerin d\u00fcn gece Lazkiye k\u0131rsal\u0131nda Erdo\u011fan rejimine tabi \u00e7okuluslu tekfirci ter\u00f6ristlerin bulunduklar\u0131 b\u00f6lgenin 4.5 km derinli\u011fine girerek sa\u011f salim kurtard\u0131klar\u0131 Rus Pilot; hava operasyonu s\u0131ras\u0131nda u\u00e7aklar\u0131n\u0131n kesinlikle T\u00fcrkiye hava &hellip;<\/p>\n","protected":false},"author":1,"featured_media":53500,"comment_status":"closed","ping_status":"closed","sticky":false,"template":"","format":"standard","meta":{"footnotes":""},"categories":[479,575,2554,2555,478],"tags":[17838,17839],"class_list":["post-53499","post","type-post","status-publish","format-standard","has-post-thumbnail","","category-haberler-yerel","category-olaylar-ve-gercekler","category-suriye-ve-dunya","category-suriye-ve-turkiye","category-yerel","tag-hicbir-uyari-almadik","tag-turkiye-hava-sahasina-da-kesinlikle-girmedik"],"_links":{"self":[{"href":"https:\/\/archive.sana.sy\/tr\/index.php?rest_route=\/wp\/v2\/posts\/53499","targetHints":{"allow":["GET"]}}],"collection":[{"href":"https:\/\/archive.sana.sy\/tr\/index.php?rest_route=\/wp\/v2\/posts"}],"about":[{"href":"https:\/\/archive.sana.sy\/tr\/index.php?rest_route=\/wp\/v2\/types\/post"}],"author":[{"embeddable":true,"href":"https:\/\/archive.sana.sy\/tr\/index.php?rest_route=\/wp\/v2\/users\/1"}],"replies":[{"embeddable":true,"href":"https:\/\/archive.sana.sy\/tr\/index.php?rest_route=%2Fwp%2Fv2%2Fcomments&post=53499"}],"version-history":[{"count":0,"href":"https:\/\/archive.sana.sy\/tr\/index.php?rest_route=\/wp\/v2\/posts\/53499\/revisions"}],"wp:featuredmedia":[{"embeddable":true,"href":"https:\/\/archive.sana.sy\/tr\/index.php?rest_route=\/wp\/v2\/media\/53500"}],"wp:attachment":[{"href":"https:\/\/archive.sana.sy\/tr\/index.php?rest_route=%2Fwp%2Fv2%2Fmedia&parent=53499"}],"wp:term":[{"taxonomy":"category","embeddable":true,"href":"https:\/\/archive.sana.sy\/tr\/index.php?rest_route=%2Fwp%2Fv2%2Fcategories&post=53499"},{"taxonomy":"post_tag","embeddable":true,"href":"https:\/\/archive.sana.sy\/tr\/index.php?rest_route=%2Fwp%2Fv2%2Ftags&post=53499"}],"curies":[{"name":"wp","href":"https:\/\/api.w.org\/{rel}","templated":true}]}}