{"id":53504,"date":"2015-11-26T10:15:43","date_gmt":"2015-11-26T08:15:43","guid":{"rendered":"http:\/\/www.sana.sy\/tr\/?p=53504"},"modified":"2015-11-26T10:15:43","modified_gmt":"2015-11-26T08:15:43","slug":"onlarca-genc-kahraman-ordu-birliklerimizle-birlikte-omuz-omuza","status":"publish","type":"post","link":"https:\/\/archive.sana.sy\/tr\/?p=53504","title":{"rendered":"Onlarca Gen\u00e7 Kahraman Ordu Birliklerimizle Birlikte Omuz Omuza"},"content":{"rendered":"<p>\u015eAM \u2013 \u015eam K\u0131rsal\u0131nda Sivil toplum \u00f6rg\u00fctleri ve din adamlar\u0131n\u0131n giri\u015fimi ve valili\u011fin denetimi ile Cebel el \u015eeyh b\u00f6lgesi k\u00f6ylerindeki onlarca gen\u00e7, ter\u00f6re kar\u015f\u0131 m\u00fccadelede kahraman ordu birliklerimize takviye g\u00fc\u00e7 sa\u011flamak amac\u0131yla G\u00f6n\u00fcll\u00fc Vatan Savunma Birliklerine kat\u0131ld\u0131lar.<\/p>\n<p>Vatan Savunma Birliklerine kat\u0131lan onlarca gen\u00e7 d\u00fcn aileleriyle birlikte \u015eam K\u0131rsal Kent Valilik binas\u0131 \u00f6n\u00fcnde bir araya gelerek tekfirci ter\u00f6re kar\u015f\u0131 destans\u0131 bir direni\u015f sergileyen kahraman ordu birliklerimize destek sloganlar\u0131 hayk\u0131rd\u0131lar.<\/p>\n<p>\u015eam K\u0131rsal\u0131 Valisi H\u00fcseyin Mahluf, Vatan Savunmas\u0131 Birliklerine kat\u0131lan gen\u00e7lerden ve ailelerinden olu\u015fan bir grubu a\u011f\u0131rlayarak Cebel el \u015eeyh k\u00f6yleri sakinlerinin ter\u00f6re kar\u015f\u0131 vatan savunmas\u0131nda \u00e7ok say\u0131da \u015fehit verdi\u011fine i\u015faret etti.<\/p>\n<p>Cebel el \u015eeyh k\u00f6yleri ve beldeleri sakinlerinin vatanlar\u0131na ve topraklar\u0131na kar\u015f\u0131 sorumluluklar\u0131n\u0131 lay\u0131k\u0131yla omuzlad\u0131klar\u0131na dikkat \u00e7eken Mahluf; Cebel el \u015eeyh gen\u00e7li\u011finin ve b\u00fct\u00fcn \u00fclke gen\u00e7li\u011finin nihai zafere kadar kahraman ordu birliklerimiz ile omuz omuza m\u00fccadeleyi s\u00fcrd\u00fcreceklerini belirtti.<\/p>\n<p>G\u00f6r\u00fc\u015fmeye Baas Partisi \u015eam K\u0131rsal\u0131 Ofisi Sekreteri -Y\u00f6netim Kurulu \u00dcyeleri ve Emniyet M\u00fcd\u00fcr\u00fc kat\u0131ld\u0131.<\/p>\n<p>F.B. &#8211; R.H.<\/p>\n","protected":false},"excerpt":{"rendered":"<p>\u015eAM \u2013 \u015eam K\u0131rsal\u0131nda Sivil toplum \u00f6rg\u00fctleri ve din adamlar\u0131n\u0131n giri\u015fimi ve valili\u011fin denetimi ile Cebel el \u015eeyh b\u00f6lgesi k\u00f6ylerindeki onlarca gen\u00e7, ter\u00f6re kar\u015f\u0131 m\u00fccadelede kahraman ordu birliklerimize takviye g\u00fc\u00e7 sa\u011flamak amac\u0131yla G\u00f6n\u00fcll\u00fc Vatan Savunma Birliklerine kat\u0131ld\u0131lar. Vatan Savunma Birliklerine kat\u0131lan onlarca gen\u00e7 d\u00fcn aileleriyle birlikte \u015eam K\u0131rsal Kent Valilik binas\u0131 \u00f6n\u00fcnde bir araya gelerek &hellip;<\/p>\n","protected":false},"author":1,"featured_media":53507,"comment_status":"closed","ping_status":"closed","sticky":false,"template":"","format":"standard","meta":{"footnotes":""},"categories":[479,478],"tags":[17840],"class_list":["post-53504","post","type-post","status-publish","format-standard","has-post-thumbnail","","category-haberler-yerel","category-yerel","tag-onlarca-genc-kahraman-ordu-birliklerimizle-birlikte-omuz-omuza"],"_links":{"self":[{"href":"https:\/\/archive.sana.sy\/tr\/index.php?rest_route=\/wp\/v2\/posts\/53504","targetHints":{"allow":["GET"]}}],"collection":[{"href":"https:\/\/archive.sana.sy\/tr\/index.php?rest_route=\/wp\/v2\/posts"}],"about":[{"href":"https:\/\/archive.sana.sy\/tr\/index.php?rest_route=\/wp\/v2\/types\/post"}],"author":[{"embeddable":true,"href":"https:\/\/archive.sana.sy\/tr\/index.php?rest_route=\/wp\/v2\/users\/1"}],"replies":[{"embeddable":true,"href":"https:\/\/archive.sana.sy\/tr\/index.php?rest_route=%2Fwp%2Fv2%2Fcomments&post=53504"}],"version-history":[{"count":0,"href":"https:\/\/archive.sana.sy\/tr\/index.php?rest_route=\/wp\/v2\/posts\/53504\/revisions"}],"wp:featuredmedia":[{"embeddable":true,"href":"https:\/\/archive.sana.sy\/tr\/index.php?rest_route=\/wp\/v2\/media\/53507"}],"wp:attachment":[{"href":"https:\/\/archive.sana.sy\/tr\/index.php?rest_route=%2Fwp%2Fv2%2Fmedia&parent=53504"}],"wp:term":[{"taxonomy":"category","embeddable":true,"href":"https:\/\/archive.sana.sy\/tr\/index.php?rest_route=%2Fwp%2Fv2%2Fcategories&post=53504"},{"taxonomy":"post_tag","embeddable":true,"href":"https:\/\/archive.sana.sy\/tr\/index.php?rest_route=%2Fwp%2Fv2%2Ftags&post=53504"}],"curies":[{"name":"wp","href":"https:\/\/api.w.org\/{rel}","templated":true}]}}