{"id":53510,"date":"2015-11-26T13:55:33","date_gmt":"2015-11-26T11:55:33","guid":{"rendered":"http:\/\/www.sana.sy\/tr\/?p=53510"},"modified":"2015-11-26T13:55:33","modified_gmt":"2015-11-26T11:55:33","slug":"ciddiyetsizlik-ve-destek-isidi-dogurdu","status":"publish","type":"post","link":"https:\/\/archive.sana.sy\/tr\/?p=53510","title":{"rendered":"Ciddiyetsizlik ve Destek I\u015e\u0130D\u2019i Do\u011furdu"},"content":{"rendered":"<p>MOSKOVA \u2013 Rusya Federasyonu Ba\u015fkan\u0131 Vladimir Putin kimi devletlerin ter\u00f6rle m\u00fccadeledeki ciddiyetsizlikleri ve ter\u00f6r\u00fc desteklemelerinin I\u015e\u0130D ter\u00f6r \u00f6rg\u00fct\u00fcn\u00fcn ortaya \u00e7\u0131kmas\u0131na yol a\u00e7t\u0131\u011f\u0131n\u0131 belirtti.<\/p>\n<p>Putin bug\u00fcn yapt\u0131\u011f\u0131 a\u00e7\u0131klamada ter\u00f6re kar\u015f\u0131 uluslar aras\u0131 bir koalisyonun te\u015fkil edilmesi ve Rusya&#8217;n\u0131n Suriye&#8217;de ter\u00f6re kar\u015f\u0131 askeri operasyonlar\u0131n\u0131n desteklenmesi umudunu ifade etti.<\/p>\n<p>Rusya&#8217;n\u0131n Suriye&#8217;de ter\u00f6re kar\u015f\u0131 operasyonlar\u0131n\u0131 h\u0131z kesmeden s\u00fcrd\u00fcrece\u011fini belirten Putin; buna e\u015f zamanl\u0131 olarak Viyana\u2019da yap\u0131lan g\u00f6r\u00fc\u015fmeler \u0131\u015f\u0131\u011f\u0131nda siyasi \u00e7\u00f6z\u00fcm \u00e7abalar\u0131n\u0131 da s\u00fcrd\u00fcrece\u011fini vurgulad\u0131.<\/p>\n","protected":false},"excerpt":{"rendered":"<p>MOSKOVA \u2013 Rusya Federasyonu Ba\u015fkan\u0131 Vladimir Putin kimi devletlerin ter\u00f6rle m\u00fccadeledeki ciddiyetsizlikleri ve ter\u00f6r\u00fc desteklemelerinin I\u015e\u0130D ter\u00f6r \u00f6rg\u00fct\u00fcn\u00fcn ortaya \u00e7\u0131kmas\u0131na yol a\u00e7t\u0131\u011f\u0131n\u0131 belirtti. Putin bug\u00fcn yapt\u0131\u011f\u0131 a\u00e7\u0131klamada ter\u00f6re kar\u015f\u0131 uluslar aras\u0131 bir koalisyonun te\u015fkil edilmesi ve Rusya&#8217;n\u0131n Suriye&#8217;de ter\u00f6re kar\u015f\u0131 askeri operasyonlar\u0131n\u0131n desteklenmesi umudunu ifade etti. Rusya&#8217;n\u0131n Suriye&#8217;de ter\u00f6re kar\u015f\u0131 operasyonlar\u0131n\u0131 h\u0131z kesmeden s\u00fcrd\u00fcrece\u011fini belirten &hellip;<\/p>\n","protected":false},"author":1,"featured_media":53513,"comment_status":"closed","ping_status":"closed","sticky":false,"template":"","format":"standard","meta":{"footnotes":""},"categories":[458,459,447,2554,2555],"tags":[16898],"class_list":["post-53510","post","type-post","status-publish","format-standard","has-post-thumbnail","","category-dunya1","category-haberler-arap-uluslararasi-politika","category-politika","category-suriye-ve-dunya","category-suriye-ve-turkiye","tag-rusya-federasyonu-baskani-vladimir-putin"],"_links":{"self":[{"href":"https:\/\/archive.sana.sy\/tr\/index.php?rest_route=\/wp\/v2\/posts\/53510","targetHints":{"allow":["GET"]}}],"collection":[{"href":"https:\/\/archive.sana.sy\/tr\/index.php?rest_route=\/wp\/v2\/posts"}],"about":[{"href":"https:\/\/archive.sana.sy\/tr\/index.php?rest_route=\/wp\/v2\/types\/post"}],"author":[{"embeddable":true,"href":"https:\/\/archive.sana.sy\/tr\/index.php?rest_route=\/wp\/v2\/users\/1"}],"replies":[{"embeddable":true,"href":"https:\/\/archive.sana.sy\/tr\/index.php?rest_route=%2Fwp%2Fv2%2Fcomments&post=53510"}],"version-history":[{"count":0,"href":"https:\/\/archive.sana.sy\/tr\/index.php?rest_route=\/wp\/v2\/posts\/53510\/revisions"}],"wp:featuredmedia":[{"embeddable":true,"href":"https:\/\/archive.sana.sy\/tr\/index.php?rest_route=\/wp\/v2\/media\/53513"}],"wp:attachment":[{"href":"https:\/\/archive.sana.sy\/tr\/index.php?rest_route=%2Fwp%2Fv2%2Fmedia&parent=53510"}],"wp:term":[{"taxonomy":"category","embeddable":true,"href":"https:\/\/archive.sana.sy\/tr\/index.php?rest_route=%2Fwp%2Fv2%2Fcategories&post=53510"},{"taxonomy":"post_tag","embeddable":true,"href":"https:\/\/archive.sana.sy\/tr\/index.php?rest_route=%2Fwp%2Fv2%2Ftags&post=53510"}],"curies":[{"name":"wp","href":"https:\/\/api.w.org\/{rel}","templated":true}]}}