{"id":53512,"date":"2015-11-26T08:52:17","date_gmt":"2015-11-26T06:52:17","guid":{"rendered":"http:\/\/www.sana.sy\/tr\/?p=53512"},"modified":"2015-11-26T14:02:10","modified_gmt":"2015-11-26T12:02:10","slug":"rusyanin-suriyede-terore-karsi-operasyonlarini-hiz-kesmeden-surdurecegini-belirten-putin-buna-es-zamanli-olarak-viyanada-yapilan-gorusmeler-isiginda-siyasi-cozum-cabalarini-da-surdureceg","status":"publish","type":"post","link":"https:\/\/archive.sana.sy\/tr\/?p=53512","title":{"rendered":"Rusya&#8217;n\u0131n Suriye&#8217;de ter\u00f6re kar\u015f\u0131 operasyonlar\u0131n\u0131 h\u0131z kesmeden s\u00fcrd\u00fcrece\u011fini belirten Putin; buna e\u015f zamanl\u0131 olarak Viyana\u2019da yap\u0131lan g\u00f6r\u00fc\u015fmeler \u0131\u015f\u0131\u011f\u0131nda siyasi \u00e7\u00f6z\u00fcm \u00e7abalar\u0131n\u0131 da s\u00fcrd\u00fcrece\u011fini vurgulad\u0131."},"content":{"rendered":"<p>Rusya&#8217;n\u0131n Suriye&#8217;de ter\u00f6re kar\u015f\u0131 operasyonlar\u0131n\u0131 h\u0131z kesmeden s\u00fcrd\u00fcrece\u011fini belirten Putin; buna e\u015f zamanl\u0131 olarak Viyana\u2019da yap\u0131lan g\u00f6r\u00fc\u015fmeler \u0131\u015f\u0131\u011f\u0131nda siyasi \u00e7\u00f6z\u00fcm \u00e7abalar\u0131n\u0131 da s\u00fcrd\u00fcrece\u011fini vurgulad\u0131.<\/p>\n","protected":false},"excerpt":{"rendered":"<p>Rusya&#8217;n\u0131n Suriye&#8217;de ter\u00f6re kar\u015f\u0131 operasyonlar\u0131n\u0131 h\u0131z kesmeden s\u00fcrd\u00fcrece\u011fini belirten Putin; buna e\u015f zamanl\u0131 olarak Viyana\u2019da yap\u0131lan g\u00f6r\u00fc\u015fmeler \u0131\u015f\u0131\u011f\u0131nda siyasi \u00e7\u00f6z\u00fcm \u00e7abalar\u0131n\u0131 da s\u00fcrd\u00fcrece\u011fini vurgulad\u0131.<\/p>\n","protected":false},"author":1,"featured_media":0,"comment_status":"closed","ping_status":"closed","sticky":false,"template":"","format":"standard","meta":{"footnotes":""},"categories":[1],"tags":[],"class_list":["post-53512","post","type-post","status-publish","format-standard","","category-news-not-sorted"],"_links":{"self":[{"href":"https:\/\/archive.sana.sy\/tr\/index.php?rest_route=\/wp\/v2\/posts\/53512","targetHints":{"allow":["GET"]}}],"collection":[{"href":"https:\/\/archive.sana.sy\/tr\/index.php?rest_route=\/wp\/v2\/posts"}],"about":[{"href":"https:\/\/archive.sana.sy\/tr\/index.php?rest_route=\/wp\/v2\/types\/post"}],"author":[{"embeddable":true,"href":"https:\/\/archive.sana.sy\/tr\/index.php?rest_route=\/wp\/v2\/users\/1"}],"replies":[{"embeddable":true,"href":"https:\/\/archive.sana.sy\/tr\/index.php?rest_route=%2Fwp%2Fv2%2Fcomments&post=53512"}],"version-history":[{"count":0,"href":"https:\/\/archive.sana.sy\/tr\/index.php?rest_route=\/wp\/v2\/posts\/53512\/revisions"}],"wp:attachment":[{"href":"https:\/\/archive.sana.sy\/tr\/index.php?rest_route=%2Fwp%2Fv2%2Fmedia&parent=53512"}],"wp:term":[{"taxonomy":"category","embeddable":true,"href":"https:\/\/archive.sana.sy\/tr\/index.php?rest_route=%2Fwp%2Fv2%2Fcategories&post=53512"},{"taxonomy":"post_tag","embeddable":true,"href":"https:\/\/archive.sana.sy\/tr\/index.php?rest_route=%2Fwp%2Fv2%2Ftags&post=53512"}],"curies":[{"name":"wp","href":"https:\/\/api.w.org\/{rel}","templated":true}]}}