{"id":53522,"date":"2015-11-26T14:13:40","date_gmt":"2015-11-26T12:13:40","guid":{"rendered":"http:\/\/www.sana.sy\/tr\/?p=53522"},"modified":"2015-11-26T14:17:12","modified_gmt":"2015-11-26T12:17:12","slug":"suriyeli-kadinlar-bes-yildir-siddetin-en-korkuncuna-maruz-kaliyor","status":"publish","type":"post","link":"https:\/\/archive.sana.sy\/tr\/?p=53522","title":{"rendered":"Suriyeli Kad\u0131nlar Be\u015f Y\u0131ld\u0131r \u015eiddetin En Korkuncuna Maruz Kal\u0131yor"},"content":{"rendered":"<p>\u015eAM \u2013 Suriye Kad\u0131nlar Birli\u011fi Kad\u0131na \u015eiddete Kar\u015f\u0131 D\u00fcnya M\u00fccadele G\u00fcn\u00fc m\u00fcnasebetiyle d\u00fcn BM Temsilcilik Binas\u0131 \u00f6n\u00fcnde d\u00fczenledikleri g\u00f6steride kad\u0131na her t\u00fcrl\u00fc \u015fiddete kar\u015f\u0131 sloganlar\u0131n\u0131 hayk\u0131rd\u0131lar.<\/p>\n<p>G\u00f6sterinin ard\u0131ndan BM\u2019nin \u015eam\u2019da ikame eden temsilcisine teslim edilen beyanda, Suriyeli kad\u0131nlar\u0131n be\u015f y\u0131ld\u0131r \u015fiddetlerin en korkuncuna maruz kald\u0131\u011f\u0131n\u0131 ifade eden Kad\u0131nlar Birli\u011fi; Suriye topraklar\u0131nda d\u0131\u015far\u0131dan destekli silahl\u0131 ter\u00f6r \u00f6rg\u00fctleri arac\u0131l\u0131\u011f\u0131yla kad\u0131na kar\u015f\u0131 fiziksel ve psikolojik bask\u0131lar\u0131n en b\u00fcy\u00fc\u011f\u00fcn\u00fcn uygulanmakta oldu\u011funun alt\u0131n\u0131 \u00e7izdi.<\/p>\n<p>Suriye\u2019de kad\u0131na kar\u015f\u0131 \u015fiddeti \u00f6nlenmesi ve kad\u0131n ticaretine kar\u015f\u0131 m\u00fccadele i\u00e7in uluslararas\u0131 alanda gerekli kanun ve kararlar haz\u0131rlanmas\u0131 \u00e7a\u011fr\u0131s\u0131nda bulunulan Beyanda; Kad\u0131na \u015eiddetle M\u00fccadele G\u00fcn\u00fcn\u00fcn ger\u00e7ek bir anlam kazanmas\u0131 i\u00e7in kad\u0131n\u0131n siyasi, ekonomik, sosyal ve k\u00fclt\u00fcrel haklar\u0131n\u0131n g\u00fcvence alt\u0131nda olmas\u0131 gerekti\u011finin alt\u0131 \u00e7izildi.<\/p>\n<p>Suriye Kad\u0131nlar Birli\u011fi \u015eam Ofisi Y\u00f6netim Kurulu Ba\u015fkan\u0131 Sarya Arafe, BM Temsilcilik Binas\u0131 \u00f6n\u00fcnde d\u00fczenlenen protesto g\u00f6sterisinin Suriyeli kad\u0131nlar\u0131n\u0131 sesini d\u00fcnyaya duyurmay\u0131 ama\u00e7lad\u0131\u011f\u0131na i\u015faret ederek BM\u2019nin Suriyeli kad\u0131nlar\u0131n haklar\u0131n\u0131 korumak i\u00e7in gerekli \u00e7abay\u0131 harcamad\u0131\u011f\u0131na dikkat \u00e7ekti.<\/p>\n<p>https:\/\/www.youtube.com\/watch?v=X6kSphA_e34<\/p>\n<p>F.B.<\/p>\n","protected":false},"excerpt":{"rendered":"<p>\u015eAM \u2013 Suriye Kad\u0131nlar Birli\u011fi Kad\u0131na \u015eiddete Kar\u015f\u0131 D\u00fcnya M\u00fccadele G\u00fcn\u00fc m\u00fcnasebetiyle d\u00fcn BM Temsilcilik Binas\u0131 \u00f6n\u00fcnde d\u00fczenledikleri g\u00f6steride kad\u0131na her t\u00fcrl\u00fc \u015fiddete kar\u015f\u0131 sloganlar\u0131n\u0131 hayk\u0131rd\u0131lar. G\u00f6sterinin ard\u0131ndan BM\u2019nin \u015eam\u2019da ikame eden temsilcisine teslim edilen beyanda, Suriyeli kad\u0131nlar\u0131n be\u015f y\u0131ld\u0131r \u015fiddetlerin en korkuncuna maruz kald\u0131\u011f\u0131n\u0131 ifade eden Kad\u0131nlar Birli\u011fi; Suriye topraklar\u0131nda d\u0131\u015far\u0131dan destekli silahl\u0131 ter\u00f6r &hellip;<\/p>\n","protected":false},"author":1,"featured_media":53523,"comment_status":"closed","ping_status":"closed","sticky":false,"template":"","format":"standard","meta":{"footnotes":""},"categories":[596,526,479,525,538,478],"tags":[],"class_list":["post-53522","post","type-post","status-publish","format-standard","has-post-thumbnail","","category-fotografli-raporlar","category-haber-ve-raporlar","category-haberler-yerel","category-toplum","category-yasam","category-yerel"],"_links":{"self":[{"href":"https:\/\/archive.sana.sy\/tr\/index.php?rest_route=\/wp\/v2\/posts\/53522","targetHints":{"allow":["GET"]}}],"collection":[{"href":"https:\/\/archive.sana.sy\/tr\/index.php?rest_route=\/wp\/v2\/posts"}],"about":[{"href":"https:\/\/archive.sana.sy\/tr\/index.php?rest_route=\/wp\/v2\/types\/post"}],"author":[{"embeddable":true,"href":"https:\/\/archive.sana.sy\/tr\/index.php?rest_route=\/wp\/v2\/users\/1"}],"replies":[{"embeddable":true,"href":"https:\/\/archive.sana.sy\/tr\/index.php?rest_route=%2Fwp%2Fv2%2Fcomments&post=53522"}],"version-history":[{"count":0,"href":"https:\/\/archive.sana.sy\/tr\/index.php?rest_route=\/wp\/v2\/posts\/53522\/revisions"}],"wp:featuredmedia":[{"embeddable":true,"href":"https:\/\/archive.sana.sy\/tr\/index.php?rest_route=\/wp\/v2\/media\/53523"}],"wp:attachment":[{"href":"https:\/\/archive.sana.sy\/tr\/index.php?rest_route=%2Fwp%2Fv2%2Fmedia&parent=53522"}],"wp:term":[{"taxonomy":"category","embeddable":true,"href":"https:\/\/archive.sana.sy\/tr\/index.php?rest_route=%2Fwp%2Fv2%2Fcategories&post=53522"},{"taxonomy":"post_tag","embeddable":true,"href":"https:\/\/archive.sana.sy\/tr\/index.php?rest_route=%2Fwp%2Fv2%2Ftags&post=53522"}],"curies":[{"name":"wp","href":"https:\/\/api.w.org\/{rel}","templated":true}]}}