{"id":53553,"date":"2015-11-26T16:26:34","date_gmt":"2015-11-26T14:26:34","guid":{"rendered":"http:\/\/www.sana.sy\/tr\/?p=53553"},"modified":"2015-11-26T16:42:15","modified_gmt":"2015-11-26T14:42:15","slug":"s-400-sistemi-konuslandirildi","status":"publish","type":"post","link":"https:\/\/archive.sana.sy\/tr\/?p=53553","title":{"rendered":"S-400 Sistemi Konu\u015fland\u0131r\u0131ld\u0131"},"content":{"rendered":"<p>MOSKOVA \u2013 Rusya Savunma Bakanl\u0131\u011f\u0131 Rusya&#8217;n\u0131n Suriye&#8217;nin Lazkiye \u0130li Hmeymim Hava \u00dcss\u00fcnde S-400 hava savunma sistemi konu\u015fland\u0131rd\u0131\u011f\u0131n\u0131 ilan etti.<\/p>\n<p>Rus Savunma Bakanl\u0131\u011f\u0131nda yetkili bir kaynak Sputnik Ajans\u0131n\u0131n aktard\u0131\u011f\u0131 a\u00e7\u0131klamalar\u0131nda; Suriye&#8217;de ter\u00f6re kar\u015f\u0131 sava\u015fan Rus g\u00fc\u00e7lerinin bulundu\u011fu Hmeymim Hava \u00dcss\u00fcne acilen nakledilen S-400 hava savunma sisteminin Lazkiye sahilleri yak\u0131nlar\u0131nda bulunan Mosco Sava\u015f Gemisinde bulunan savunma sistemiyle koordinasyon i\u00e7inde olaca\u011f\u0131n\u0131 belirtti.<\/p>\n<p>Kaynak Rus askeri operasyonlar\u0131n Suriye&#8217;de sona ermesi ard\u0131ndan S-400 sisteminin Rusya&#8217;ya geri al\u0131naca\u011f\u0131n\u0131 s\u00f6yledi.<\/p>\n","protected":false},"excerpt":{"rendered":"<p>MOSKOVA \u2013 Rusya Savunma Bakanl\u0131\u011f\u0131 Rusya&#8217;n\u0131n Suriye&#8217;nin Lazkiye \u0130li Hmeymim Hava \u00dcss\u00fcnde S-400 hava savunma sistemi konu\u015fland\u0131rd\u0131\u011f\u0131n\u0131 ilan etti. Rus Savunma Bakanl\u0131\u011f\u0131nda yetkili bir kaynak Sputnik Ajans\u0131n\u0131n aktard\u0131\u011f\u0131 a\u00e7\u0131klamalar\u0131nda; Suriye&#8217;de ter\u00f6re kar\u015f\u0131 sava\u015fan Rus g\u00fc\u00e7lerinin bulundu\u011fu Hmeymim Hava \u00dcss\u00fcne acilen nakledilen S-400 hava savunma sisteminin Lazkiye sahilleri yak\u0131nlar\u0131nda bulunan Mosco Sava\u015f Gemisinde bulunan savunma sistemiyle &hellip;<\/p>\n","protected":false},"author":1,"featured_media":53559,"comment_status":"closed","ping_status":"closed","sticky":false,"template":"","format":"standard","meta":{"footnotes":""},"categories":[458,459,447,2554,2555],"tags":[17847],"class_list":["post-53553","post","type-post","status-publish","format-standard","has-post-thumbnail","","category-dunya1","category-haberler-arap-uluslararasi-politika","category-politika","category-suriye-ve-dunya","category-suriye-ve-turkiye","tag-s-400-sistemi-konuslandirildi"],"_links":{"self":[{"href":"https:\/\/archive.sana.sy\/tr\/index.php?rest_route=\/wp\/v2\/posts\/53553","targetHints":{"allow":["GET"]}}],"collection":[{"href":"https:\/\/archive.sana.sy\/tr\/index.php?rest_route=\/wp\/v2\/posts"}],"about":[{"href":"https:\/\/archive.sana.sy\/tr\/index.php?rest_route=\/wp\/v2\/types\/post"}],"author":[{"embeddable":true,"href":"https:\/\/archive.sana.sy\/tr\/index.php?rest_route=\/wp\/v2\/users\/1"}],"replies":[{"embeddable":true,"href":"https:\/\/archive.sana.sy\/tr\/index.php?rest_route=%2Fwp%2Fv2%2Fcomments&post=53553"}],"version-history":[{"count":0,"href":"https:\/\/archive.sana.sy\/tr\/index.php?rest_route=\/wp\/v2\/posts\/53553\/revisions"}],"wp:featuredmedia":[{"embeddable":true,"href":"https:\/\/archive.sana.sy\/tr\/index.php?rest_route=\/wp\/v2\/media\/53559"}],"wp:attachment":[{"href":"https:\/\/archive.sana.sy\/tr\/index.php?rest_route=%2Fwp%2Fv2%2Fmedia&parent=53553"}],"wp:term":[{"taxonomy":"category","embeddable":true,"href":"https:\/\/archive.sana.sy\/tr\/index.php?rest_route=%2Fwp%2Fv2%2Fcategories&post=53553"},{"taxonomy":"post_tag","embeddable":true,"href":"https:\/\/archive.sana.sy\/tr\/index.php?rest_route=%2Fwp%2Fv2%2Ftags&post=53553"}],"curies":[{"name":"wp","href":"https:\/\/api.w.org\/{rel}","templated":true}]}}