{"id":53562,"date":"2015-11-26T16:27:41","date_gmt":"2015-11-26T14:27:41","guid":{"rendered":"http:\/\/www.sana.sy\/tr\/?p=53562"},"modified":"2015-11-27T16:38:45","modified_gmt":"2015-11-27T14:38:45","slug":"daha-once-benzeri-gorulmemis-stratejik-bir-surece-giriyor","status":"publish","type":"post","link":"https:\/\/archive.sana.sy\/tr\/?p=53562","title":{"rendered":"Daha \u00d6nce Benzeri G\u00f6r\u00fclmemi\u015f Stratejik Bir S\u00fcrece Giriyor"},"content":{"rendered":"<p>MOSKOVA \u2013 Moskova&#8217;da temaslarda bulunan Ba\u015fbakan Yard\u0131mc\u0131s\u0131 D\u0131\u015fi\u015fleri ve Gurbet\u00e7iler Bakan\u0131 Velid el Muallim; Suriye ve Rusya aras\u0131ndaki ikili ili\u015fkilerin daha \u00f6nce benzeri olmayan stratejik bir s\u00fcrece girdi\u011fini belirtti.<\/p>\n<p><a href=\"http:\/\/www.sana.sy\/tr\/wp-content\/uploads\/2015\/11\/253.jpg\"><img loading=\"lazy\" decoding=\"async\" class=\"alignright wp-image-53566 size-medium\" src=\"http:\/\/www.sana.sy\/tr\/wp-content\/uploads\/2015\/11\/253-300x168.jpg\" alt=\"2\" width=\"300\" height=\"168\" srcset=\"https:\/\/archive.sana.sy\/tr\/wp-content\/uploads\/2015\/11\/253-300x168.jpg 300w, https:\/\/archive.sana.sy\/tr\/wp-content\/uploads\/2015\/11\/253-150x84.jpg 150w, https:\/\/archive.sana.sy\/tr\/wp-content\/uploads\/2015\/11\/253.jpg 660w\" sizes=\"auto, (max-width: 300px) 100vw, 300px\" \/><\/a>Muallim Savunmadan Sorumlu Ba\u015fbakan Yard\u0131mc\u0131s\u0131 Dmitriy Rogozin ile g\u00f6r\u00fc\u015fmesinde iki \u00fclke aras\u0131nda iki \u00fclke ili\u015fkilerinin girdi\u011fi stratejik s\u00fcrecin askeri ve siyasi y\u00f6nlerde kalmay\u0131p ekonomik ve k\u00fclt\u00fcrel y\u00f6nleri de kapsayan \u00e7ok y\u00f6nl\u00fc uzant\u0131lar\u0131 oldu\u011funu ifade etti. Suriye&#8217;nin m\u00fccadelesinde ekonominin temel bir rol oynad\u0131\u011f\u0131n\u0131 belirten Muallim; Suriye Rusya karma h\u00fck\u00fcmet komitesinin en k\u0131sa zaman i\u00e7inde bir araya gelmeye haz\u0131r oldu\u011funu s\u00f6yledi.<\/p>\n<p>Suriye&#8217;nin yeniden yap\u0131lanma s\u00fcrecinde kendisini destekleyen dost devletlerin \u015firketlerine \u00f6ncelik verdi\u011fine i\u015faret eden Muallim; bunun \u0131\u015f\u0131\u011f\u0131nda iki \u00fclke aras\u0131nda ekonomik, bilimsel, teknik, k\u00fclt\u00fcrel ve daha ba\u015fka alanlarda i\u015fbirli\u011fine yo\u011funla\u015fman\u0131n \u00f6nemini belirtti.<\/p>\n<p><a href=\"http:\/\/www.sana.sy\/tr\/wp-content\/uploads\/2015\/11\/334.jpg\"><img loading=\"lazy\" decoding=\"async\" class=\"alignright wp-image-53567 size-medium\" src=\"http:\/\/www.sana.sy\/tr\/wp-content\/uploads\/2015\/11\/334-300x168.jpg\" alt=\"3\" width=\"300\" height=\"168\" srcset=\"https:\/\/archive.sana.sy\/tr\/wp-content\/uploads\/2015\/11\/334-300x168.jpg 300w, https:\/\/archive.sana.sy\/tr\/wp-content\/uploads\/2015\/11\/334-150x84.jpg 150w, https:\/\/archive.sana.sy\/tr\/wp-content\/uploads\/2015\/11\/334.jpg 660w\" sizes=\"auto, (max-width: 300px) 100vw, 300px\" \/><\/a>Suriye Rusya karma h\u00fck\u00fcmet komitesinde Rus taraf ba\u015fkan\u0131 Rogozin Rusya&#8217;n\u0131n Suriye&#8217;ye t\u00fcm y\u00f6nlerde ve sorunlarda destek ve yard\u0131mlar\u0131n\u0131 s\u00fcrd\u00fcrme kararl\u0131l\u0131\u011f\u0131n\u0131 ifade ederken, son g\u00fcnlerde ya\u015fanan geli\u015fmelerin ter\u00f6re kar\u015f\u0131 m\u00fccadelede kimin ciddi oldu\u011funu kan\u0131tlad\u0131\u011f\u0131na i\u015faret etti. Rogozin kimi devletlerin ter\u00f6rle m\u00fccadele etti\u011fini ilan etti\u011fi bir zamanda ger\u00e7ekte ter\u00f6r\u00fc destekledi\u011fine dikkat \u00e7ekerken; T\u00fcrkiye&#8217;deki rejim g\u00fc\u00e7lerinin Lazkiye k\u0131rsal\u0131nda ter\u00f6re kar\u015f\u0131 operasyonda bulunan Rus u\u00e7a\u011f\u0131 d\u00fc\u015f\u00fcrmelerinin tesad\u00fcf olmay\u0131p kas\u0131tl\u0131 ve \u00f6nceden planlanm\u0131\u015f bir provokasyon oldu\u011funun alt\u0131n\u0131 \u00e7izdi.<\/p>\n<p><a href=\"http:\/\/www.sana.sy\/tr\/wp-content\/uploads\/2015\/11\/425.jpg\"><img loading=\"lazy\" decoding=\"async\" class=\"alignright wp-image-53568 size-medium\" src=\"http:\/\/www.sana.sy\/tr\/wp-content\/uploads\/2015\/11\/425-300x168.jpg\" alt=\"4\" width=\"300\" height=\"168\" srcset=\"https:\/\/archive.sana.sy\/tr\/wp-content\/uploads\/2015\/11\/425-300x168.jpg 300w, https:\/\/archive.sana.sy\/tr\/wp-content\/uploads\/2015\/11\/425-150x84.jpg 150w, https:\/\/archive.sana.sy\/tr\/wp-content\/uploads\/2015\/11\/425.jpg 660w\" sizes=\"auto, (max-width: 300px) 100vw, 300px\" \/><\/a>T\u00fcrkiye&#8217;nin bu davran\u0131\u015f\u0131ndan amac\u0131n\u0131n Suriye petrol\u00fcn\u00fc \u00e7al\u0131p T\u00fcrkiye&#8217;ye ak\u0131tan I\u015e\u0130D\u2019i korumak oldu\u011funu belirten Rogozin; Suriye&#8217;den T\u00fcrkiye&#8217;ye ak\u0131t\u0131lan petrol\u00fcn hacmi ve bu petrolden sa\u011flanan milyarlarca dolar\u0131n kime, nereye ve nas\u0131l gitti\u011finin bilindi\u011fine dikkat \u00e7ekti.<\/p>\n<p>Rogozin Suriye Rusya ekonomik bilimsel ve teknik i\u015fbirli\u011fi karma komitesinin yak\u0131n s\u00fcre i\u00e7inde \u015eam\u2019da toplanaca\u011f\u0131n\u0131 ve Suriye&#8217;de yeniden yap\u0131lanma planlar\u0131 \u00fczerine ortak \u00e7al\u0131\u015fmalara odaklanaca\u011f\u0131n\u0131 a\u00e7\u0131klad\u0131.<\/p>\n","protected":false},"excerpt":{"rendered":"<p>MOSKOVA \u2013 Moskova&#8217;da temaslarda bulunan Ba\u015fbakan Yard\u0131mc\u0131s\u0131 D\u0131\u015fi\u015fleri ve Gurbet\u00e7iler Bakan\u0131 Velid el Muallim; Suriye ve Rusya aras\u0131ndaki ikili ili\u015fkilerin daha \u00f6nce benzeri olmayan stratejik bir s\u00fcrece girdi\u011fini belirtti. Muallim Savunmadan Sorumlu Ba\u015fbakan Yard\u0131mc\u0131s\u0131 Dmitriy Rogozin ile g\u00f6r\u00fc\u015fmesinde iki \u00fclke aras\u0131nda iki \u00fclke ili\u015fkilerinin girdi\u011fi stratejik s\u00fcrecin askeri ve siyasi y\u00f6nlerde kalmay\u0131p ekonomik ve k\u00fclt\u00fcrel &hellip;<\/p>\n","protected":false},"author":1,"featured_media":53564,"comment_status":"closed","ping_status":"closed","sticky":false,"template":"","format":"standard","meta":{"footnotes":""},"categories":[458,459,2554,2555],"tags":[17848],"class_list":["post-53562","post","type-post","status-publish","format-standard","has-post-thumbnail","","category-dunya1","category-haberler-arap-uluslararasi-politika","category-suriye-ve-dunya","category-suriye-ve-turkiye","tag-daha-once-benzeri-gorulmemis-stratejik-bir-surece-giriyor"],"_links":{"self":[{"href":"https:\/\/archive.sana.sy\/tr\/index.php?rest_route=\/wp\/v2\/posts\/53562","targetHints":{"allow":["GET"]}}],"collection":[{"href":"https:\/\/archive.sana.sy\/tr\/index.php?rest_route=\/wp\/v2\/posts"}],"about":[{"href":"https:\/\/archive.sana.sy\/tr\/index.php?rest_route=\/wp\/v2\/types\/post"}],"author":[{"embeddable":true,"href":"https:\/\/archive.sana.sy\/tr\/index.php?rest_route=\/wp\/v2\/users\/1"}],"replies":[{"embeddable":true,"href":"https:\/\/archive.sana.sy\/tr\/index.php?rest_route=%2Fwp%2Fv2%2Fcomments&post=53562"}],"version-history":[{"count":0,"href":"https:\/\/archive.sana.sy\/tr\/index.php?rest_route=\/wp\/v2\/posts\/53562\/revisions"}],"wp:featuredmedia":[{"embeddable":true,"href":"https:\/\/archive.sana.sy\/tr\/index.php?rest_route=\/wp\/v2\/media\/53564"}],"wp:attachment":[{"href":"https:\/\/archive.sana.sy\/tr\/index.php?rest_route=%2Fwp%2Fv2%2Fmedia&parent=53562"}],"wp:term":[{"taxonomy":"category","embeddable":true,"href":"https:\/\/archive.sana.sy\/tr\/index.php?rest_route=%2Fwp%2Fv2%2Fcategories&post=53562"},{"taxonomy":"post_tag","embeddable":true,"href":"https:\/\/archive.sana.sy\/tr\/index.php?rest_route=%2Fwp%2Fv2%2Ftags&post=53562"}],"curies":[{"name":"wp","href":"https:\/\/api.w.org\/{rel}","templated":true}]}}