{"id":53603,"date":"2015-11-27T13:36:30","date_gmt":"2015-11-27T11:36:30","guid":{"rendered":"http:\/\/www.sana.sy\/tr\/?p=53603"},"modified":"2015-11-27T13:37:13","modified_gmt":"2015-11-27T11:37:13","slug":"yegane-gercek-guc-suriye-ordusudur","status":"publish","type":"post","link":"https:\/\/archive.sana.sy\/tr\/?p=53603","title":{"rendered":"Yegane Ger\u00e7ek G\u00fc\u00e7 Suriye Ordusudur"},"content":{"rendered":"<p>MOSKOVA \u2013 Rusya Ba\u015fkanl\u0131k Saray\u0131 Kremlin; Ba\u015fkan Vladimir Putin\u2019in Rusya G\u00fcvenlik Konseyi ile bir araya gelerek T\u00fcrkiye&#8217;deki rejimin d\u00fc\u015fmanc\u0131 davran\u0131\u015flar\u0131 \u0131\u015f\u0131\u011f\u0131nda Suriye&#8217;de t\u0131rmanan gerginli\u011fi masaya yat\u0131rd\u0131\u011f\u0131n\u0131 ilan etti.<\/p>\n<p>Kremlin s\u00f6zc\u00fcs\u00fc a\u00e7\u0131klamas\u0131nda bir k\u0131s\u0131m devletlerin I\u015e\u0130D\u2019e kar\u015f\u0131 geni\u015f uluslar aras\u0131 bir ittifaka kat\u0131lmaya haz\u0131r olmad\u0131klar\u0131n\u0131, Rusya&#8217;n\u0131n ise I\u015e\u0130D\u2019e kar\u015f\u0131 her \u015fekilde \u00e7aba harcamaya haz\u0131r oldu\u011funu ifade etti.<\/p>\n<p>Kremlin Suriye&#8217;de I\u015e\u0130D, Kaide \u00d6rg\u00fct\u00fcn\u00fcn Suriye kolu Nusra Cephesi ve daha ba\u015fka ter\u00f6r \u00f6rg\u00fctlere kar\u015f\u0131 karada sava\u015fabilecek yegane ger\u00e7ek g\u00fcc\u00fcn Suriye Arap Cumhuriyeti ordusu oldu\u011funun alt\u0131n\u0131 \u00e7izdi.<\/p>\n<p>R.H.<\/p>\n","protected":false},"excerpt":{"rendered":"<p>MOSKOVA \u2013 Rusya Ba\u015fkanl\u0131k Saray\u0131 Kremlin; Ba\u015fkan Vladimir Putin\u2019in Rusya G\u00fcvenlik Konseyi ile bir araya gelerek T\u00fcrkiye&#8217;deki rejimin d\u00fc\u015fmanc\u0131 davran\u0131\u015flar\u0131 \u0131\u015f\u0131\u011f\u0131nda Suriye&#8217;de t\u0131rmanan gerginli\u011fi masaya yat\u0131rd\u0131\u011f\u0131n\u0131 ilan etti. Kremlin s\u00f6zc\u00fcs\u00fc a\u00e7\u0131klamas\u0131nda bir k\u0131s\u0131m devletlerin I\u015e\u0130D\u2019e kar\u015f\u0131 geni\u015f uluslar aras\u0131 bir ittifaka kat\u0131lmaya haz\u0131r olmad\u0131klar\u0131n\u0131, Rusya&#8217;n\u0131n ise I\u015e\u0130D\u2019e kar\u015f\u0131 her \u015fekilde \u00e7aba harcamaya haz\u0131r oldu\u011funu ifade &hellip;<\/p>\n","protected":false},"author":1,"featured_media":53604,"comment_status":"closed","ping_status":"closed","sticky":false,"template":"","format":"standard","meta":{"footnotes":""},"categories":[458,459,447,2554,2555],"tags":[17856],"class_list":["post-53603","post","type-post","status-publish","format-standard","has-post-thumbnail","","category-dunya1","category-haberler-arap-uluslararasi-politika","category-politika","category-suriye-ve-dunya","category-suriye-ve-turkiye","tag-yegane-gercek-guc-suriye-ordusudur"],"_links":{"self":[{"href":"https:\/\/archive.sana.sy\/tr\/index.php?rest_route=\/wp\/v2\/posts\/53603","targetHints":{"allow":["GET"]}}],"collection":[{"href":"https:\/\/archive.sana.sy\/tr\/index.php?rest_route=\/wp\/v2\/posts"}],"about":[{"href":"https:\/\/archive.sana.sy\/tr\/index.php?rest_route=\/wp\/v2\/types\/post"}],"author":[{"embeddable":true,"href":"https:\/\/archive.sana.sy\/tr\/index.php?rest_route=\/wp\/v2\/users\/1"}],"replies":[{"embeddable":true,"href":"https:\/\/archive.sana.sy\/tr\/index.php?rest_route=%2Fwp%2Fv2%2Fcomments&post=53603"}],"version-history":[{"count":0,"href":"https:\/\/archive.sana.sy\/tr\/index.php?rest_route=\/wp\/v2\/posts\/53603\/revisions"}],"wp:featuredmedia":[{"embeddable":true,"href":"https:\/\/archive.sana.sy\/tr\/index.php?rest_route=\/wp\/v2\/media\/53604"}],"wp:attachment":[{"href":"https:\/\/archive.sana.sy\/tr\/index.php?rest_route=%2Fwp%2Fv2%2Fmedia&parent=53603"}],"wp:term":[{"taxonomy":"category","embeddable":true,"href":"https:\/\/archive.sana.sy\/tr\/index.php?rest_route=%2Fwp%2Fv2%2Fcategories&post=53603"},{"taxonomy":"post_tag","embeddable":true,"href":"https:\/\/archive.sana.sy\/tr\/index.php?rest_route=%2Fwp%2Fv2%2Ftags&post=53603"}],"curies":[{"name":"wp","href":"https:\/\/api.w.org\/{rel}","templated":true}]}}