{"id":53607,"date":"2015-11-27T13:37:35","date_gmt":"2015-11-27T11:37:35","guid":{"rendered":"http:\/\/www.sana.sy\/tr\/?p=53607"},"modified":"2015-11-27T13:37:35","modified_gmt":"2015-11-27T11:37:35","slug":"rusya-disisleri-bakani-sergey-lavrov-mevcut-surec-icinde-terore-karsi-savasta-suriye-ile-isbirligine-ciddi-ve-buyuk-onem-veriyoruz","status":"publish","type":"post","link":"https:\/\/archive.sana.sy\/tr\/?p=53607","title":{"rendered":"Rusya D\u0131\u015fi\u015fleri Bakan\u0131 Sergey Lavrov; mevcut s\u00fcre\u00e7 i\u00e7inde ter\u00f6re kar\u015f\u0131 sava\u015fta Suriye ile i\u015fbirli\u011fine ciddi ve b\u00fcy\u00fck \u00f6nem veriyoruz."},"content":{"rendered":"<p>Rusya D\u0131\u015fi\u015fleri Bakan\u0131 Sergey Lavrov; mevcut s\u00fcre\u00e7 i\u00e7inde ter\u00f6re kar\u015f\u0131 sava\u015fta Suriye ile i\u015fbirli\u011fine ciddi ve b\u00fcy\u00fck \u00f6nem veriyoruz.<\/p>\n","protected":false},"excerpt":{"rendered":"<p>Rusya D\u0131\u015fi\u015fleri Bakan\u0131 Sergey Lavrov; mevcut s\u00fcre\u00e7 i\u00e7inde ter\u00f6re kar\u015f\u0131 sava\u015fta Suriye ile i\u015fbirli\u011fine ciddi ve b\u00fcy\u00fck \u00f6nem veriyoruz.<\/p>\n","protected":false},"author":1,"featured_media":0,"comment_status":"closed","ping_status":"closed","sticky":false,"template":"","format":"standard","meta":{"footnotes":""},"categories":[1],"tags":[17857],"class_list":["post-53607","post","type-post","status-publish","format-standard","","category-news-not-sorted","tag-rusya-disisleri-bakani-sergey-lavrov-mevcut-surec-icinde-terore-karsi-savasta-suriye-ile-isbirligine-ciddi-ve-buyuk-onem-veriyoruz"],"_links":{"self":[{"href":"https:\/\/archive.sana.sy\/tr\/index.php?rest_route=\/wp\/v2\/posts\/53607","targetHints":{"allow":["GET"]}}],"collection":[{"href":"https:\/\/archive.sana.sy\/tr\/index.php?rest_route=\/wp\/v2\/posts"}],"about":[{"href":"https:\/\/archive.sana.sy\/tr\/index.php?rest_route=\/wp\/v2\/types\/post"}],"author":[{"embeddable":true,"href":"https:\/\/archive.sana.sy\/tr\/index.php?rest_route=\/wp\/v2\/users\/1"}],"replies":[{"embeddable":true,"href":"https:\/\/archive.sana.sy\/tr\/index.php?rest_route=%2Fwp%2Fv2%2Fcomments&post=53607"}],"version-history":[{"count":0,"href":"https:\/\/archive.sana.sy\/tr\/index.php?rest_route=\/wp\/v2\/posts\/53607\/revisions"}],"wp:attachment":[{"href":"https:\/\/archive.sana.sy\/tr\/index.php?rest_route=%2Fwp%2Fv2%2Fmedia&parent=53607"}],"wp:term":[{"taxonomy":"category","embeddable":true,"href":"https:\/\/archive.sana.sy\/tr\/index.php?rest_route=%2Fwp%2Fv2%2Fcategories&post=53607"},{"taxonomy":"post_tag","embeddable":true,"href":"https:\/\/archive.sana.sy\/tr\/index.php?rest_route=%2Fwp%2Fv2%2Ftags&post=53607"}],"curies":[{"name":"wp","href":"https:\/\/api.w.org\/{rel}","templated":true}]}}