{"id":53609,"date":"2015-11-27T13:56:45","date_gmt":"2015-11-27T11:56:45","guid":{"rendered":"http:\/\/www.sana.sy\/tr\/?p=53609"},"modified":"2015-11-27T13:56:45","modified_gmt":"2015-11-27T11:56:45","slug":"iside-destek-amacli-askeri-bir-saldiridir","status":"publish","type":"post","link":"https:\/\/archive.sana.sy\/tr\/?p=53609","title":{"rendered":"I\u015e\u0130D\u2019e Destek Ama\u00e7l\u0131 Askeri Bir Sald\u0131r\u0131d\u0131r"},"content":{"rendered":"<p>PRAG \u2013 \u00c7ek Cumhuriyeti Parlamento Ba\u015fkan Yard\u0131mc\u0131s\u0131 Voichikh Philip; T\u00fcrkiye&#8217;deki rejimin Suriye hava sahas\u0131nda Rus bir sava\u015f u\u00e7a\u011f\u0131n\u0131 d\u00fc\u015f\u00fcrmesinin uluslar aras\u0131 kanun ve kararlara ayk\u0131r\u0131 oldu\u011fu gibi I\u015e\u0130D \u00d6rg\u00fct\u00fcne destek ama\u00e7l\u0131 askeri bir sald\u0131r\u0131 niteli\u011finde oldu\u011funu belirtti.<\/p>\n<p>Philip bug\u00fcn yay\u0131nlad\u0131\u011f\u0131 beyanda T\u00fcrkiye&#8217;deki rejimin bu davran\u0131\u015f\u0131n\u0131n, BM misak\u0131 ve kararlar\u0131 kapsam\u0131nda ter\u00f6re kar\u015f\u0131 sava\u015fan bir devlete d\u00fc\u015fmanc\u0131 sald\u0131r\u0131 temsil etti\u011fini belirtti. Rusya&#8217;n\u0131n Suriye&#8217;de be\u015f y\u0131la yak\u0131n s\u00fcredir evrensel bir ter\u00f6re maruz kalan Suriye&#8217;ye destek ama\u00e7l\u0131 operasyonlarda bulundu\u011funa dikkat \u00e7eken Philip; bunun hem BM misak\u0131 kapsam\u0131nda hem de Suriye&#8217;de me\u015fru h\u00fck\u00fcmetin talebi \u00fczerine oldu\u011funun da alt\u0131n\u0131 \u00e7izdi.<\/p>\n<p>Filip T\u00fcrkiye&#8217;nin bu davran\u0131\u015f\u0131n\u0131n BM\u2019de k\u0131nanmas\u0131 gere\u011fine vurgu yaparak, Rusya&#8217;n\u0131n BM misak\u0131n\u0131n 51. Maddesi \u00e7er\u00e7evesinde T\u00fcrkiye&#8217;ye kar\u015f\u0131l\u0131k verme hakk\u0131na dikkat \u00e7ekti.<\/p>\n<p>R.H.<\/p>\n","protected":false},"excerpt":{"rendered":"<p>PRAG \u2013 \u00c7ek Cumhuriyeti Parlamento Ba\u015fkan Yard\u0131mc\u0131s\u0131 Voichikh Philip; T\u00fcrkiye&#8217;deki rejimin Suriye hava sahas\u0131nda Rus bir sava\u015f u\u00e7a\u011f\u0131n\u0131 d\u00fc\u015f\u00fcrmesinin uluslar aras\u0131 kanun ve kararlara ayk\u0131r\u0131 oldu\u011fu gibi I\u015e\u0130D \u00d6rg\u00fct\u00fcne destek ama\u00e7l\u0131 askeri bir sald\u0131r\u0131 niteli\u011finde oldu\u011funu belirtti. Philip bug\u00fcn yay\u0131nlad\u0131\u011f\u0131 beyanda T\u00fcrkiye&#8217;deki rejimin bu davran\u0131\u015f\u0131n\u0131n, BM misak\u0131 ve kararlar\u0131 kapsam\u0131nda ter\u00f6re kar\u015f\u0131 sava\u015fan bir devlete &hellip;<\/p>\n","protected":false},"author":1,"featured_media":53610,"comment_status":"closed","ping_status":"closed","sticky":false,"template":"","format":"standard","meta":{"footnotes":""},"categories":[458,459,447],"tags":[17858],"class_list":["post-53609","post","type-post","status-publish","format-standard","has-post-thumbnail","","category-dunya1","category-haberler-arap-uluslararasi-politika","category-politika","tag-iside-destek-amacli-askeri-bir-saldiridir"],"_links":{"self":[{"href":"https:\/\/archive.sana.sy\/tr\/index.php?rest_route=\/wp\/v2\/posts\/53609","targetHints":{"allow":["GET"]}}],"collection":[{"href":"https:\/\/archive.sana.sy\/tr\/index.php?rest_route=\/wp\/v2\/posts"}],"about":[{"href":"https:\/\/archive.sana.sy\/tr\/index.php?rest_route=\/wp\/v2\/types\/post"}],"author":[{"embeddable":true,"href":"https:\/\/archive.sana.sy\/tr\/index.php?rest_route=\/wp\/v2\/users\/1"}],"replies":[{"embeddable":true,"href":"https:\/\/archive.sana.sy\/tr\/index.php?rest_route=%2Fwp%2Fv2%2Fcomments&post=53609"}],"version-history":[{"count":0,"href":"https:\/\/archive.sana.sy\/tr\/index.php?rest_route=\/wp\/v2\/posts\/53609\/revisions"}],"wp:featuredmedia":[{"embeddable":true,"href":"https:\/\/archive.sana.sy\/tr\/index.php?rest_route=\/wp\/v2\/media\/53610"}],"wp:attachment":[{"href":"https:\/\/archive.sana.sy\/tr\/index.php?rest_route=%2Fwp%2Fv2%2Fmedia&parent=53609"}],"wp:term":[{"taxonomy":"category","embeddable":true,"href":"https:\/\/archive.sana.sy\/tr\/index.php?rest_route=%2Fwp%2Fv2%2Fcategories&post=53609"},{"taxonomy":"post_tag","embeddable":true,"href":"https:\/\/archive.sana.sy\/tr\/index.php?rest_route=%2Fwp%2Fv2%2Ftags&post=53609"}],"curies":[{"name":"wp","href":"https:\/\/api.w.org\/{rel}","templated":true}]}}